{"id":15270,"date":"2024-08-10T00:19:42","date_gmt":"2024-08-09T21:19:42","guid":{"rendered":"https:\/\/yeni.maliyeokulu.org.tr\/?p=15270"},"modified":"2024-08-11T12:00:37","modified_gmt":"2024-08-11T09:00:37","slug":"onursal-genel-baskanimizi-aniyoruz-3","status":"publish","type":"post","link":"https:\/\/yeni.maliyeokulu.org.tr\/?p=15270","title":{"rendered":"Onursal Genel Ba\u015fkan\u0131m\u0131z\u0131 An\u0131yoruz"},"content":{"rendered":"\t\t<div data-elementor-type=\"wp-post\" data-elementor-id=\"15270\" class=\"elementor elementor-15270\" data-elementor-settings=\"{&quot;element_pack_global_tooltip_width&quot;:{&quot;unit&quot;:&quot;px&quot;,&quot;size&quot;:&quot;&quot;,&quot;sizes&quot;:[]},&quot;element_pack_global_tooltip_width_tablet&quot;:{&quot;unit&quot;:&quot;px&quot;,&quot;size&quot;:&quot;&quot;,&quot;sizes&quot;:[]},&quot;element_pack_global_tooltip_width_mobile&quot;:{&quot;unit&quot;:&quot;px&quot;,&quot;size&quot;:&quot;&quot;,&quot;sizes&quot;:[]},&quot;element_pack_global_tooltip_padding&quot;:{&quot;unit&quot;:&quot;px&quot;,&quot;top&quot;:&quot;&quot;,&quot;right&quot;:&quot;&quot;,&quot;bottom&quot;:&quot;&quot;,&quot;left&quot;:&quot;&quot;,&quot;isLinked&quot;:true},&quot;element_pack_global_tooltip_padding_tablet&quot;:{&quot;unit&quot;:&quot;px&quot;,&quot;top&quot;:&quot;&quot;,&quot;right&quot;:&quot;&quot;,&quot;bottom&quot;:&quot;&quot;,&quot;left&quot;:&quot;&quot;,&quot;isLinked&quot;:true},&quot;element_pack_global_tooltip_padding_mobile&quot;:{&quot;unit&quot;:&quot;px&quot;,&quot;top&quot;:&quot;&quot;,&quot;right&quot;:&quot;&quot;,&quot;bottom&quot;:&quot;&quot;,&quot;left&quot;:&quot;&quot;,&quot;isLinked&quot;:true},&quot;element_pack_global_tooltip_border_radius&quot;:{&quot;unit&quot;:&quot;px&quot;,&quot;top&quot;:&quot;&quot;,&quot;right&quot;:&quot;&quot;,&quot;bottom&quot;:&quot;&quot;,&quot;left&quot;:&quot;&quot;,&quot;isLinked&quot;:true},&quot;element_pack_global_tooltip_border_radius_tablet&quot;:{&quot;unit&quot;:&quot;px&quot;,&quot;top&quot;:&quot;&quot;,&quot;right&quot;:&quot;&quot;,&quot;bottom&quot;:&quot;&quot;,&quot;left&quot;:&quot;&quot;,&quot;isLinked&quot;:true},&quot;element_pack_global_tooltip_border_radius_mobile&quot;:{&quot;unit&quot;:&quot;px&quot;,&quot;top&quot;:&quot;&quot;,&quot;right&quot;:&quot;&quot;,&quot;bottom&quot;:&quot;&quot;,&quot;left&quot;:&quot;&quot;,&quot;isLinked&quot;:true}}\" data-elementor-post-type=\"post\">\n\t\t\t\t<div data-particle_enable=\"false\" data-particle-mobile-disabled=\"false\" class=\"elementor-element elementor-element-531144c6 animated-slow e-flex e-con-boxed e-con e-parent\" data-id=\"531144c6\" data-element_type=\"container\" data-settings=\"{&quot;background_background&quot;:&quot;classic&quot;,&quot;animation&quot;:&quot;none&quot;}\">\n\t\t\t\t\t<div class=\"e-con-inner\">\n\t\t<div data-particle_enable=\"false\" data-particle-mobile-disabled=\"false\" class=\"elementor-element elementor-element-3202c24f e-con-full e-flex elementor-invisible e-con e-child\" data-id=\"3202c24f\" data-element_type=\"container\" data-settings=\"{&quot;animation&quot;:&quot;fadeInLeft&quot;,&quot;animation_delay&quot;:500}\">\n\t\t\t\t<div class=\"elementor-element elementor-element-59c5ed elementor-widget elementor-widget-heading\" data-id=\"59c5ed\" data-element_type=\"widget\" data-widget_type=\"heading.default\">\n\t\t\t\t<div class=\"elementor-widget-container\">\n\t\t\t\t\t<h1 class=\"elementor-heading-title elementor-size-default\">Onursal Genel Ba\u015fkan\u0131m\u0131z\u0131 An\u0131yoruz<\/h1>\t\t\t\t<\/div>\n\t\t\t\t<\/div>\n\t\t\t\t<\/div>\n\t\t<div data-particle_enable=\"false\" data-particle-mobile-disabled=\"false\" class=\"elementor-element elementor-element-6d6e49fc e-con-full e-flex elementor-invisible e-con e-child\" data-id=\"6d6e49fc\" data-element_type=\"container\" data-settings=\"{&quot;animation&quot;:&quot;fadeInRight&quot;,&quot;animation_delay&quot;:1000}\">\n\t\t\t\t<div class=\"elementor-element elementor-element-320ce660 e-transform elementor-widget elementor-widget-image\" data-id=\"320ce660\" data-element_type=\"widget\" data-settings=\"{&quot;_transform_scale_effect&quot;:{&quot;unit&quot;:&quot;px&quot;,&quot;size&quot;:1.1999999999999999555910790149937383830547332763671875,&quot;sizes&quot;:[]},&quot;_transform_scale_effect_tablet&quot;:{&quot;unit&quot;:&quot;px&quot;,&quot;size&quot;:&quot;&quot;,&quot;sizes&quot;:[]},&quot;_transform_scale_effect_mobile&quot;:{&quot;unit&quot;:&quot;px&quot;,&quot;size&quot;:&quot;&quot;,&quot;sizes&quot;:[]}}\" data-widget_type=\"image.default\">\n\t\t\t\t<div class=\"elementor-widget-container\">\n\t\t\t\t\t\t\t\t\t\t\t\t\t\t\t<img fetchpriority=\"high\" decoding=\"async\" width=\"300\" height=\"199\" src=\"https:\/\/yeni.maliyeokulu.org.tr\/wp-content\/uploads\/2022\/08\/MKAYA_Anma3-e1693665698555-300x199.png\" class=\"attachment-medium size-medium wp-image-5006\" alt=\"MKAYA Anma3\" srcset=\"https:\/\/yeni.maliyeokulu.org.tr\/wp-content\/uploads\/2022\/08\/MKAYA_Anma3-e1693665698555-300x199.png 300w, https:\/\/yeni.maliyeokulu.org.tr\/wp-content\/uploads\/2022\/08\/MKAYA_Anma3-e1693665698555-768x510.png 768w, https:\/\/yeni.maliyeokulu.org.tr\/wp-content\/uploads\/2022\/08\/MKAYA_Anma3-e1693665698555.png 993w\" sizes=\"(max-width: 300px) 100vw, 300px\" \/>\t\t\t\t\t\t\t\t\t\t\t\t\t\t\t<\/div>\n\t\t\t\t<\/div>\n\t\t\t\t<\/div>\n\t\t\t\t\t<\/div>\n\t\t\t\t<\/div>\n\t\t<div data-particle_enable=\"false\" data-particle-mobile-disabled=\"false\" class=\"elementor-element elementor-element-8c19ca6 e-flex e-con-boxed e-con e-parent\" data-id=\"8c19ca6\" data-element_type=\"container\" data-settings=\"{&quot;background_background&quot;:&quot;classic&quot;}\">\n\t\t\t\t\t<div class=\"e-con-inner\">\n\t\t<div data-particle_enable=\"false\" data-particle-mobile-disabled=\"false\" class=\"elementor-element elementor-element-208d607 e-con-full e-flex e-con e-child\" data-id=\"208d607\" data-element_type=\"container\">\n\t\t\t\t<div class=\"elementor-element elementor-element-aa66200 elementor-widget elementor-widget-text-editor\" data-id=\"aa66200\" data-element_type=\"widget\" data-widget_type=\"text-editor.default\">\n\t\t\t\t<div class=\"elementor-widget-container\">\n\t\t\t\t\t\t\t\t\t<p><span style=\"font-size: 14pt; color: #ffffff;\">12 A\u011fustos 2021 g\u00fcn\u00fc aram\u0131zdan ayr\u0131lan 1962 mezunumuz, Derne\u011fimiz Onursal Genel Ba\u015fkan\u0131 Av. Mehmet Kaya&#8217;y\u0131 vefat\u0131n\u0131n \u00fc\u00e7\u00fcnc\u00fc y\u0131l\u0131nda mezar\u0131 ba\u015f\u0131nda an\u0131yoruz.<\/span><\/p><p><span style=\"color: #ffffff;\"><img decoding=\"async\" style=\"display: block; margin-left: auto; margin-right: auto; margin-top: 3px;\" src=\"https:\/\/yeni.maliyeokulu.org.tr\/wp-content\/uploads\/2024\/08\/MKAYA_Anma_3yil.jpg\" alt=\"MKAYA Anma3\" width=\"600\" height=\"820\" \/><\/span><\/p><p><span style=\"font-size: 14pt; color: #ffffff;\">Onursal Genel Ba\u015fkan\u0131m\u0131z, sayg\u0131de\u011fer a\u011fabeyimiz Av. Mehmet Kaya\u2019n\u0131n ailesi ve sevenlerinin anma \u00e7a\u011fr\u0131s\u0131:<\/span><\/p>\t\t\t\t\t\t\t\t<\/div>\n\t\t\t\t<\/div>\n\t\t<div data-particle_enable=\"false\" data-particle-mobile-disabled=\"false\" class=\"elementor-element elementor-element-3e8ede8 e-flex e-con-boxed e-con e-child\" data-id=\"3e8ede8\" data-element_type=\"container\" data-settings=\"{&quot;background_background&quot;:&quot;classic&quot;}\">\n\t\t\t\t\t<div class=\"e-con-inner\">\n\t\t\t\t<div class=\"elementor-element elementor-element-9f42d32 elementor-widget__width-initial elementor-widget elementor-widget-text-editor\" data-id=\"9f42d32\" data-element_type=\"widget\" data-widget_type=\"text-editor.default\">\n\t\t\t\t<div class=\"elementor-widget-container\">\n\t\t\t\t\t\t\t\t\t<p><strong style=\"font-size: inherit; text-align: inherit; font-style: var(--fontStyle, inherit); letter-spacing: var(--letterSpacing); text-transform: var(--textTransform);\"><span style=\"color: #ffffff;\">Av. Mehmet Kaya\u2019y\u0131 An\u0131yoruz<\/span>&nbsp;&nbsp;<\/strong><\/p>\n<p><span style=\"color: #ffffff;\">12 A\u011fustos 2021\u2019de kaybetti\u011fimiz Onursal Ba\u015fkan\u0131m\u0131z, duayen avukat ve g\u00fczel insan Mehmet Kaya\u2019y\u0131 vefat\u0131n\u0131n 3. y\u0131l\u0131nda, 11 A\u011fustos 2024 Pazar g\u00fcn\u00fc mezunlar\u0131m\u0131zla, sonsuzlu\u011fa u\u011furlad\u0131\u011f\u0131m\u0131z yerde, kabri ba\u015f\u0131nda sevgi ve sayg\u0131 ile hep birlikte anaca\u011f\u0131z.<\/span><\/p>\n<p><span style=\"color: #ffffff;\">Maliye Okulundan Hukuk Fak\u00fcltesine okul arkada\u015flar\u0131, Maliyeden \u00c7elebi Holdinge \u00e7al\u0131\u015fma arkada\u015flar\u0131, vergi denetiminden \u0130stanbul Barosuna meslekta\u015flar\u0131; ailesi ve dostlar\u0131 olarak onu \u00e7ok \u00f6zl\u00fcyoruz.<\/span><\/p>\n<p><span style=\"color: #ffffff;\"><strong>Anma Program\u0131<\/strong><\/span><\/p>\n<table>\n<tbody>\n<tr>\n<td><span style=\"color: #ffffff;\">&nbsp;<strong>Yer:<\/strong><\/span><\/td>\n<td><span style=\"color: #ffffff;\">Ey\u00fcp Mezarl\u0131\u011f\u0131<\/span><\/td>\n<\/tr>\n<tr>\n<td><span style=\"color: #ffffff;\"><strong>&nbsp;Tarih:<\/strong><\/span><\/td>\n<td><span style=\"color: #ffffff;\">&nbsp;11 A\u011fustos 2024 Pazar<\/span><\/td>\n<\/tr>\n<tr>\n<td><span style=\"color: #ffffff;\">&nbsp;<strong>Saat:<\/strong><\/span><\/td>\n<td><span style=\"color: #ffffff;\">11.30- 550 metre mesafedeki Aziyade Bah\u00e7e Camekanl\u0131 b\u00f6l\u00fcmde bulu\u015fma<\/span><br>\n<span style=\"color: #ffffff;\">12.00, Mezar\u0131na \u00e7elenk b\u0131rakma<\/span><\/td>\n<\/tr>\n<tr>\n<td><span style=\"color: #ffffff;\"><strong>&nbsp;Harita:&nbsp;<\/strong><\/span><\/td>\n<td><span style=\"color: #ffffff;\"><img decoding=\"async\" src=\"https:\/\/yeni.maliyeokulu.org.tr\/wp-content\/uploads\/2022\/08\/EyupSultanM.png\" alt=\"Eyup Sultan Mezarl\u0131\u011f\u0131\" width=\"270\" height=\"297\"><\/span><\/td>\n<\/tr>\n<\/tbody>\n<\/table>\n<p><span style=\"color: #ffffff;\"><strong>&nbsp;<\/strong><\/span><\/p>\t\t\t\t\t\t\t\t<\/div>\n\t\t\t\t<\/div>\n\t\t\t\t\t<\/div>\n\t\t\t\t<\/div>\n\t\t\t\t<div class=\"elementor-element elementor-element-f8afef1 elementor-widget elementor-widget-text-editor\" data-id=\"f8afef1\" data-element_type=\"widget\" data-widget_type=\"text-editor.default\">\n\t\t\t\t<div class=\"elementor-widget-container\">\n\t\t\t\t\t\t\t\t\t<table class=\" aligncenter\"><tbody><tr><td><span style=\"color: #ffffff;\">\u00a0Maliye Okulu Mezunlar\u0131 Derne\u011fi Genel Merkez Y\u00f6netim Kurulu<\/span><\/td><td><span style=\"color: #ffffff;\">\u00a0Maliye Okulu Mezunlar\u0131 Derne\u011fi \u0130stanbul \u015eubesi Y\u00f6netim Kurulu<\/span><\/td><\/tr><\/tbody><\/table>\t\t\t\t\t\t\t\t<\/div>\n\t\t\t\t<\/div>\n\t\t\t\t<\/div>\n\t\t\t\t\t<\/div>\n\t\t\t\t<\/div>\n\t\t\t\t<\/div>\n\t\t","protected":false},"excerpt":{"rendered":"<p>12 A\u011fustos 2021 g\u00fcn\u00fc aram\u0131zdan ayr\u0131lan 1962 mezunumuz, Derne\u011fimiz Onursal Genel Ba\u015fkan\u0131 Av. Mehmet Kaya&#8217;y\u0131 vefat\u0131n\u0131n \u00fc\u00e7\u00fcnc\u00fc y\u0131l\u0131nda mezar\u0131 ba\u015f\u0131nda an\u0131yoruz. Onursal Genel Ba\u015fkan\u0131m\u0131z, sayg\u0131de\u011fer a\u011fabeyimiz Av. Mehmet Kaya\u2019n\u0131n ailesi ve sevenlerinin anma \u00e7a\u011fr\u0131s\u0131: Av. Mehmet Kaya\u2019y\u0131 An\u0131yoruz&nbsp;&nbsp; 12 A\u011fustos 2021\u2019de kaybetti\u011fimiz Onursal Ba\u015fkan\u0131m\u0131z, duayen avukat ve g\u00fczel insan Mehmet Kaya\u2019y\u0131 vefat\u0131n\u0131n 3. y\u0131l\u0131nda, 11 [&hellip;]<\/p>\n","protected":false},"author":1,"featured_media":5006,"comment_status":"open","ping_status":"open","sticky":false,"template":"elementor_header_footer","format":"standard","meta":{"_eb_attr":"","_gspb_post_css":"","_crdt_document":"","footnotes":""},"categories":[4,121,5],"tags":[],"class_list":["post-15270","post","type-post","status-publish","format-standard","has-post-thumbnail","hentry","category-haber","category-haber-arsivi","category-son-haberler"],"blocksy_meta":[],"_links":{"self":[{"href":"https:\/\/yeni.maliyeokulu.org.tr\/index.php?rest_route=\/wp\/v2\/posts\/15270","targetHints":{"allow":["GET"]}}],"collection":[{"href":"https:\/\/yeni.maliyeokulu.org.tr\/index.php?rest_route=\/wp\/v2\/posts"}],"about":[{"href":"https:\/\/yeni.maliyeokulu.org.tr\/index.php?rest_route=\/wp\/v2\/types\/post"}],"author":[{"embeddable":true,"href":"https:\/\/yeni.maliyeokulu.org.tr\/index.php?rest_route=\/wp\/v2\/users\/1"}],"replies":[{"embeddable":true,"href":"https:\/\/yeni.maliyeokulu.org.tr\/index.php?rest_route=%2Fwp%2Fv2%2Fcomments&post=15270"}],"version-history":[{"count":23,"href":"https:\/\/yeni.maliyeokulu.org.tr\/index.php?rest_route=\/wp\/v2\/posts\/15270\/revisions"}],"predecessor-version":[{"id":15321,"href":"https:\/\/yeni.maliyeokulu.org.tr\/index.php?rest_route=\/wp\/v2\/posts\/15270\/revisions\/15321"}],"wp:featuredmedia":[{"embeddable":true,"href":"https:\/\/yeni.maliyeokulu.org.tr\/index.php?rest_route=\/wp\/v2\/media\/5006"}],"wp:attachment":[{"href":"https:\/\/yeni.maliyeokulu.org.tr\/index.php?rest_route=%2Fwp%2Fv2%2Fmedia&parent=15270"}],"wp:term":[{"taxonomy":"category","embeddable":true,"href":"https:\/\/yeni.maliyeokulu.org.tr\/index.php?rest_route=%2Fwp%2Fv2%2Fcategories&post=15270"},{"taxonomy":"post_tag","embeddable":true,"href":"https:\/\/yeni.maliyeokulu.org.tr\/index.php?rest_route=%2Fwp%2Fv2%2Ftags&post=15270"}],"curies":[{"name":"wp","href":"https:\/\/api.w.org\/{rel}","templated":true}]}}