{"id":15682,"date":"2024-10-06T23:43:12","date_gmt":"2024-10-06T20:43:12","guid":{"rendered":"https:\/\/yeni.maliyeokulu.org.tr\/?p=15682"},"modified":"2026-04-01T00:25:53","modified_gmt":"2026-03-31T21:25:53","slug":"100-yil-hazirliklari","status":"publish","type":"post","link":"https:\/\/yeni.maliyeokulu.org.tr\/?p=15682","title":{"rendered":"100 Y\u0131l Haz\u0131rl\u0131klar\u0131"},"content":{"rendered":"\t\t<div data-elementor-type=\"wp-post\" data-elementor-id=\"15682\" class=\"elementor elementor-15682\" data-elementor-settings=\"{&quot;element_pack_global_tooltip_width&quot;:{&quot;unit&quot;:&quot;px&quot;,&quot;size&quot;:&quot;&quot;,&quot;sizes&quot;:[]},&quot;element_pack_global_tooltip_width_tablet&quot;:{&quot;unit&quot;:&quot;px&quot;,&quot;size&quot;:&quot;&quot;,&quot;sizes&quot;:[]},&quot;element_pack_global_tooltip_width_mobile&quot;:{&quot;unit&quot;:&quot;px&quot;,&quot;size&quot;:&quot;&quot;,&quot;sizes&quot;:[]},&quot;element_pack_global_tooltip_padding&quot;:{&quot;unit&quot;:&quot;px&quot;,&quot;top&quot;:&quot;&quot;,&quot;right&quot;:&quot;&quot;,&quot;bottom&quot;:&quot;&quot;,&quot;left&quot;:&quot;&quot;,&quot;isLinked&quot;:true},&quot;element_pack_global_tooltip_padding_tablet&quot;:{&quot;unit&quot;:&quot;px&quot;,&quot;top&quot;:&quot;&quot;,&quot;right&quot;:&quot;&quot;,&quot;bottom&quot;:&quot;&quot;,&quot;left&quot;:&quot;&quot;,&quot;isLinked&quot;:true},&quot;element_pack_global_tooltip_padding_mobile&quot;:{&quot;unit&quot;:&quot;px&quot;,&quot;top&quot;:&quot;&quot;,&quot;right&quot;:&quot;&quot;,&quot;bottom&quot;:&quot;&quot;,&quot;left&quot;:&quot;&quot;,&quot;isLinked&quot;:true},&quot;element_pack_global_tooltip_border_radius&quot;:{&quot;unit&quot;:&quot;px&quot;,&quot;top&quot;:&quot;&quot;,&quot;right&quot;:&quot;&quot;,&quot;bottom&quot;:&quot;&quot;,&quot;left&quot;:&quot;&quot;,&quot;isLinked&quot;:true},&quot;element_pack_global_tooltip_border_radius_tablet&quot;:{&quot;unit&quot;:&quot;px&quot;,&quot;top&quot;:&quot;&quot;,&quot;right&quot;:&quot;&quot;,&quot;bottom&quot;:&quot;&quot;,&quot;left&quot;:&quot;&quot;,&quot;isLinked&quot;:true},&quot;element_pack_global_tooltip_border_radius_mobile&quot;:{&quot;unit&quot;:&quot;px&quot;,&quot;top&quot;:&quot;&quot;,&quot;right&quot;:&quot;&quot;,&quot;bottom&quot;:&quot;&quot;,&quot;left&quot;:&quot;&quot;,&quot;isLinked&quot;:true}}\" data-elementor-post-type=\"post\">\n\t\t\t\t<div data-particle_enable=\"false\" data-particle-mobile-disabled=\"false\" class=\"elementor-element elementor-element-66120084 animated-slow e-flex e-con-boxed e-con e-parent\" data-id=\"66120084\" data-element_type=\"container\" data-settings=\"{&quot;background_background&quot;:&quot;gradient&quot;,&quot;shape_divider_bottom&quot;:&quot;opacity-fan&quot;,&quot;animation&quot;:&quot;none&quot;}\">\n\t\t\t\t\t<div class=\"e-con-inner\">\n\t\t\t\t<div class=\"elementor-shape elementor-shape-bottom\" aria-hidden=\"true\" data-negative=\"false\">\n\t\t\t<svg xmlns=\"http:\/\/www.w3.org\/2000\/svg\" viewBox=\"0 0 283.5 19.6\" preserveAspectRatio=\"none\">\n\t<path class=\"elementor-shape-fill\" style=\"opacity:0.33\" d=\"M0 0L0 18.8 141.8 4.1 283.5 18.8 283.5 0z\"\/>\n\t<path class=\"elementor-shape-fill\" style=\"opacity:0.33\" d=\"M0 0L0 12.6 141.8 4 283.5 12.6 283.5 0z\"\/>\n\t<path class=\"elementor-shape-fill\" style=\"opacity:0.33\" d=\"M0 0L0 6.4 141.8 4 283.5 6.4 283.5 0z\"\/>\n\t<path class=\"elementor-shape-fill\" d=\"M0 0L0 1.2 141.8 4 283.5 1.2 283.5 0z\"\/>\n<\/svg>\t\t<\/div>\n\t\t<div data-particle_enable=\"false\" data-particle-mobile-disabled=\"false\" class=\"elementor-element elementor-element-3c8c4f43 e-con-full e-flex elementor-invisible e-con e-child\" data-id=\"3c8c4f43\" data-element_type=\"container\" data-settings=\"{&quot;animation&quot;:&quot;fadeInLeft&quot;,&quot;animation_delay&quot;:500}\">\n\t\t\t\t<div class=\"elementor-element elementor-element-5933d97b elementor-widget elementor-widget-heading\" data-id=\"5933d97b\" data-element_type=\"widget\" data-widget_type=\"heading.default\">\n\t\t\t\t<div class=\"elementor-widget-container\">\n\t\t\t\t\t<h1 class=\"elementor-heading-title elementor-size-default\">Maliye Okulunun Ekonomik ve Toplumsal Ya\u015fant\u0131m\u0131zda Hissedilen Yoklu\u011fu<\/h1>\t\t\t\t<\/div>\n\t\t\t\t<\/div>\n\t\t\t\t<\/div>\n\t\t<div data-particle_enable=\"false\" data-particle-mobile-disabled=\"false\" class=\"elementor-element elementor-element-6c4744a5 e-con-full e-flex elementor-invisible e-con e-child\" data-id=\"6c4744a5\" data-element_type=\"container\" data-settings=\"{&quot;animation&quot;:&quot;fadeInRight&quot;,&quot;animation_delay&quot;:1000}\">\n\t\t\t\t<\/div>\n\t\t\t\t\t<\/div>\n\t\t\t\t<\/div>\n\t\t<div data-particle_enable=\"false\" data-particle-mobile-disabled=\"false\" class=\"elementor-element elementor-element-113db3b9 e-flex e-con-boxed e-con e-parent\" data-id=\"113db3b9\" data-element_type=\"container\">\n\t\t\t\t\t<div class=\"e-con-inner\">\n\t\t\t\t\t<\/div>\n\t\t\t\t<\/div>\n\t\t<div data-particle_enable=\"false\" data-particle-mobile-disabled=\"false\" class=\"elementor-element elementor-element-83625a6 e-con-full e-flex e-con e-parent\" data-id=\"83625a6\" data-element_type=\"container\" data-settings=\"{&quot;background_background&quot;:&quot;gradient&quot;}\">\n\t\t<div data-particle_enable=\"false\" data-particle-mobile-disabled=\"false\" class=\"elementor-element elementor-element-cb4dabd e-flex e-con-boxed e-con e-child\" data-id=\"cb4dabd\" data-element_type=\"container\" data-settings=\"{&quot;background_background&quot;:&quot;gradient&quot;}\">\n\t\t\t\t\t<div class=\"e-con-inner\">\n\t\t<div data-particle_enable=\"false\" data-particle-mobile-disabled=\"false\" class=\"elementor-element elementor-element-a96a53c e-con-full e-flex e-con e-child\" data-id=\"a96a53c\" data-element_type=\"container\">\n\t\t\t\t<div class=\"elementor-element elementor-element-858fb7c elementor-widget elementor-widget-heading\" data-id=\"858fb7c\" data-element_type=\"widget\" data-widget_type=\"heading.default\">\n\t\t\t\t<div class=\"elementor-widget-container\">\n\t\t\t\t\t<h2 class=\"elementor-heading-title elementor-size-default\">OKULUMUZUN KURULU\u015eUNUN 100. YILI<\/h2>\t\t\t\t<\/div>\n\t\t\t\t<\/div>\n\t\t\t\t<div class=\"elementor-element elementor-element-eec7eb8 elementor-widget elementor-widget-image\" data-id=\"eec7eb8\" data-element_type=\"widget\" data-widget_type=\"image.default\">\n\t\t\t\t<div class=\"elementor-widget-container\">\n\t\t\t\t\t\t\t\t\t\t\t\t\t\t\t<img fetchpriority=\"high\" decoding=\"async\" width=\"940\" height=\"788\" src=\"https:\/\/yeni.maliyeokulu.org.tr\/wp-content\/uploads\/2024\/10\/CUMHURIYETIN-OKULU5.png\" class=\"attachment-large size-large wp-image-15788\" alt=\"\" srcset=\"https:\/\/yeni.maliyeokulu.org.tr\/wp-content\/uploads\/2024\/10\/CUMHURIYETIN-OKULU5.png 940w, https:\/\/yeni.maliyeokulu.org.tr\/wp-content\/uploads\/2024\/10\/CUMHURIYETIN-OKULU5-300x251.png 300w, https:\/\/yeni.maliyeokulu.org.tr\/wp-content\/uploads\/2024\/10\/CUMHURIYETIN-OKULU5-768x644.png 768w\" sizes=\"(max-width: 940px) 100vw, 940px\" \/>\t\t\t\t\t\t\t\t\t\t\t\t\t\t\t<\/div>\n\t\t\t\t<\/div>\n\t\t\t\t<\/div>\n\t\t\t\t\t<\/div>\n\t\t\t\t<\/div>\n\t\t\t\t<\/div>\n\t\t\t\t\t<script>\n\t\t\t\t(function($) {\n                    \"use strict\";\n\n                    var target = $('.elementor-element-83625a6');\n                    target.addClass('e-lazyloaded');\n\n                    \n                    var EaelParallaxElement = {\n\n\t\t\t\t\t\tinit: function() {\n\t\t\t\t\t\t\telementorFrontend.hooks.addAction('frontend\/element_ready\/global', EaelParallaxElement.initWidget);\n\t\t\t\t\t\t},\n                        responsiveParallax: function(){\n                            var android = 1,\n                                ios = 1;\n                            switch( true || 1 ){\n                                case android && ios:\n                                    return \/iPad|iPhone|iPod|Android\/;\n                                    break;\n                                case android && ! ios:\n                                    return \/Android\/;\n                                    break;\n                                case ! android && ios:\n                                    return \/iPad|iPhone|iPod\/;\n                                    break;\n                                case ( ! android && ! ios ):\n                                    return null;\n                            }\n                        },\n\t\t\t\t\t\tinitWidget: function( $scope ) {\n\n\t\t\t\t\t\t\ttarget.jarallax({\n\t\t\t\t\t\t\t\ttype: 'scroll-opacity',\n\t\t\t\t\t\t\t\tspeed: 1.3,\n\t\t\t\t\t\t\t\tkeepImg: true,\n                                disableParallax: EaelParallaxElement.responsiveParallax(),\n\t\t\t\t\t\t\t});\n\t\t\t\t\t\t}\n\n\t\t\t\t\t};\n\n\t\t\t\t\t$( window ).on('elementor\/frontend\/init', EaelParallaxElement.init);\n\n                    \t\t\t\t}( jQuery ) );\n\t\t\t<\/script>\n\t\t<div data-particle_enable=\"false\" data-particle-mobile-disabled=\"false\" class=\"elementor-element elementor-element-72e3c186 e-flex e-con-boxed e-con e-parent\" data-id=\"72e3c186\" data-element_type=\"container\" data-settings=\"{&quot;background_background&quot;:&quot;gradient&quot;}\">\n\t\t\t\t\t<div class=\"e-con-inner\">\n\t\t<div data-particle_enable=\"false\" data-particle-mobile-disabled=\"false\" class=\"elementor-element elementor-element-23c79140 e-flex e-con-boxed e-con e-child\" data-id=\"23c79140\" data-element_type=\"container\">\n\t\t\t\t\t<div class=\"e-con-inner\">\n\t\t\t\t<div class=\"elementor-element elementor-element-6e6c285a elementor-widget elementor-widget-heading\" data-id=\"6e6c285a\" data-element_type=\"widget\" data-widget_type=\"heading.default\">\n\t\t\t\t<div class=\"elementor-widget-container\">\n\t\t\t\t\t<h2 class=\"elementor-heading-title elementor-size-default\">HABER AR\u015e\u0130V\u0130<\/h2>\t\t\t\t<\/div>\n\t\t\t\t<\/div>\n\t\t\t\t<div class=\"elementor-element elementor-element-6925e94 elementor-align-left elementor-widget elementor-widget-bdt-post-slider\" data-id=\"6925e94\" data-element_type=\"widget\" data-widget_type=\"bdt-post-slider.default\">\n\t\t\t\t<div class=\"elementor-widget-container\">\n\t\t\t\t\t\t\t<div id=\"bdt-post-slider-6925e94\" class=\"bdt-post-slider skin-default\" data-bdt-slideshow=\"{&quot;animation&quot;:&quot;fade&quot;,&quot;autoplay&quot;:&quot;yes&quot;,&quot;autoplay-interval&quot;:4000,&quot;pause-on-hover&quot;:&quot;false&quot;,&quot;velocity&quot;:1}\">\n\t\t\t<div class=\"bdt-slideshow-items\">\n\t\t\t\t\t<div class=\"bdt-slideshow-item bdt-post-slider-item\">\n\t\t\t\t\t\t\t<img decoding=\"async\" width=\"1152\" height=\"768\" src=\"https:\/\/yeni.maliyeokulu.org.tr\/wp-content\/uploads\/2009\/09\/1mayis1.jpg\" class=\"attachment-full size-full\" alt=\"1 May\u0131s \u0130\u015f\u00e7i Bayram\u0131\" data-bdt-cover=\"1\" srcset=\"https:\/\/yeni.maliyeokulu.org.tr\/wp-content\/uploads\/2009\/09\/1mayis1.jpg 1152w, https:\/\/yeni.maliyeokulu.org.tr\/wp-content\/uploads\/2009\/09\/1mayis1-300x200.jpg 300w, https:\/\/yeni.maliyeokulu.org.tr\/wp-content\/uploads\/2009\/09\/1mayis1-1024x683.jpg 1024w, https:\/\/yeni.maliyeokulu.org.tr\/wp-content\/uploads\/2009\/09\/1mayis1-768x512.jpg 768w\" sizes=\"(max-width: 1152px) 100vw, 1152px\" \/>\t\t\t\t\t\t\t<div class=\"bdt-post-slider-content-wrap bdt-position-center bdt-position-z-index\">\n\t\t\t\t<div class=\"bdt-post-slider-content\">\n\n\t\t\t\t\t\t\t\t\t\t\t<div class=\"bdt-post-slider-tag-wrap\" data-bdt-slideshow-parallax=\"x: 150, -150\">\n\t\t\t\t\t\t\t\t\t\t\t\t\t<\/div>\n\t\t\t\t\t\t\t<div class=\"bdt-post-slider-title-wrap\" data-bdt-slideshow-parallax=\"x: 200,-200\">\n\t\t\t<a href=\"https:\/\/yeni.maliyeokulu.org.tr\/?p=22178\">\n\t\t\t\t<h1 class=\"bdt-post-slider-title bdt-margin-remove-bottom\">\n\t\t\t\t\t1 May\u0131s \u0130\u015f\u00e7i Bayram\u0131\t\t\t\t<\/h1>\n\t\t\t<\/a>\n\t\t<\/div>\n\t\t\t<div class=\"bdt-post-slider-text bdt-visible@m\" data-bdt-slideshow-parallax=\"x: 300,-300\">\n\t\t\t<p>1 May\u0131s \u0130\u015f\u00e7\u0130 Bayram\u0131 1 May\u0131s \u0130\u015f\u00e7\u0130 ve Emek\u00e7\u0130 Bayram\u0131n\u0131z Kutlu Olsun<\/p>\n\t\t<\/div>\n\t\n\t\t\t\t\t\n\t\t\t\t<\/div>\n\t\t\t<\/div>\n\n\t\t\t\t\t\t\t<div class=\"bdt-overlay-default bdt-position-cover\"><\/div>\n\t\t\t\t\t<\/div>\n\t\t\t<div class=\"bdt-slideshow-item bdt-post-slider-item\">\n\t\t\t\t\t\t\t<img decoding=\"async\" width=\"1357\" height=\"1920\" src=\"https:\/\/yeni.maliyeokulu.org.tr\/wp-content\/uploads\/2026\/04\/MO_Kinama2.jpg\" class=\"attachment-full size-full\" alt=\"K\u0131nama\" data-bdt-cover=\"1\" srcset=\"https:\/\/yeni.maliyeokulu.org.tr\/wp-content\/uploads\/2026\/04\/MO_Kinama2.jpg 1357w, https:\/\/yeni.maliyeokulu.org.tr\/wp-content\/uploads\/2026\/04\/MO_Kinama2-212x300.jpg 212w, https:\/\/yeni.maliyeokulu.org.tr\/wp-content\/uploads\/2026\/04\/MO_Kinama2-724x1024.jpg 724w, https:\/\/yeni.maliyeokulu.org.tr\/wp-content\/uploads\/2026\/04\/MO_Kinama2-768x1087.jpg 768w, https:\/\/yeni.maliyeokulu.org.tr\/wp-content\/uploads\/2026\/04\/MO_Kinama2-1086x1536.jpg 1086w\" sizes=\"(max-width: 1357px) 100vw, 1357px\" \/>\t\t\t\t\t\t\t<div class=\"bdt-post-slider-content-wrap bdt-position-center bdt-position-z-index\">\n\t\t\t\t<div class=\"bdt-post-slider-content\">\n\n\t\t\t\t\t\t\t\t\t\t\t<div class=\"bdt-post-slider-tag-wrap\" data-bdt-slideshow-parallax=\"x: 150, -150\">\n\t\t\t\t\t\t\t<span class=\"bdt-background-primary\"><a href=\"https:\/\/yeni.maliyeokulu.org.tr\/?tag=gundem\" rel=\"tag\">G\u00fcndem<\/a><\/span>\t\t\t\t\t\t<\/div>\n\t\t\t\t\t\t\t<div class=\"bdt-post-slider-title-wrap\" data-bdt-slideshow-parallax=\"x: 200,-200\">\n\t\t\t<a href=\"https:\/\/yeni.maliyeokulu.org.tr\/?p=22026\">\n\t\t\t\t<h1 class=\"bdt-post-slider-title bdt-margin-remove-bottom\">\n\t\t\t\t\tK\u0131nama\t\t\t\t<\/h1>\n\t\t\t<\/a>\n\t\t<\/div>\n\t\t\t<div class=\"bdt-post-slider-text bdt-visible@m\" data-bdt-slideshow-parallax=\"x: 300,-300\">\n\t\t\t<p>HABER AR\u015e\u0130V\u0130<\/p>\n\t\t<\/div>\n\t\n\t\t\t\t\t\n\t\t\t\t<\/div>\n\t\t\t<\/div>\n\n\t\t\t\t\t\t\t<div class=\"bdt-overlay-default bdt-position-cover\"><\/div>\n\t\t\t\t\t<\/div>\n\t\t\t<div class=\"bdt-slideshow-item bdt-post-slider-item\">\n\t\t\t\t\t\t\t<img loading=\"lazy\" decoding=\"async\" width=\"915\" height=\"948\" src=\"https:\/\/yeni.maliyeokulu.org.tr\/wp-content\/uploads\/2025\/11\/obozkurt.jpg\" class=\"attachment-full size-full\" alt=\"Osman Bozkurt&#8217;u And\u0131k\" data-bdt-cover=\"1\" srcset=\"https:\/\/yeni.maliyeokulu.org.tr\/wp-content\/uploads\/2025\/11\/obozkurt.jpg 915w, https:\/\/yeni.maliyeokulu.org.tr\/wp-content\/uploads\/2025\/11\/obozkurt-290x300.jpg 290w, https:\/\/yeni.maliyeokulu.org.tr\/wp-content\/uploads\/2025\/11\/obozkurt-768x796.jpg 768w\" sizes=\"(max-width: 915px) 100vw, 915px\" \/>\t\t\t\t\t\t\t<div class=\"bdt-post-slider-content-wrap bdt-position-center bdt-position-z-index\">\n\t\t\t\t<div class=\"bdt-post-slider-content\">\n\n\t\t\t\t\t\t\t\t\t\t\t<div class=\"bdt-post-slider-tag-wrap\" data-bdt-slideshow-parallax=\"x: 150, -150\">\n\t\t\t\t\t\t\t<span class=\"bdt-background-primary\"><a href=\"https:\/\/yeni.maliyeokulu.org.tr\/?tag=anma\" rel=\"tag\">Anma<\/a><\/span>\t\t\t\t\t\t<\/div>\n\t\t\t\t\t\t\t<div class=\"bdt-post-slider-title-wrap\" data-bdt-slideshow-parallax=\"x: 200,-200\">\n\t\t\t<a href=\"https:\/\/yeni.maliyeokulu.org.tr\/?p=22051\">\n\t\t\t\t<h1 class=\"bdt-post-slider-title bdt-margin-remove-bottom\">\n\t\t\t\t\tOsman Bozkurt&#8217;u And\u0131k\t\t\t\t<\/h1>\n\t\t\t<\/a>\n\t\t<\/div>\n\t\t\t<div class=\"bdt-post-slider-text bdt-visible@m\" data-bdt-slideshow-parallax=\"x: 300,-300\">\n\t\t\t<p>Ankara 1973 d\u00f6nemi mezunumuz Osman Bozkurt, aram\u0131zdan ayr\u0131l\u0131\u015f\u0131n\u0131n 1. y\u0131ld\u00f6n\u00fcm\u00fcnde Derne\u011fimiz, T\u00fcrkiye Yazarlar Sendikas\u0131, T\u00fcrkiye Yazarlar Vakf\u0131, Artvinliler Hizmet Vakf\u0131 ve \u0130stanbul Ardanu\u00e7lular Derne\u011finin kat\u0131l\u0131mlar\u0131 ile<\/p>\n\t\t<\/div>\n\t\n\t\t\t\t\t\n\t\t\t\t<\/div>\n\t\t\t<\/div>\n\n\t\t\t\t\t\t\t<div class=\"bdt-overlay-default bdt-position-cover\"><\/div>\n\t\t\t\t\t<\/div>\n\t\t\t<div class=\"bdt-slideshow-item bdt-post-slider-item\">\n\t\t\t\t\t\t\t<img loading=\"lazy\" decoding=\"async\" width=\"1080\" height=\"1920\" src=\"https:\/\/yeni.maliyeokulu.org.tr\/wp-content\/uploads\/2026\/04\/AvukatlikGunu_2026.jpg\" class=\"attachment-full size-full\" alt=\"D\u00fcnya Avukatlar G\u00fcn\u00fc\" data-bdt-cover=\"1\" srcset=\"https:\/\/yeni.maliyeokulu.org.tr\/wp-content\/uploads\/2026\/04\/AvukatlikGunu_2026.jpg 1080w, https:\/\/yeni.maliyeokulu.org.tr\/wp-content\/uploads\/2026\/04\/AvukatlikGunu_2026-169x300.jpg 169w, https:\/\/yeni.maliyeokulu.org.tr\/wp-content\/uploads\/2026\/04\/AvukatlikGunu_2026-576x1024.jpg 576w, https:\/\/yeni.maliyeokulu.org.tr\/wp-content\/uploads\/2026\/04\/AvukatlikGunu_2026-768x1365.jpg 768w, https:\/\/yeni.maliyeokulu.org.tr\/wp-content\/uploads\/2026\/04\/AvukatlikGunu_2026-864x1536.jpg 864w\" sizes=\"(max-width: 1080px) 100vw, 1080px\" \/>\t\t\t\t\t\t\t<div class=\"bdt-post-slider-content-wrap bdt-position-center bdt-position-z-index\">\n\t\t\t\t<div class=\"bdt-post-slider-content\">\n\n\t\t\t\t\t\t\t\t\t\t\t<div class=\"bdt-post-slider-tag-wrap\" data-bdt-slideshow-parallax=\"x: 150, -150\">\n\t\t\t\t\t\t\t<span class=\"bdt-background-primary\"><a href=\"https:\/\/yeni.maliyeokulu.org.tr\/?tag=gundem\" rel=\"tag\">G\u00fcndem<\/a><\/span> <span class=\"bdt-background-primary\"><a href=\"https:\/\/yeni.maliyeokulu.org.tr\/?tag=kutlama\" rel=\"tag\">Kutlama<\/a><\/span>\t\t\t\t\t\t<\/div>\n\t\t\t\t\t\t\t<div class=\"bdt-post-slider-title-wrap\" data-bdt-slideshow-parallax=\"x: 200,-200\">\n\t\t\t<a href=\"https:\/\/yeni.maliyeokulu.org.tr\/?p=21663\">\n\t\t\t\t<h1 class=\"bdt-post-slider-title bdt-margin-remove-bottom\">\n\t\t\t\t\tD\u00fcnya Avukatlar G\u00fcn\u00fc\t\t\t\t<\/h1>\n\t\t\t<\/a>\n\t\t<\/div>\n\t\t\t<div class=\"bdt-post-slider-text bdt-visible@m\" data-bdt-slideshow-parallax=\"x: 300,-300\">\n\t\t\t<p>HABER AR\u015e\u0130V\u0130<\/p>\n\t\t<\/div>\n\t\n\t\t\t\t\t\n\t\t\t\t<\/div>\n\t\t\t<\/div>\n\n\t\t\t\t\t\t\t<div class=\"bdt-overlay-default bdt-position-cover\"><\/div>\n\t\t\t\t\t<\/div>\n\t\t\t\t<\/div>\n\t\t\t\t\t<div id=\"6925e94_nav\" class=\"bdt-post-slider-pagination bdt-position-bottom-center\">\n\t\t\t<ul class=\"bdt-thumbnav bdt-grid bdt-grid-small bdt-child-width-auto bdt-child-width-1-4@m bdt-flex-center\" data-bdt-grid>\n\n\t\t\t\t\t\t\t\t\t<li data-bdt-slideshow-item=\"0\">\n\t\t\t\t\t\t<div class=\"bdt-post-slider-pagination-item\">\n\t\t\t\t\t\t\t<a href=\"#\">\n\t\t\t\t\t\t\t\t<div class=\"bdt-flex bdt-flex-middle bdt-text-left\">\n\t\t\t\t\t\t\t\t\t\t\t\t\t\t\t\t\t\t\t<div class=\"bdt-width-auto bdt-post-slider-thumb-wrap\">\n\t\t\t\t\t\t\t\t\t\t\t<img loading=\"lazy\" decoding=\"async\" width=\"150\" height=\"150\" src=\"https:\/\/yeni.maliyeokulu.org.tr\/wp-content\/uploads\/2009\/09\/1mayis1-150x150.jpg\" class=\"attachment-thumbnail size-thumbnail\" alt=\"1 May\u0131s \u0130\u015f\u00e7i Bayram\u0131\" \/>\t\t\t\t\t\t\t\t\t\t<\/div>\n\t\t\t\t\t\t\t\t\t\t\t\t\t\t\t\t\t\t<div class=\"bdt-margin-small-left bdt-visible@m\">\n\t\t\t\t\t\t\t\t\t\t<h6 class=\"bdt-margin-remove-bottom thumb-title-default-skin\">\n\t\t\t\t\t\t\t\t\t\t\t1 May\u0131s \u0130\u015f\u00e7i Bayram\u0131\t\t\t\t\t\t\t\t\t\t<\/h6>\n\n\t\t\t\t\t\t\t\t\t\t\t\t\t\t\t\t\t\t\t<\/div>\n\t\t\t\t\t\t\t\t<\/div>\n\t\t\t\t\t\t\t<\/a>\n\t\t\t\t\t\t<\/div>\n\t\t\t\t\t<\/li>\n\n\t\t\t\t\t\t\t\t\t<li data-bdt-slideshow-item=\"1\">\n\t\t\t\t\t\t<div class=\"bdt-post-slider-pagination-item\">\n\t\t\t\t\t\t\t<a href=\"#\">\n\t\t\t\t\t\t\t\t<div class=\"bdt-flex bdt-flex-middle bdt-text-left\">\n\t\t\t\t\t\t\t\t\t\t\t\t\t\t\t\t\t\t\t<div class=\"bdt-width-auto bdt-post-slider-thumb-wrap\">\n\t\t\t\t\t\t\t\t\t\t\t<img loading=\"lazy\" decoding=\"async\" width=\"150\" height=\"150\" src=\"https:\/\/yeni.maliyeokulu.org.tr\/wp-content\/uploads\/2026\/04\/MO_Kinama2-150x150.jpg\" class=\"attachment-thumbnail size-thumbnail\" alt=\"K\u0131nama\" \/>\t\t\t\t\t\t\t\t\t\t<\/div>\n\t\t\t\t\t\t\t\t\t\t\t\t\t\t\t\t\t\t<div class=\"bdt-margin-small-left bdt-visible@m\">\n\t\t\t\t\t\t\t\t\t\t<h6 class=\"bdt-margin-remove-bottom thumb-title-default-skin\">\n\t\t\t\t\t\t\t\t\t\t\tK\u0131nama\t\t\t\t\t\t\t\t\t\t<\/h6>\n\n\t\t\t\t\t\t\t\t\t\t\t\t\t\t\t\t\t\t\t<\/div>\n\t\t\t\t\t\t\t\t<\/div>\n\t\t\t\t\t\t\t<\/a>\n\t\t\t\t\t\t<\/div>\n\t\t\t\t\t<\/li>\n\n\t\t\t\t\t\t\t\t\t<li data-bdt-slideshow-item=\"2\">\n\t\t\t\t\t\t<div class=\"bdt-post-slider-pagination-item\">\n\t\t\t\t\t\t\t<a href=\"#\">\n\t\t\t\t\t\t\t\t<div class=\"bdt-flex bdt-flex-middle bdt-text-left\">\n\t\t\t\t\t\t\t\t\t\t\t\t\t\t\t\t\t\t\t<div class=\"bdt-width-auto bdt-post-slider-thumb-wrap\">\n\t\t\t\t\t\t\t\t\t\t\t<img loading=\"lazy\" decoding=\"async\" width=\"150\" height=\"150\" src=\"https:\/\/yeni.maliyeokulu.org.tr\/wp-content\/uploads\/2025\/11\/obozkurt-150x150.jpg\" class=\"attachment-thumbnail size-thumbnail\" alt=\"Osman Bozkurt&#8217;u And\u0131k\" \/>\t\t\t\t\t\t\t\t\t\t<\/div>\n\t\t\t\t\t\t\t\t\t\t\t\t\t\t\t\t\t\t<div class=\"bdt-margin-small-left bdt-visible@m\">\n\t\t\t\t\t\t\t\t\t\t<h6 class=\"bdt-margin-remove-bottom thumb-title-default-skin\">\n\t\t\t\t\t\t\t\t\t\t\tOsman Bozkurt&#8217;u And\u0131k\t\t\t\t\t\t\t\t\t\t<\/h6>\n\n\t\t\t\t\t\t\t\t\t\t\t\t\t\t\t\t\t\t\t<\/div>\n\t\t\t\t\t\t\t\t<\/div>\n\t\t\t\t\t\t\t<\/a>\n\t\t\t\t\t\t<\/div>\n\t\t\t\t\t<\/li>\n\n\t\t\t\t\t\t\t\t\t<li data-bdt-slideshow-item=\"3\">\n\t\t\t\t\t\t<div class=\"bdt-post-slider-pagination-item\">\n\t\t\t\t\t\t\t<a href=\"#\">\n\t\t\t\t\t\t\t\t<div class=\"bdt-flex bdt-flex-middle bdt-text-left\">\n\t\t\t\t\t\t\t\t\t\t\t\t\t\t\t\t\t\t\t<div class=\"bdt-width-auto bdt-post-slider-thumb-wrap\">\n\t\t\t\t\t\t\t\t\t\t\t<img loading=\"lazy\" decoding=\"async\" width=\"150\" height=\"150\" src=\"https:\/\/yeni.maliyeokulu.org.tr\/wp-content\/uploads\/2026\/04\/AvukatlikGunu_2026-150x150.jpg\" class=\"attachment-thumbnail size-thumbnail\" alt=\"D\u00fcnya Avukatlar G\u00fcn\u00fc\" \/>\t\t\t\t\t\t\t\t\t\t<\/div>\n\t\t\t\t\t\t\t\t\t\t\t\t\t\t\t\t\t\t<div class=\"bdt-margin-small-left bdt-visible@m\">\n\t\t\t\t\t\t\t\t\t\t<h6 class=\"bdt-margin-remove-bottom thumb-title-default-skin\">\n\t\t\t\t\t\t\t\t\t\t\tD\u00fcnya Avukatlar G\u00fcn\u00fc\t\t\t\t\t\t\t\t\t\t<\/h6>\n\n\t\t\t\t\t\t\t\t\t\t\t\t\t\t\t\t\t\t\t<\/div>\n\t\t\t\t\t\t\t\t<\/div>\n\t\t\t\t\t\t\t<\/a>\n\t\t\t\t\t\t<\/div>\n\t\t\t\t\t<\/li>\n\n\t\t\t\t\n\t\t\t<\/ul>\n\t\t<\/div>\n\t\t\t\t<\/div>\n\n\t\t\t\t\t<\/div>\n\t\t\t\t<\/div>\n\t\t\t\t\t<\/div>\n\t\t\t\t<\/div>\n\t\t\t\t\t<\/div>\n\t\t\t\t<\/div>\n\t\t<div data-particle_enable=\"false\" data-particle-mobile-disabled=\"false\" class=\"elementor-element elementor-element-3ae8d44f e-flex e-con-boxed e-con e-parent\" data-id=\"3ae8d44f\" data-element_type=\"container\">\n\t\t\t\t\t<div class=\"e-con-inner\">\n\t\t\t\t\t<\/div>\n\t\t\t\t<\/div>\n\t\t<div data-particle_enable=\"false\" data-particle-mobile-disabled=\"false\" class=\"elementor-element elementor-element-609c0a4 e-flex e-con-boxed e-con e-parent\" data-id=\"609c0a4\" data-element_type=\"container\">\n\t\t\t\t\t<div class=\"e-con-inner\">\n\t\t\t\t\t<\/div>\n\t\t\t\t<\/div>\n\t\t<div data-particle_enable=\"false\" data-particle-mobile-disabled=\"false\" class=\"elementor-element elementor-element-46a0834f e-flex e-con-boxed e-con e-parent\" data-id=\"46a0834f\" data-element_type=\"container\" data-settings=\"{&quot;background_background&quot;:&quot;gradient&quot;}\">\n\t\t\t\t\t<div class=\"e-con-inner\">\n\t\t<div data-particle_enable=\"false\" data-particle-mobile-disabled=\"false\" class=\"elementor-element elementor-element-61e8ca3b e-flex e-con-boxed e-con e-child\" data-id=\"61e8ca3b\" data-element_type=\"container\">\n\t\t\t\t\t<div class=\"e-con-inner\">\n\t\t\t\t\t<\/div>\n\t\t\t\t<\/div>\n\t\t\t\t\t<\/div>\n\t\t\t\t<\/div>\n\t\t\t\t<\/div>\n\t\t","protected":false},"excerpt":{"rendered":"<p>Maliye Okulunun Ekonomik ve Toplumsal Ya\u015fant\u0131m\u0131zda Hissedilen Yoklu\u011fu OKULUMUZUN KURULU\u015eUNUN 100. YILI HABER AR\u015e\u0130V\u0130 G\u00fcndem Kutlama \u00c7anakkale Ge\u00e7ilmez! HABER AR\u015e\u0130V\u0130 G\u00fcndem Kad\u0131nlar G\u00fcn\u00fc HABER AR\u015e\u0130V\u0130 Anma Kamer A\u011fabeyimizi An\u0131yoruz 22 Ocak 2016 tarihinde aram\u0131zdan ayr\u0131lan 1960 mezunumuz, &#8220;Halk\u0131n Vekili&#8221; TBMM E. Ba\u015fkanvekiliKamer Gen\u00e7 a\u011fabeyimizi vefat\u0131n\u0131n 10. y\u0131l\u0131nda sayg\u0131 ve \u00f6zlemle an\u0131yoruz. Ar\u015fiv G\u00fcndem MOMDER THM [&hellip;]<\/p>\n","protected":false},"author":1,"featured_media":15757,"comment_status":"open","ping_status":"open","sticky":false,"template":"","format":"standard","meta":{"_eb_attr":"","_gspb_post_css":"","_crdt_document":"","footnotes":""},"categories":[4,121],"tags":[],"class_list":["post-15682","post","type-post","status-publish","format-standard","has-post-thumbnail","hentry","category-haber","category-haber-arsivi"],"blocksy_meta":[],"_links":{"self":[{"href":"https:\/\/yeni.maliyeokulu.org.tr\/index.php?rest_route=\/wp\/v2\/posts\/15682","targetHints":{"allow":["GET"]}}],"collection":[{"href":"https:\/\/yeni.maliyeokulu.org.tr\/index.php?rest_route=\/wp\/v2\/posts"}],"about":[{"href":"https:\/\/yeni.maliyeokulu.org.tr\/index.php?rest_route=\/wp\/v2\/types\/post"}],"author":[{"embeddable":true,"href":"https:\/\/yeni.maliyeokulu.org.tr\/index.php?rest_route=\/wp\/v2\/users\/1"}],"replies":[{"embeddable":true,"href":"https:\/\/yeni.maliyeokulu.org.tr\/index.php?rest_route=%2Fwp%2Fv2%2Fcomments&post=15682"}],"version-history":[{"count":21,"href":"https:\/\/yeni.maliyeokulu.org.tr\/index.php?rest_route=\/wp\/v2\/posts\/15682\/revisions"}],"predecessor-version":[{"id":21594,"href":"https:\/\/yeni.maliyeokulu.org.tr\/index.php?rest_route=\/wp\/v2\/posts\/15682\/revisions\/21594"}],"wp:featuredmedia":[{"embeddable":true,"href":"https:\/\/yeni.maliyeokulu.org.tr\/index.php?rest_route=\/wp\/v2\/media\/15757"}],"wp:attachment":[{"href":"https:\/\/yeni.maliyeokulu.org.tr\/index.php?rest_route=%2Fwp%2Fv2%2Fmedia&parent=15682"}],"wp:term":[{"taxonomy":"category","embeddable":true,"href":"https:\/\/yeni.maliyeokulu.org.tr\/index.php?rest_route=%2Fwp%2Fv2%2Fcategories&post=15682"},{"taxonomy":"post_tag","embeddable":true,"href":"https:\/\/yeni.maliyeokulu.org.tr\/index.php?rest_route=%2Fwp%2Fv2%2Ftags&post=15682"}],"curies":[{"name":"wp","href":"https:\/\/api.w.org\/{rel}","templated":true}]}}