{"id":17802,"date":"2025-05-19T00:18:49","date_gmt":"2025-05-18T21:18:49","guid":{"rendered":"https:\/\/yeni.maliyeokulu.org.tr\/?p=17802"},"modified":"2025-05-19T00:30:19","modified_gmt":"2025-05-18T21:30:19","slug":"19-mayis-kutlu-olsun","status":"publish","type":"post","link":"https:\/\/yeni.maliyeokulu.org.tr\/?p=17802","title":{"rendered":"19 May\u0131s Kutlu Olsun"},"content":{"rendered":"\t\t<div data-elementor-type=\"wp-post\" data-elementor-id=\"17802\" class=\"elementor elementor-17802\" data-elementor-settings=\"{&quot;element_pack_global_tooltip_width&quot;:{&quot;unit&quot;:&quot;px&quot;,&quot;size&quot;:&quot;&quot;,&quot;sizes&quot;:[]},&quot;element_pack_global_tooltip_width_tablet&quot;:{&quot;unit&quot;:&quot;px&quot;,&quot;size&quot;:&quot;&quot;,&quot;sizes&quot;:[]},&quot;element_pack_global_tooltip_width_mobile&quot;:{&quot;unit&quot;:&quot;px&quot;,&quot;size&quot;:&quot;&quot;,&quot;sizes&quot;:[]},&quot;element_pack_global_tooltip_padding&quot;:{&quot;unit&quot;:&quot;px&quot;,&quot;top&quot;:&quot;&quot;,&quot;right&quot;:&quot;&quot;,&quot;bottom&quot;:&quot;&quot;,&quot;left&quot;:&quot;&quot;,&quot;isLinked&quot;:true},&quot;element_pack_global_tooltip_padding_tablet&quot;:{&quot;unit&quot;:&quot;px&quot;,&quot;top&quot;:&quot;&quot;,&quot;right&quot;:&quot;&quot;,&quot;bottom&quot;:&quot;&quot;,&quot;left&quot;:&quot;&quot;,&quot;isLinked&quot;:true},&quot;element_pack_global_tooltip_padding_mobile&quot;:{&quot;unit&quot;:&quot;px&quot;,&quot;top&quot;:&quot;&quot;,&quot;right&quot;:&quot;&quot;,&quot;bottom&quot;:&quot;&quot;,&quot;left&quot;:&quot;&quot;,&quot;isLinked&quot;:true},&quot;element_pack_global_tooltip_border_radius&quot;:{&quot;unit&quot;:&quot;px&quot;,&quot;top&quot;:&quot;&quot;,&quot;right&quot;:&quot;&quot;,&quot;bottom&quot;:&quot;&quot;,&quot;left&quot;:&quot;&quot;,&quot;isLinked&quot;:true},&quot;element_pack_global_tooltip_border_radius_tablet&quot;:{&quot;unit&quot;:&quot;px&quot;,&quot;top&quot;:&quot;&quot;,&quot;right&quot;:&quot;&quot;,&quot;bottom&quot;:&quot;&quot;,&quot;left&quot;:&quot;&quot;,&quot;isLinked&quot;:true},&quot;element_pack_global_tooltip_border_radius_mobile&quot;:{&quot;unit&quot;:&quot;px&quot;,&quot;top&quot;:&quot;&quot;,&quot;right&quot;:&quot;&quot;,&quot;bottom&quot;:&quot;&quot;,&quot;left&quot;:&quot;&quot;,&quot;isLinked&quot;:true}}\" data-elementor-post-type=\"post\">\n\t\t\t\t<div data-particle_enable=\"false\" data-particle-mobile-disabled=\"false\" class=\"elementor-element elementor-element-b7e2308 e-con-full e-flex e-con e-parent\" data-id=\"b7e2308\" data-element_type=\"container\" data-settings=\"{&quot;background_background&quot;:&quot;gradient&quot;}\">\n\t\t<div data-particle_enable=\"false\" data-particle-mobile-disabled=\"false\" class=\"elementor-element elementor-element-853dedf animated-slow e-con-full e-flex e-con e-child\" data-id=\"853dedf\" data-element_type=\"container\" data-settings=\"{&quot;background_background&quot;:&quot;gradient&quot;,&quot;animation&quot;:&quot;none&quot;}\">\n\t\t<div data-particle_enable=\"false\" data-particle-mobile-disabled=\"false\" class=\"elementor-element elementor-element-6412566 e-con-full e-flex elementor-invisible e-con e-child\" data-id=\"6412566\" data-element_type=\"container\" data-settings=\"{&quot;animation&quot;:&quot;fadeInLeft&quot;,&quot;animation_delay&quot;:500}\">\n\t\t\t\t<div class=\"elementor-element elementor-element-8cebf0d elementor-widget elementor-widget-heading\" data-id=\"8cebf0d\" data-element_type=\"widget\" data-widget_type=\"heading.default\">\n\t\t\t\t<div class=\"elementor-widget-container\">\n\t\t\t\t\t<h1 class=\"elementor-heading-title elementor-size-default\">19 May\u0131s Kutlu Olsun<\/h1>\t\t\t\t<\/div>\n\t\t\t\t<\/div>\n\t\t\t\t<\/div>\n\t\t<div data-particle_enable=\"false\" data-particle-mobile-disabled=\"false\" class=\"elementor-element elementor-element-ead0840 e-con-full e-flex elementor-invisible e-con e-child\" data-id=\"ead0840\" data-element_type=\"container\" data-settings=\"{&quot;animation&quot;:&quot;zoomIn&quot;,&quot;animation_delay&quot;:1000}\">\n\t\t\t\t<div class=\"elementor-element elementor-element-56c5846 elementor-widget__width-initial elementor-widget elementor-widget-image\" data-id=\"56c5846\" data-element_type=\"widget\" data-widget_type=\"image.default\">\n\t\t\t\t<div class=\"elementor-widget-container\">\n\t\t\t\t\t\t\t\t\t\t\t\t\t\t\t<img fetchpriority=\"high\" decoding=\"async\" width=\"997\" height=\"1024\" src=\"https:\/\/yeni.maliyeokulu.org.tr\/wp-content\/uploads\/2024\/10\/MO_Gold-Logo-997x1024.png\" class=\"attachment-large size-large wp-image-15757\" alt=\"\" srcset=\"https:\/\/yeni.maliyeokulu.org.tr\/wp-content\/uploads\/2024\/10\/MO_Gold-Logo-997x1024.png 997w, https:\/\/yeni.maliyeokulu.org.tr\/wp-content\/uploads\/2024\/10\/MO_Gold-Logo-292x300.png 292w, https:\/\/yeni.maliyeokulu.org.tr\/wp-content\/uploads\/2024\/10\/MO_Gold-Logo-768x789.png 768w, https:\/\/yeni.maliyeokulu.org.tr\/wp-content\/uploads\/2024\/10\/MO_Gold-Logo.png 1298w\" sizes=\"(max-width: 997px) 100vw, 997px\" \/>\t\t\t\t\t\t\t\t\t\t\t\t\t\t\t<\/div>\n\t\t\t\t<\/div>\n\t\t\t\t<\/div>\n\t\t\t\t<\/div>\n\t\t\t\t<\/div>\n\t\t<div data-particle_enable=\"false\" data-particle-mobile-disabled=\"false\" class=\"elementor-element elementor-element-6fc5e2d e-flex e-con-boxed e-con e-parent\" data-id=\"6fc5e2d\" data-element_type=\"container\" data-settings=\"{&quot;background_background&quot;:&quot;classic&quot;}\">\n\t\t\t\t\t<div class=\"e-con-inner\">\n\t\t\t\t<div class=\"elementor-element elementor-element-990566b elementor-widget elementor-widget-heading\" data-id=\"990566b\" data-element_type=\"widget\" data-widget_type=\"heading.default\">\n\t\t\t\t<div class=\"elementor-widget-container\">\n\t\t\t\t\t<h2 class=\"elementor-heading-title elementor-size-default\">19 MAYIS KUTLU OLSUN<\/h2>\t\t\t\t<\/div>\n\t\t\t\t<\/div>\n\t\t\t\t<div class=\"elementor-element elementor-element-19d9d9d elementor-widget__width-initial elementor-widget elementor-widget-text-editor\" data-id=\"19d9d9d\" data-element_type=\"widget\" data-widget_type=\"text-editor.default\">\n\t\t\t\t<div class=\"elementor-widget-container\">\n\t\t\t\t\t\t\t\t\t<p><span style=\"color: var( --e-global-color-blocksy_palette_7 ); text-align: var(--text-align); font-style: var(--theme-font-style, inherit); font-variant-ligatures: inherit; font-variant-caps: inherit; font-weight: var(--theme-font-weight); letter-spacing: var(--theme-letter-spacing); text-transform: var(--theme-text-transform);\">19 May\u0131s, Atat\u00fcrk\u2019\u00fcn gen\u00e7li\u011fe duydu\u011fu g\u00fcvenin ve inanc\u0131n sembol\u00fcd\u00fcr.\u00a0<\/span><span style=\"color: var( --e-global-color-blocksy_palette_7 ); text-align: var(--text-align); font-style: var(--theme-font-style, inherit); font-variant-ligatures: inherit; font-variant-caps: inherit; font-weight: var(--theme-font-weight); letter-spacing: var(--theme-letter-spacing); text-transform: var(--theme-text-transform);\">Gen\u00e7lerimiz, 19 May\u0131s ruhunu her daim ya\u015fatacakt\u0131r.\u00a0<\/span><span style=\"font-family: inherit; font-size: inherit; font-style: inherit; font-variant-ligatures: inherit; font-variant-caps: inherit; font-weight: inherit; color: var( --e-global-color-blocksy_palette_7 ); text-align: var(--text-align); letter-spacing: var(--theme-letter-spacing); text-transform: var(--theme-text-transform);\">19 May\u0131s\u2019ta ba\u011f\u0131ms\u0131zl\u0131k ate\u015fini yakan Mustafa Kemal Atat\u00fcrk\u2019\u00fc ve silah arkada\u015flar\u0131n\u0131 sayg\u0131 ve minnetle an\u0131yoruz.\u00a0<\/span><span style=\"font-family: inherit; font-size: inherit; font-style: inherit; font-variant-ligatures: inherit; font-variant-caps: inherit; font-weight: inherit; color: var( --e-global-color-blocksy_palette_7 ); text-align: var(--text-align); letter-spacing: var(--theme-letter-spacing); text-transform: var(--theme-text-transform);\">\u00a0Kutlu olsun.<\/span><\/p>\t\t\t\t\t\t\t\t<\/div>\n\t\t\t\t<\/div>\n\t\t\t\t<div class=\"elementor-element elementor-element-b9c3687 elementor-widget elementor-widget-image\" data-id=\"b9c3687\" data-element_type=\"widget\" data-widget_type=\"image.default\">\n\t\t\t\t<div class=\"elementor-widget-container\">\n\t\t\t\t\t\t\t\t\t\t\t\t\t\t\t<img decoding=\"async\" width=\"576\" height=\"1024\" src=\"https:\/\/yeni.maliyeokulu.org.tr\/wp-content\/uploads\/2025\/05\/19Mayis2025-576x1024.jpg\" class=\"attachment-large size-large wp-image-17797\" alt=\"\" srcset=\"https:\/\/yeni.maliyeokulu.org.tr\/wp-content\/uploads\/2025\/05\/19Mayis2025-576x1024.jpg 576w, https:\/\/yeni.maliyeokulu.org.tr\/wp-content\/uploads\/2025\/05\/19Mayis2025-169x300.jpg 169w, https:\/\/yeni.maliyeokulu.org.tr\/wp-content\/uploads\/2025\/05\/19Mayis2025.jpg 675w\" sizes=\"(max-width: 576px) 100vw, 576px\" \/>\t\t\t\t\t\t\t\t\t\t\t\t\t\t\t<\/div>\n\t\t\t\t<\/div>\n\t\t\t\t\t<\/div>\n\t\t\t\t<\/div>\n\t\t<div data-particle_enable=\"false\" data-particle-mobile-disabled=\"false\" class=\"elementor-element elementor-element-53485ce e-flex e-con-boxed e-con e-parent\" data-id=\"53485ce\" data-element_type=\"container\">\n\t\t\t\t\t<div class=\"e-con-inner\">\n\t\t\t\t<div class=\"elementor-element elementor-element-744c517 elementor-post-navigation-borders-yes elementor-widget elementor-widget-post-navigation\" data-id=\"744c517\" data-element_type=\"widget\" data-widget_type=\"post-navigation.default\">\n\t\t\t\t<div class=\"elementor-widget-container\">\n\t\t\t\t\t\t\t<div class=\"elementor-post-navigation\" role=\"navigation\" aria-label=\"Post Navigation\">\n\t\t\t<div class=\"elementor-post-navigation__prev elementor-post-navigation__link\">\n\t\t\t\t<a href=\"https:\/\/yeni.maliyeokulu.org.tr\/?p=17782\" rel=\"prev\"><span class=\"post-navigation__arrow-wrapper post-navigation__arrow-prev\"><svg aria-hidden=\"true\" class=\"e-font-icon-svg e-fas-angle-left\" viewBox=\"0 0 256 512\" xmlns=\"http:\/\/www.w3.org\/2000\/svg\"><path d=\"M31.7 239l136-136c9.4-9.4 24.6-9.4 33.9 0l22.6 22.6c9.4 9.4 9.4 24.6 0 33.9L127.9 256l96.4 96.4c9.4 9.4 9.4 24.6 0 33.9L201.7 409c-9.4 9.4-24.6 9.4-33.9 0l-136-136c-9.5-9.4-9.5-24.6-.1-34z\"><\/path><\/svg><span class=\"elementor-screen-only\">Prev<\/span><\/span><span class=\"elementor-post-navigation__link__prev\"><span class=\"post-navigation__prev--label\">\u00d6nceki<\/span><span class=\"post-navigation__prev--title\">1 MAYIS KUTLU OLSUN<\/span><\/span><\/a>\t\t\t<\/div>\n\t\t\t\t\t\t\t<div class=\"elementor-post-navigation__separator-wrapper\">\n\t\t\t\t\t<div class=\"elementor-post-navigation__separator\"><\/div>\n\t\t\t\t<\/div>\n\t\t\t\t\t\t<div class=\"elementor-post-navigation__next elementor-post-navigation__link\">\n\t\t\t\t<a href=\"https:\/\/yeni.maliyeokulu.org.tr\/?p=17907\" rel=\"next\"><span class=\"elementor-post-navigation__link__next\"><span class=\"post-navigation__next--label\">Sonraki<\/span><span class=\"post-navigation__next--title\">Kurban Bayram\u0131n\u0131z Kutlu Olsun<\/span><\/span><span class=\"post-navigation__arrow-wrapper post-navigation__arrow-next\"><svg aria-hidden=\"true\" class=\"e-font-icon-svg e-fas-angle-right\" viewBox=\"0 0 256 512\" xmlns=\"http:\/\/www.w3.org\/2000\/svg\"><path d=\"M224.3 273l-136 136c-9.4 9.4-24.6 9.4-33.9 0l-22.6-22.6c-9.4-9.4-9.4-24.6 0-33.9l96.4-96.4-96.4-96.4c-9.4-9.4-9.4-24.6 0-33.9L54.3 103c9.4-9.4 24.6-9.4 33.9 0l136 136c9.5 9.4 9.5 24.6.1 34z\"><\/path><\/svg><span class=\"elementor-screen-only\">Next<\/span><\/span><\/a>\t\t\t<\/div>\n\t\t<\/div>\n\t\t\t\t\t\t<\/div>\n\t\t\t\t<\/div>\n\t\t\t\t\t<\/div>\n\t\t\t\t<\/div>\n\t\t\t\t<\/div>\n\t\t","protected":false},"excerpt":{"rendered":"<p>19 MAYIS KUTLU OLSUN 19 May\u0131s, Atat\u00fcrk\u2019\u00fcn gen\u00e7li\u011fe duydu\u011fu g\u00fcvenin ve inanc\u0131n sembol\u00fcd\u00fcr.\u00a0Gen\u00e7lerimiz, 19 May\u0131s ruhunu her daim ya\u015fatacakt\u0131r.\u00a019 May\u0131s\u2019ta ba\u011f\u0131ms\u0131zl\u0131k ate\u015fini yakan Mustafa Kemal Atat\u00fcrk\u2019\u00fc ve silah arkada\u015flar\u0131n\u0131 sayg\u0131 ve minnetle an\u0131yoruz.\u00a0\u00a0Kutlu olsun.<\/p>\n","protected":false},"author":1,"featured_media":17797,"comment_status":"open","ping_status":"open","sticky":false,"template":"","format":"standard","meta":{"_eb_attr":"","_gspb_post_css":"","_crdt_document":"","footnotes":""},"categories":[4,121],"tags":[],"class_list":["post-17802","post","type-post","status-publish","format-standard","has-post-thumbnail","hentry","category-haber","category-haber-arsivi"],"blocksy_meta":[],"_links":{"self":[{"href":"https:\/\/yeni.maliyeokulu.org.tr\/index.php?rest_route=\/wp\/v2\/posts\/17802","targetHints":{"allow":["GET"]}}],"collection":[{"href":"https:\/\/yeni.maliyeokulu.org.tr\/index.php?rest_route=\/wp\/v2\/posts"}],"about":[{"href":"https:\/\/yeni.maliyeokulu.org.tr\/index.php?rest_route=\/wp\/v2\/types\/post"}],"author":[{"embeddable":true,"href":"https:\/\/yeni.maliyeokulu.org.tr\/index.php?rest_route=\/wp\/v2\/users\/1"}],"replies":[{"embeddable":true,"href":"https:\/\/yeni.maliyeokulu.org.tr\/index.php?rest_route=%2Fwp%2Fv2%2Fcomments&post=17802"}],"version-history":[{"count":13,"href":"https:\/\/yeni.maliyeokulu.org.tr\/index.php?rest_route=\/wp\/v2\/posts\/17802\/revisions"}],"predecessor-version":[{"id":17815,"href":"https:\/\/yeni.maliyeokulu.org.tr\/index.php?rest_route=\/wp\/v2\/posts\/17802\/revisions\/17815"}],"wp:featuredmedia":[{"embeddable":true,"href":"https:\/\/yeni.maliyeokulu.org.tr\/index.php?rest_route=\/wp\/v2\/media\/17797"}],"wp:attachment":[{"href":"https:\/\/yeni.maliyeokulu.org.tr\/index.php?rest_route=%2Fwp%2Fv2%2Fmedia&parent=17802"}],"wp:term":[{"taxonomy":"category","embeddable":true,"href":"https:\/\/yeni.maliyeokulu.org.tr\/index.php?rest_route=%2Fwp%2Fv2%2Fcategories&post=17802"},{"taxonomy":"post_tag","embeddable":true,"href":"https:\/\/yeni.maliyeokulu.org.tr\/index.php?rest_route=%2Fwp%2Fv2%2Ftags&post=17802"}],"curies":[{"name":"wp","href":"https:\/\/api.w.org\/{rel}","templated":true}]}}