{"id":18888,"date":"2025-08-24T01:38:48","date_gmt":"2025-08-23T22:38:48","guid":{"rendered":"https:\/\/yeni.maliyeokulu.org.tr\/?p=18888"},"modified":"2026-03-17T13:28:17","modified_gmt":"2026-03-17T10:28:17","slug":"sezayi-direk","status":"publish","type":"post","link":"https:\/\/yeni.maliyeokulu.org.tr\/?p=18888","title":{"rendered":"Sezay\u0130 D\u0130rek"},"content":{"rendered":"\t\t<div data-elementor-type=\"wp-post\" data-elementor-id=\"18888\" class=\"elementor elementor-18888\" data-elementor-settings=\"{&quot;element_pack_global_tooltip_width&quot;:{&quot;unit&quot;:&quot;px&quot;,&quot;size&quot;:&quot;&quot;,&quot;sizes&quot;:[]},&quot;element_pack_global_tooltip_width_tablet&quot;:{&quot;unit&quot;:&quot;px&quot;,&quot;size&quot;:&quot;&quot;,&quot;sizes&quot;:[]},&quot;element_pack_global_tooltip_width_mobile&quot;:{&quot;unit&quot;:&quot;px&quot;,&quot;size&quot;:&quot;&quot;,&quot;sizes&quot;:[]},&quot;element_pack_global_tooltip_padding&quot;:{&quot;unit&quot;:&quot;px&quot;,&quot;top&quot;:&quot;&quot;,&quot;right&quot;:&quot;&quot;,&quot;bottom&quot;:&quot;&quot;,&quot;left&quot;:&quot;&quot;,&quot;isLinked&quot;:true},&quot;element_pack_global_tooltip_padding_tablet&quot;:{&quot;unit&quot;:&quot;px&quot;,&quot;top&quot;:&quot;&quot;,&quot;right&quot;:&quot;&quot;,&quot;bottom&quot;:&quot;&quot;,&quot;left&quot;:&quot;&quot;,&quot;isLinked&quot;:true},&quot;element_pack_global_tooltip_padding_mobile&quot;:{&quot;unit&quot;:&quot;px&quot;,&quot;top&quot;:&quot;&quot;,&quot;right&quot;:&quot;&quot;,&quot;bottom&quot;:&quot;&quot;,&quot;left&quot;:&quot;&quot;,&quot;isLinked&quot;:true},&quot;element_pack_global_tooltip_border_radius&quot;:{&quot;unit&quot;:&quot;px&quot;,&quot;top&quot;:&quot;&quot;,&quot;right&quot;:&quot;&quot;,&quot;bottom&quot;:&quot;&quot;,&quot;left&quot;:&quot;&quot;,&quot;isLinked&quot;:true},&quot;element_pack_global_tooltip_border_radius_tablet&quot;:{&quot;unit&quot;:&quot;px&quot;,&quot;top&quot;:&quot;&quot;,&quot;right&quot;:&quot;&quot;,&quot;bottom&quot;:&quot;&quot;,&quot;left&quot;:&quot;&quot;,&quot;isLinked&quot;:true},&quot;element_pack_global_tooltip_border_radius_mobile&quot;:{&quot;unit&quot;:&quot;px&quot;,&quot;top&quot;:&quot;&quot;,&quot;right&quot;:&quot;&quot;,&quot;bottom&quot;:&quot;&quot;,&quot;left&quot;:&quot;&quot;,&quot;isLinked&quot;:true}}\" data-elementor-post-type=\"post\">\n\t\t\t\t<div data-particle_enable=\"false\" data-particle-mobile-disabled=\"false\" class=\"elementor-element elementor-element-553bf7d0 animated-slow e-flex e-con-boxed e-con e-parent\" data-id=\"553bf7d0\" data-element_type=\"container\" data-settings=\"{&quot;background_background&quot;:&quot;classic&quot;,&quot;animation&quot;:&quot;none&quot;}\">\n\t\t\t\t\t<div class=\"e-con-inner\">\n\t\t<div data-particle_enable=\"false\" data-particle-mobile-disabled=\"false\" class=\"elementor-element elementor-element-16254880 e-con-full e-flex elementor-invisible e-con e-child\" data-id=\"16254880\" data-element_type=\"container\" data-settings=\"{&quot;animation&quot;:&quot;fadeInLeft&quot;,&quot;animation_delay&quot;:500}\">\n\t\t\t\t<div class=\"elementor-element elementor-element-2556a5ca elementor-widget elementor-widget-heading\" data-id=\"2556a5ca\" data-element_type=\"widget\" data-widget_type=\"heading.default\">\n\t\t\t\t<div class=\"elementor-widget-container\">\n\t\t\t\t\t<h1 class=\"elementor-heading-title elementor-size-default\">Sezay\u0130 D\u0130rek<\/h1>\t\t\t\t<\/div>\n\t\t\t\t<\/div>\n\t\t\t\t<div class=\"elementor-element elementor-element-260f703b elementor-widget elementor-widget-text-editor\" data-id=\"260f703b\" data-element_type=\"widget\" data-widget_type=\"text-editor.default\">\n\t\t\t\t<div class=\"elementor-widget-container\">\n\t\t\t\t\t\t\t\t\t<p>Ankara &#8211; 1992<\/p>\t\t\t\t\t\t\t\t<\/div>\n\t\t\t\t<\/div>\n\t\t\t\t<\/div>\n\t\t<div data-particle_enable=\"false\" data-particle-mobile-disabled=\"false\" class=\"elementor-element elementor-element-52e064d4 e-con-full e-flex elementor-invisible e-con e-child\" data-id=\"52e064d4\" data-element_type=\"container\" data-settings=\"{&quot;animation&quot;:&quot;fadeInRight&quot;,&quot;animation_delay&quot;:1000}\">\n\t\t\t\t<div class=\"elementor-element elementor-element-51963ada elementor-widget elementor-widget-image\" data-id=\"51963ada\" data-element_type=\"widget\" data-widget_type=\"image.default\">\n\t\t\t\t<div class=\"elementor-widget-container\">\n\t\t\t\t\t\t\t\t\t\t\t\t\t\t\t<img fetchpriority=\"high\" decoding=\"async\" width=\"256\" height=\"300\" src=\"https:\/\/yeni.maliyeokulu.org.tr\/wp-content\/uploads\/2025\/08\/sezayidirek-256x300.jpg\" class=\"attachment-medium size-medium wp-image-18890\" alt=\"\" srcset=\"https:\/\/yeni.maliyeokulu.org.tr\/wp-content\/uploads\/2025\/08\/sezayidirek-256x300.jpg 256w, https:\/\/yeni.maliyeokulu.org.tr\/wp-content\/uploads\/2025\/08\/sezayidirek-872x1024.jpg 872w, https:\/\/yeni.maliyeokulu.org.tr\/wp-content\/uploads\/2025\/08\/sezayidirek-768x902.jpg 768w, https:\/\/yeni.maliyeokulu.org.tr\/wp-content\/uploads\/2025\/08\/sezayidirek.jpg 959w\" sizes=\"(max-width: 256px) 100vw, 256px\" \/>\t\t\t\t\t\t\t\t\t\t\t\t\t\t\t<\/div>\n\t\t\t\t<\/div>\n\t\t\t\t<\/div>\n\t\t\t\t\t<\/div>\n\t\t\t\t<\/div>\n\t\t<div data-particle_enable=\"false\" data-particle-mobile-disabled=\"false\" class=\"elementor-element elementor-element-4fd7ebd e-flex e-con-boxed e-con e-parent\" data-id=\"4fd7ebd\" data-element_type=\"container\" data-settings=\"{&quot;background_background&quot;:&quot;classic&quot;}\">\n\t\t\t\t\t<div class=\"e-con-inner\">\n\t\t\t\t<div class=\"elementor-element elementor-element-d32938d elementor-widget elementor-widget-heading\" data-id=\"d32938d\" data-element_type=\"widget\" data-widget_type=\"heading.default\">\n\t\t\t\t<div class=\"elementor-widget-container\">\n\t\t\t\t\t<h2 class=\"elementor-heading-title elementor-size-default\">Ac\u0131 Kayb\u0131m\u0131z<\/h2>\t\t\t\t<\/div>\n\t\t\t\t<\/div>\n\t\t\t\t<div class=\"elementor-element elementor-element-2d19b00 elementor-widget elementor-widget-text-editor\" data-id=\"2d19b00\" data-element_type=\"widget\" data-widget_type=\"text-editor.default\">\n\t\t\t\t<div class=\"elementor-widget-container\">\n\t\t\t\t\t\t\t\t\t<p>VEFAT &amp; BA\u015eSA\u011eLI\u011eI<br class=\"html-br\" \/><br class=\"html-br\" \/>Okulumuzun Ankara 1992 d\u00f6nemi mezunu Sezayi Direk\u2018i yitirmenin derin \u00fcz\u00fcnt\u00fcs\u00fc i\u00e7indeyiz.<br class=\"html-br\" \/><br class=\"html-br\" \/>Cenazesi 24.08.2025 Pazar (yar\u0131n) g\u00fcn\u00fc \u0130stanbul \u0130li Kad\u0131k\u00f6y \u0130l\u00e7esi S\u00f6\u011f\u00fctl\u00fc\u00e7e\u015fme Camiinde \u00f6\u011fle namaz\u0131na m\u00fcteakip k\u0131l\u0131nacak cenaze namaz\u0131 sonras\u0131 defnedilecektir.<br class=\"html-br\" \/><br class=\"html-br\" \/>De\u011ferli mezunumuza Tanr\u0131dan rahmet, kederli ailesi ve Maliye Okulu camias\u0131na ba\u015fsa\u011fl\u0131\u011f\u0131 ve sab\u0131r dileriz.\u00a0<\/p>\t\t\t\t\t\t\t\t<\/div>\n\t\t\t\t<\/div>\n\t\t\t\t<div class=\"elementor-element elementor-element-125798c elementor-widget__width-initial elementor-widget elementor-widget-image\" data-id=\"125798c\" data-element_type=\"widget\" data-widget_type=\"image.default\">\n\t\t\t\t<div class=\"elementor-widget-container\">\n\t\t\t\t\t\t\t\t\t\t\t\t\t\t\t<img decoding=\"async\" width=\"768\" height=\"902\" src=\"https:\/\/yeni.maliyeokulu.org.tr\/wp-content\/uploads\/2025\/08\/sezayidirek-768x902.jpg\" class=\"attachment-medium_large size-medium_large wp-image-18890\" alt=\"\" srcset=\"https:\/\/yeni.maliyeokulu.org.tr\/wp-content\/uploads\/2025\/08\/sezayidirek-768x902.jpg 768w, https:\/\/yeni.maliyeokulu.org.tr\/wp-content\/uploads\/2025\/08\/sezayidirek-256x300.jpg 256w, https:\/\/yeni.maliyeokulu.org.tr\/wp-content\/uploads\/2025\/08\/sezayidirek-872x1024.jpg 872w, https:\/\/yeni.maliyeokulu.org.tr\/wp-content\/uploads\/2025\/08\/sezayidirek.jpg 959w\" sizes=\"(max-width: 768px) 100vw, 768px\" \/>\t\t\t\t\t\t\t\t\t\t\t\t\t\t\t<\/div>\n\t\t\t\t<\/div>\n\t\t\t\t<div class=\"elementor-element elementor-element-495efda elementor-widget elementor-widget-text-editor\" data-id=\"495efda\" data-element_type=\"widget\" data-widget_type=\"text-editor.default\">\n\t\t\t\t<div class=\"elementor-widget-container\">\n\t\t\t\t\t\t\t\t\t<p>Devrin daim, \u0131\u015f\u0131klar yolda\u015f\u0131n olsun Sezayi Karde\u015fimiz.<\/p>\t\t\t\t\t\t\t\t<\/div>\n\t\t\t\t<\/div>\n\t\t\t\t\t<\/div>\n\t\t\t\t<\/div>\n\t\t<div data-particle_enable=\"false\" data-particle-mobile-disabled=\"false\" class=\"elementor-element elementor-element-e05d6ad e-flex e-con-boxed e-con e-parent\" data-id=\"e05d6ad\" data-element_type=\"container\" data-settings=\"{&quot;background_background&quot;:&quot;classic&quot;}\">\n\t\t\t\t\t<div class=\"e-con-inner\">\n\t\t\t\t<div class=\"elementor-element elementor-element-1c520e8 elementor-widget-divider--view-line elementor-widget elementor-widget-divider\" data-id=\"1c520e8\" data-element_type=\"widget\" data-widget_type=\"divider.default\">\n\t\t\t\t<div class=\"elementor-widget-container\">\n\t\t\t\t\t\t\t<div class=\"elementor-divider\">\n\t\t\t<span class=\"elementor-divider-separator\">\n\t\t\t\t\t\t<\/span>\n\t\t<\/div>\n\t\t\t\t\t\t<\/div>\n\t\t\t\t<\/div>\n\t\t\t\t\t<\/div>\n\t\t\t\t<\/div>\n\t\t<div data-particle_enable=\"false\" data-particle-mobile-disabled=\"false\" class=\"elementor-element elementor-element-610ef147 e-flex e-con-boxed e-con e-parent\" data-id=\"610ef147\" data-element_type=\"container\" data-settings=\"{&quot;background_background&quot;:&quot;gradient&quot;}\">\n\t\t\t\t\t<div class=\"e-con-inner\">\n\t\t<div data-particle_enable=\"false\" data-particle-mobile-disabled=\"false\" class=\"elementor-element elementor-element-14b7e05e e-flex e-con-boxed e-con e-child\" data-id=\"14b7e05e\" data-element_type=\"container\">\n\t\t\t\t\t<div class=\"e-con-inner\">\n\t\t\t\t<div class=\"elementor-element elementor-element-277cbbaa elementor-post-navigation-borders-yes elementor-widget elementor-widget-post-navigation\" data-id=\"277cbbaa\" data-element_type=\"widget\" data-widget_type=\"post-navigation.default\">\n\t\t\t\t<div class=\"elementor-widget-container\">\n\t\t\t\t\t\t\t<div class=\"elementor-post-navigation\" role=\"navigation\" aria-label=\"Post Navigation\">\n\t\t\t<div class=\"elementor-post-navigation__prev elementor-post-navigation__link\">\n\t\t\t\t<a href=\"https:\/\/yeni.maliyeokulu.org.tr\/?p=18649\" rel=\"prev\"><span class=\"post-navigation__arrow-wrapper post-navigation__arrow-prev\"><svg aria-hidden=\"true\" class=\"e-font-icon-svg e-fas-angle-left\" viewBox=\"0 0 256 512\" xmlns=\"http:\/\/www.w3.org\/2000\/svg\"><path d=\"M31.7 239l136-136c9.4-9.4 24.6-9.4 33.9 0l22.6 22.6c9.4 9.4 9.4 24.6 0 33.9L127.9 256l96.4 96.4c9.4 9.4 9.4 24.6 0 33.9L201.7 409c-9.4 9.4-24.6 9.4-33.9 0l-136-136c-9.5-9.4-9.5-24.6-.1-34z\"><\/path><\/svg><span class=\"elementor-screen-only\">Prev<\/span><\/span><span class=\"elementor-post-navigation__link__prev\"><span class=\"post-navigation__prev--label\">\u00d6nceki<\/span><span class=\"post-navigation__prev--title\">Onursal Genel Ba\u015fkan\u0131m\u0131z\u0131 An\u0131yoruz<\/span><\/span><\/a>\t\t\t<\/div>\n\t\t\t\t\t\t\t<div class=\"elementor-post-navigation__separator-wrapper\">\n\t\t\t\t\t<div class=\"elementor-post-navigation__separator\"><\/div>\n\t\t\t\t<\/div>\n\t\t\t\t\t\t<div class=\"elementor-post-navigation__next elementor-post-navigation__link\">\n\t\t\t\t<a href=\"https:\/\/yeni.maliyeokulu.org.tr\/?p=18992\" rel=\"next\"><span class=\"elementor-post-navigation__link__next\"><span class=\"post-navigation__next--label\">Sonraki<\/span><span class=\"post-navigation__next--title\">30 A\u011fustos Zafer Bayram\u0131<\/span><\/span><span class=\"post-navigation__arrow-wrapper post-navigation__arrow-next\"><svg aria-hidden=\"true\" class=\"e-font-icon-svg e-fas-angle-right\" viewBox=\"0 0 256 512\" xmlns=\"http:\/\/www.w3.org\/2000\/svg\"><path d=\"M224.3 273l-136 136c-9.4 9.4-24.6 9.4-33.9 0l-22.6-22.6c-9.4-9.4-9.4-24.6 0-33.9l96.4-96.4-96.4-96.4c-9.4-9.4-9.4-24.6 0-33.9L54.3 103c9.4-9.4 24.6-9.4 33.9 0l136 136c9.5 9.4 9.5 24.6.1 34z\"><\/path><\/svg><span class=\"elementor-screen-only\">Next<\/span><\/span><\/a>\t\t\t<\/div>\n\t\t<\/div>\n\t\t\t\t\t\t<\/div>\n\t\t\t\t<\/div>\n\t\t\t\t\t<\/div>\n\t\t\t\t<\/div>\n\t\t\t\t\t<\/div>\n\t\t\t\t<\/div>\n\t\t\t\t<\/div>\n\t\t","protected":false},"excerpt":{"rendered":"<p>Ankara &#8211; 1992 Ac\u0131 Kayb\u0131m\u0131z VEFAT &amp; BA\u015eSA\u011eLI\u011eI Okulumuzun Ankara 1992 d\u00f6nemi mezunu Sezayi Direk\u2018i yitirmenin derin \u00fcz\u00fcnt\u00fcs\u00fc i\u00e7indeyiz. Cenazesi 24.08.2025 Pazar (yar\u0131n) g\u00fcn\u00fc \u0130stanbul \u0130li Kad\u0131k\u00f6y \u0130l\u00e7esi S\u00f6\u011f\u00fctl\u00fc\u00e7e\u015fme Camiinde \u00f6\u011fle namaz\u0131na m\u00fcteakip k\u0131l\u0131nacak cenaze namaz\u0131 sonras\u0131 defnedilecektir. De\u011ferli mezunumuza Tanr\u0131dan rahmet, kederli ailesi ve Maliye Okulu camias\u0131na ba\u015fsa\u011fl\u0131\u011f\u0131 ve sab\u0131r dileriz.\u00a0 Devrin daim, \u0131\u015f\u0131klar [&hellip;]<\/p>\n","protected":false},"author":1,"featured_media":18890,"comment_status":"closed","ping_status":"closed","sticky":false,"template":"elementor_header_footer","format":"standard","meta":{"_eb_attr":"","_gspb_post_css":"","_crdt_document":"","footnotes":""},"categories":[4,121],"tags":[187],"class_list":["post-18888","post","type-post","status-publish","format-standard","has-post-thumbnail","hentry","category-haber","category-haber-arsivi","tag-vefat"],"blocksy_meta":[],"_links":{"self":[{"href":"https:\/\/yeni.maliyeokulu.org.tr\/index.php?rest_route=\/wp\/v2\/posts\/18888","targetHints":{"allow":["GET"]}}],"collection":[{"href":"https:\/\/yeni.maliyeokulu.org.tr\/index.php?rest_route=\/wp\/v2\/posts"}],"about":[{"href":"https:\/\/yeni.maliyeokulu.org.tr\/index.php?rest_route=\/wp\/v2\/types\/post"}],"author":[{"embeddable":true,"href":"https:\/\/yeni.maliyeokulu.org.tr\/index.php?rest_route=\/wp\/v2\/users\/1"}],"replies":[{"embeddable":true,"href":"https:\/\/yeni.maliyeokulu.org.tr\/index.php?rest_route=%2Fwp%2Fv2%2Fcomments&post=18888"}],"version-history":[{"count":19,"href":"https:\/\/yeni.maliyeokulu.org.tr\/index.php?rest_route=\/wp\/v2\/posts\/18888\/revisions"}],"predecessor-version":[{"id":19320,"href":"https:\/\/yeni.maliyeokulu.org.tr\/index.php?rest_route=\/wp\/v2\/posts\/18888\/revisions\/19320"}],"wp:featuredmedia":[{"embeddable":true,"href":"https:\/\/yeni.maliyeokulu.org.tr\/index.php?rest_route=\/wp\/v2\/media\/18890"}],"wp:attachment":[{"href":"https:\/\/yeni.maliyeokulu.org.tr\/index.php?rest_route=%2Fwp%2Fv2%2Fmedia&parent=18888"}],"wp:term":[{"taxonomy":"category","embeddable":true,"href":"https:\/\/yeni.maliyeokulu.org.tr\/index.php?rest_route=%2Fwp%2Fv2%2Fcategories&post=18888"},{"taxonomy":"post_tag","embeddable":true,"href":"https:\/\/yeni.maliyeokulu.org.tr\/index.php?rest_route=%2Fwp%2Fv2%2Ftags&post=18888"}],"curies":[{"name":"wp","href":"https:\/\/api.w.org\/{rel}","templated":true}]}}