{"id":18992,"date":"2025-08-30T01:21:38","date_gmt":"2025-08-29T22:21:38","guid":{"rendered":"https:\/\/yeni.maliyeokulu.org.tr\/?p=18992"},"modified":"2025-08-30T01:36:50","modified_gmt":"2025-08-29T22:36:50","slug":"30-agustos-zafer-bayrami-2","status":"publish","type":"post","link":"https:\/\/yeni.maliyeokulu.org.tr\/?p=18992","title":{"rendered":"30 A\u011fustos Zafer Bayram\u0131"},"content":{"rendered":"\t\t<div data-elementor-type=\"wp-post\" data-elementor-id=\"18992\" class=\"elementor elementor-18992\" data-elementor-settings=\"{&quot;element_pack_global_tooltip_width&quot;:{&quot;unit&quot;:&quot;px&quot;,&quot;size&quot;:&quot;&quot;,&quot;sizes&quot;:[]},&quot;element_pack_global_tooltip_width_tablet&quot;:{&quot;unit&quot;:&quot;px&quot;,&quot;size&quot;:&quot;&quot;,&quot;sizes&quot;:[]},&quot;element_pack_global_tooltip_width_mobile&quot;:{&quot;unit&quot;:&quot;px&quot;,&quot;size&quot;:&quot;&quot;,&quot;sizes&quot;:[]},&quot;element_pack_global_tooltip_padding&quot;:{&quot;unit&quot;:&quot;px&quot;,&quot;top&quot;:&quot;&quot;,&quot;right&quot;:&quot;&quot;,&quot;bottom&quot;:&quot;&quot;,&quot;left&quot;:&quot;&quot;,&quot;isLinked&quot;:true},&quot;element_pack_global_tooltip_padding_tablet&quot;:{&quot;unit&quot;:&quot;px&quot;,&quot;top&quot;:&quot;&quot;,&quot;right&quot;:&quot;&quot;,&quot;bottom&quot;:&quot;&quot;,&quot;left&quot;:&quot;&quot;,&quot;isLinked&quot;:true},&quot;element_pack_global_tooltip_padding_mobile&quot;:{&quot;unit&quot;:&quot;px&quot;,&quot;top&quot;:&quot;&quot;,&quot;right&quot;:&quot;&quot;,&quot;bottom&quot;:&quot;&quot;,&quot;left&quot;:&quot;&quot;,&quot;isLinked&quot;:true},&quot;element_pack_global_tooltip_border_radius&quot;:{&quot;unit&quot;:&quot;px&quot;,&quot;top&quot;:&quot;&quot;,&quot;right&quot;:&quot;&quot;,&quot;bottom&quot;:&quot;&quot;,&quot;left&quot;:&quot;&quot;,&quot;isLinked&quot;:true},&quot;element_pack_global_tooltip_border_radius_tablet&quot;:{&quot;unit&quot;:&quot;px&quot;,&quot;top&quot;:&quot;&quot;,&quot;right&quot;:&quot;&quot;,&quot;bottom&quot;:&quot;&quot;,&quot;left&quot;:&quot;&quot;,&quot;isLinked&quot;:true},&quot;element_pack_global_tooltip_border_radius_mobile&quot;:{&quot;unit&quot;:&quot;px&quot;,&quot;top&quot;:&quot;&quot;,&quot;right&quot;:&quot;&quot;,&quot;bottom&quot;:&quot;&quot;,&quot;left&quot;:&quot;&quot;,&quot;isLinked&quot;:true}}\" data-elementor-post-type=\"post\">\n\t\t\t\t<div data-particle_enable=\"false\" data-particle-mobile-disabled=\"false\" class=\"elementor-element elementor-element-553bf7d0 animated-slow e-flex e-con-boxed e-con e-parent\" data-id=\"553bf7d0\" data-element_type=\"container\" data-settings=\"{&quot;background_background&quot;:&quot;gradient&quot;,&quot;animation&quot;:&quot;none&quot;}\">\n\t\t\t\t\t<div class=\"e-con-inner\">\n\t\t<div data-particle_enable=\"false\" data-particle-mobile-disabled=\"false\" class=\"elementor-element elementor-element-16254880 e-con-full e-flex elementor-invisible e-con e-child\" data-id=\"16254880\" data-element_type=\"container\" data-settings=\"{&quot;animation&quot;:&quot;fadeInLeft&quot;,&quot;animation_delay&quot;:500}\">\n\t\t\t\t<div class=\"elementor-element elementor-element-2556a5ca elementor-widget elementor-widget-heading\" data-id=\"2556a5ca\" data-element_type=\"widget\" data-widget_type=\"heading.default\">\n\t\t\t\t<div class=\"elementor-widget-container\">\n\t\t\t\t\t<h1 class=\"elementor-heading-title elementor-size-default\">30 A\u011fustos Zafer Bayram\u0131<\/h1>\t\t\t\t<\/div>\n\t\t\t\t<\/div>\n\t\t\t\t<\/div>\n\t\t<div data-particle_enable=\"false\" data-particle-mobile-disabled=\"false\" class=\"elementor-element elementor-element-52e064d4 e-con-full e-flex elementor-invisible e-con e-child\" data-id=\"52e064d4\" data-element_type=\"container\" data-settings=\"{&quot;animation&quot;:&quot;fadeInRight&quot;,&quot;animation_delay&quot;:1000}\">\n\t\t\t\t<div class=\"elementor-element elementor-element-51963ada elementor-widget elementor-widget-image\" data-id=\"51963ada\" data-element_type=\"widget\" data-widget_type=\"image.default\">\n\t\t\t\t<div class=\"elementor-widget-container\">\n\t\t\t\t\t\t\t\t\t\t\t\t\t\t\t<img fetchpriority=\"high\" decoding=\"async\" width=\"300\" height=\"297\" src=\"https:\/\/yeni.maliyeokulu.org.tr\/wp-content\/uploads\/2024\/10\/Gold-Logo-Istanbul-300x297.png\" class=\"attachment-medium size-medium wp-image-15783\" alt=\"ist\" srcset=\"https:\/\/yeni.maliyeokulu.org.tr\/wp-content\/uploads\/2024\/10\/Gold-Logo-Istanbul-300x297.png 300w, https:\/\/yeni.maliyeokulu.org.tr\/wp-content\/uploads\/2024\/10\/Gold-Logo-Istanbul-1024x1014.png 1024w, https:\/\/yeni.maliyeokulu.org.tr\/wp-content\/uploads\/2024\/10\/Gold-Logo-Istanbul-150x150.png 150w, https:\/\/yeni.maliyeokulu.org.tr\/wp-content\/uploads\/2024\/10\/Gold-Logo-Istanbul-768x761.png 768w, https:\/\/yeni.maliyeokulu.org.tr\/wp-content\/uploads\/2024\/10\/Gold-Logo-Istanbul.png 1394w\" sizes=\"(max-width: 300px) 100vw, 300px\" \/>\t\t\t\t\t\t\t\t\t\t\t\t\t\t\t<\/div>\n\t\t\t\t<\/div>\n\t\t\t\t<\/div>\n\t\t\t\t\t<\/div>\n\t\t\t\t<\/div>\n\t\t<div data-particle_enable=\"false\" data-particle-mobile-disabled=\"false\" class=\"elementor-element elementor-element-f9126db e-flex e-con-boxed e-con e-parent\" data-id=\"f9126db\" data-element_type=\"container\" data-settings=\"{&quot;background_background&quot;:&quot;gradient&quot;}\">\n\t\t\t\t\t<div class=\"e-con-inner\">\n\t\t\t\t<div class=\"elementor-element elementor-element-44def86 elementor-widget elementor-widget-heading\" data-id=\"44def86\" data-element_type=\"widget\" data-widget_type=\"heading.default\">\n\t\t\t\t<div class=\"elementor-widget-container\">\n\t\t\t\t\t<h2 class=\"elementor-heading-title elementor-size-default\">30 A\u011eUSTOS ZAFER BAYRAMI<\/h2>\t\t\t\t<\/div>\n\t\t\t\t<\/div>\n\t\t\t\t<div class=\"elementor-element elementor-element-a9fdcb3 elementor-widget__width-initial elementor-widget elementor-widget-text-editor\" data-id=\"a9fdcb3\" data-element_type=\"widget\" data-widget_type=\"text-editor.default\">\n\t\t\t\t<div class=\"elementor-widget-container\">\n\t\t\t\t\t\t\t\t\t<p>Ulu \u00d6nder Gazi Mustafa Kemal Atat\u00fcrk\u2019\u00fcn askeri dehas\u0131yla, ulusal kurtulu\u015f m\u00fccadelesinin d\u00f6n\u00fcm noktas\u0131 olarak ba\u015flat\u0131lan B\u00fcy\u00fck Taarruzun sonucunda kazan\u0131lan zafer, T\u00fcrk ulusunun ba\u011f\u0131ms\u0131zl\u0131k azmini t\u00fcm d\u00fcnyaya g\u00f6steren, egemenlik ve \u00f6zg\u00fcrl\u00fc\u011f\u00fcn teminat\u0131 olarak ulusun direncini simgeleyen bir bayramd\u0131r.\u00a0<\/p><h4 style=\"text-align: center;\"><span style=\"color: #ffffff;\">30 A\u011fustos Zafer Bayram\u0131m\u0131z ilelebet kutlu olsun.<\/span><\/h4>\t\t\t\t\t\t\t\t<\/div>\n\t\t\t\t<\/div>\n\t\t\t\t<div class=\"elementor-element elementor-element-9d92b84 elementor-widget__width-initial elementor-widget elementor-widget-video\" data-id=\"9d92b84\" data-element_type=\"widget\" data-settings=\"{&quot;video_type&quot;:&quot;hosted&quot;,&quot;autoplay&quot;:&quot;yes&quot;,&quot;loop&quot;:&quot;yes&quot;,&quot;controls&quot;:&quot;yes&quot;}\" data-widget_type=\"video.default\">\n\t\t\t\t<div class=\"elementor-widget-container\">\n\t\t\t\t\t\t\t<div class=\"e-hosted-video elementor-wrapper elementor-open-inline\">\n\t\t\t\t\t<video class=\"elementor-video\" src=\"https:\/\/yeni.maliyeokulu.org.tr\/wp-content\/uploads\/2025\/08\/30-Agustos_sonvideo2.mp4\" autoplay=\"\" loop=\"\" controls=\"\" controlsList=\"nodownload\" poster=\"https:\/\/yeni.maliyeokulu.org.tr\/wp-content\/uploads\/2025\/08\/30-Agustos_son.png\"><\/video>\n\t\t\t\t<\/div>\n\t\t\t\t\t\t<\/div>\n\t\t\t\t<\/div>\n\t\t\t\t\t<\/div>\n\t\t\t\t<\/div>\n\t\t<div data-particle_enable=\"false\" data-particle-mobile-disabled=\"false\" class=\"elementor-element elementor-element-610ef147 e-flex e-con-boxed e-con e-parent\" data-id=\"610ef147\" data-element_type=\"container\" data-settings=\"{&quot;background_background&quot;:&quot;gradient&quot;}\">\n\t\t\t\t\t<div class=\"e-con-inner\">\n\t\t<div data-particle_enable=\"false\" data-particle-mobile-disabled=\"false\" class=\"elementor-element elementor-element-14b7e05e e-flex e-con-boxed e-con e-child\" data-id=\"14b7e05e\" data-element_type=\"container\">\n\t\t\t\t\t<div class=\"e-con-inner\">\n\t\t\t\t<div class=\"elementor-element elementor-element-277cbbaa elementor-post-navigation-borders-yes elementor-widget elementor-widget-post-navigation\" data-id=\"277cbbaa\" data-element_type=\"widget\" data-widget_type=\"post-navigation.default\">\n\t\t\t\t<div class=\"elementor-widget-container\">\n\t\t\t\t\t\t\t<div class=\"elementor-post-navigation\" role=\"navigation\" aria-label=\"Post Navigation\">\n\t\t\t<div class=\"elementor-post-navigation__prev elementor-post-navigation__link\">\n\t\t\t\t<a href=\"https:\/\/yeni.maliyeokulu.org.tr\/?p=18888\" rel=\"prev\"><span class=\"post-navigation__arrow-wrapper post-navigation__arrow-prev\"><svg aria-hidden=\"true\" class=\"e-font-icon-svg e-fas-angle-left\" viewBox=\"0 0 256 512\" xmlns=\"http:\/\/www.w3.org\/2000\/svg\"><path d=\"M31.7 239l136-136c9.4-9.4 24.6-9.4 33.9 0l22.6 22.6c9.4 9.4 9.4 24.6 0 33.9L127.9 256l96.4 96.4c9.4 9.4 9.4 24.6 0 33.9L201.7 409c-9.4 9.4-24.6 9.4-33.9 0l-136-136c-9.5-9.4-9.5-24.6-.1-34z\"><\/path><\/svg><span class=\"elementor-screen-only\">Prev<\/span><\/span><span class=\"elementor-post-navigation__link__prev\"><span class=\"post-navigation__prev--label\">\u00d6nceki<\/span><span class=\"post-navigation__prev--title\">Sezay\u0130 D\u0130rek<\/span><\/span><\/a>\t\t\t<\/div>\n\t\t\t\t\t\t\t<div class=\"elementor-post-navigation__separator-wrapper\">\n\t\t\t\t\t<div class=\"elementor-post-navigation__separator\"><\/div>\n\t\t\t\t<\/div>\n\t\t\t\t\t\t<div class=\"elementor-post-navigation__next elementor-post-navigation__link\">\n\t\t\t\t<a href=\"https:\/\/yeni.maliyeokulu.org.tr\/?p=19013\" rel=\"next\"><span class=\"elementor-post-navigation__link__next\"><span class=\"post-navigation__next--label\">Sonraki<\/span><span class=\"post-navigation__next--title\">Dernek B\u0130NAMIZI YEN\u0130LED\u0130K, GEL\u0130N YEN\u0130DEN A\u00e7al\u0131m<\/span><\/span><span class=\"post-navigation__arrow-wrapper post-navigation__arrow-next\"><svg aria-hidden=\"true\" class=\"e-font-icon-svg e-fas-angle-right\" viewBox=\"0 0 256 512\" xmlns=\"http:\/\/www.w3.org\/2000\/svg\"><path d=\"M224.3 273l-136 136c-9.4 9.4-24.6 9.4-33.9 0l-22.6-22.6c-9.4-9.4-9.4-24.6 0-33.9l96.4-96.4-96.4-96.4c-9.4-9.4-9.4-24.6 0-33.9L54.3 103c9.4-9.4 24.6-9.4 33.9 0l136 136c9.5 9.4 9.5 24.6.1 34z\"><\/path><\/svg><span class=\"elementor-screen-only\">Next<\/span><\/span><\/a>\t\t\t<\/div>\n\t\t<\/div>\n\t\t\t\t\t\t<\/div>\n\t\t\t\t<\/div>\n\t\t\t\t\t<\/div>\n\t\t\t\t<\/div>\n\t\t\t\t\t<\/div>\n\t\t\t\t<\/div>\n\t\t\t\t<\/div>\n\t\t","protected":false},"excerpt":{"rendered":"<p>30 A\u011eUSTOS ZAFER BAYRAMI Ulu \u00d6nder Gazi Mustafa Kemal Atat\u00fcrk\u2019\u00fcn askeri dehas\u0131yla, ulusal kurtulu\u015f m\u00fccadelesinin d\u00f6n\u00fcm noktas\u0131 olarak ba\u015flat\u0131lan B\u00fcy\u00fck Taarruzun sonucunda kazan\u0131lan zafer, T\u00fcrk ulusunun ba\u011f\u0131ms\u0131zl\u0131k azmini t\u00fcm d\u00fcnyaya g\u00f6steren, egemenlik ve \u00f6zg\u00fcrl\u00fc\u011f\u00fcn teminat\u0131 olarak ulusun direncini simgeleyen bir bayramd\u0131r.\u00a0 30 A\u011fustos Zafer Bayram\u0131m\u0131z ilelebet kutlu olsun. https:\/\/yeni.maliyeokulu.org.tr\/wp-content\/uploads\/2025\/08\/30-Agustos_sonvideo2.mp4<\/p>\n","protected":false},"author":1,"featured_media":15783,"comment_status":"closed","ping_status":"closed","sticky":false,"template":"elementor_header_footer","format":"standard","meta":{"_eb_attr":"","_gspb_post_css":"","_crdt_document":"","footnotes":""},"categories":[4,121],"tags":[],"class_list":["post-18992","post","type-post","status-publish","format-standard","has-post-thumbnail","hentry","category-haber","category-haber-arsivi"],"blocksy_meta":[],"_links":{"self":[{"href":"https:\/\/yeni.maliyeokulu.org.tr\/index.php?rest_route=\/wp\/v2\/posts\/18992","targetHints":{"allow":["GET"]}}],"collection":[{"href":"https:\/\/yeni.maliyeokulu.org.tr\/index.php?rest_route=\/wp\/v2\/posts"}],"about":[{"href":"https:\/\/yeni.maliyeokulu.org.tr\/index.php?rest_route=\/wp\/v2\/types\/post"}],"author":[{"embeddable":true,"href":"https:\/\/yeni.maliyeokulu.org.tr\/index.php?rest_route=\/wp\/v2\/users\/1"}],"replies":[{"embeddable":true,"href":"https:\/\/yeni.maliyeokulu.org.tr\/index.php?rest_route=%2Fwp%2Fv2%2Fcomments&post=18992"}],"version-history":[{"count":13,"href":"https:\/\/yeni.maliyeokulu.org.tr\/index.php?rest_route=\/wp\/v2\/posts\/18992\/revisions"}],"predecessor-version":[{"id":19006,"href":"https:\/\/yeni.maliyeokulu.org.tr\/index.php?rest_route=\/wp\/v2\/posts\/18992\/revisions\/19006"}],"wp:featuredmedia":[{"embeddable":true,"href":"https:\/\/yeni.maliyeokulu.org.tr\/index.php?rest_route=\/wp\/v2\/media\/15783"}],"wp:attachment":[{"href":"https:\/\/yeni.maliyeokulu.org.tr\/index.php?rest_route=%2Fwp%2Fv2%2Fmedia&parent=18992"}],"wp:term":[{"taxonomy":"category","embeddable":true,"href":"https:\/\/yeni.maliyeokulu.org.tr\/index.php?rest_route=%2Fwp%2Fv2%2Fcategories&post=18992"},{"taxonomy":"post_tag","embeddable":true,"href":"https:\/\/yeni.maliyeokulu.org.tr\/index.php?rest_route=%2Fwp%2Fv2%2Ftags&post=18992"}],"curies":[{"name":"wp","href":"https:\/\/api.w.org\/{rel}","templated":true}]}}