{"id":19302,"date":"2025-09-18T14:20:19","date_gmt":"2025-09-18T11:20:19","guid":{"rendered":"https:\/\/yeni.maliyeokulu.org.tr\/?p=19302"},"modified":"2026-02-24T17:24:27","modified_gmt":"2026-02-24T14:24:27","slug":"telat-ozkaya","status":"publish","type":"post","link":"https:\/\/yeni.maliyeokulu.org.tr\/?p=19302","title":{"rendered":"Telat \u00d6ZKAYA"},"content":{"rendered":"\t\t<div data-elementor-type=\"wp-post\" data-elementor-id=\"19302\" class=\"elementor elementor-19302\" data-elementor-settings=\"{&quot;element_pack_global_tooltip_width&quot;:{&quot;unit&quot;:&quot;px&quot;,&quot;size&quot;:&quot;&quot;,&quot;sizes&quot;:[]},&quot;element_pack_global_tooltip_width_tablet&quot;:{&quot;unit&quot;:&quot;px&quot;,&quot;size&quot;:&quot;&quot;,&quot;sizes&quot;:[]},&quot;element_pack_global_tooltip_width_mobile&quot;:{&quot;unit&quot;:&quot;px&quot;,&quot;size&quot;:&quot;&quot;,&quot;sizes&quot;:[]},&quot;element_pack_global_tooltip_padding&quot;:{&quot;unit&quot;:&quot;px&quot;,&quot;top&quot;:&quot;&quot;,&quot;right&quot;:&quot;&quot;,&quot;bottom&quot;:&quot;&quot;,&quot;left&quot;:&quot;&quot;,&quot;isLinked&quot;:true},&quot;element_pack_global_tooltip_padding_tablet&quot;:{&quot;unit&quot;:&quot;px&quot;,&quot;top&quot;:&quot;&quot;,&quot;right&quot;:&quot;&quot;,&quot;bottom&quot;:&quot;&quot;,&quot;left&quot;:&quot;&quot;,&quot;isLinked&quot;:true},&quot;element_pack_global_tooltip_padding_mobile&quot;:{&quot;unit&quot;:&quot;px&quot;,&quot;top&quot;:&quot;&quot;,&quot;right&quot;:&quot;&quot;,&quot;bottom&quot;:&quot;&quot;,&quot;left&quot;:&quot;&quot;,&quot;isLinked&quot;:true},&quot;element_pack_global_tooltip_border_radius&quot;:{&quot;unit&quot;:&quot;px&quot;,&quot;top&quot;:&quot;&quot;,&quot;right&quot;:&quot;&quot;,&quot;bottom&quot;:&quot;&quot;,&quot;left&quot;:&quot;&quot;,&quot;isLinked&quot;:true},&quot;element_pack_global_tooltip_border_radius_tablet&quot;:{&quot;unit&quot;:&quot;px&quot;,&quot;top&quot;:&quot;&quot;,&quot;right&quot;:&quot;&quot;,&quot;bottom&quot;:&quot;&quot;,&quot;left&quot;:&quot;&quot;,&quot;isLinked&quot;:true},&quot;element_pack_global_tooltip_border_radius_mobile&quot;:{&quot;unit&quot;:&quot;px&quot;,&quot;top&quot;:&quot;&quot;,&quot;right&quot;:&quot;&quot;,&quot;bottom&quot;:&quot;&quot;,&quot;left&quot;:&quot;&quot;,&quot;isLinked&quot;:true}}\" data-elementor-post-type=\"post\">\n\t\t\t\t<div data-particle_enable=\"false\" data-particle-mobile-disabled=\"false\" class=\"elementor-element elementor-element-553bf7d0 animated-slow e-flex e-con-boxed e-con e-parent\" data-id=\"553bf7d0\" data-element_type=\"container\" data-settings=\"{&quot;background_background&quot;:&quot;gradient&quot;,&quot;shape_divider_bottom&quot;:&quot;tilt&quot;,&quot;animation&quot;:&quot;none&quot;}\">\n\t\t\t\t\t<div class=\"e-con-inner\">\n\t\t\t\t<div class=\"elementor-shape elementor-shape-bottom\" aria-hidden=\"true\" data-negative=\"false\">\n\t\t\t<svg xmlns=\"http:\/\/www.w3.org\/2000\/svg\" viewBox=\"0 0 1000 100\" preserveAspectRatio=\"none\">\n\t<path class=\"elementor-shape-fill\" d=\"M0,6V0h1000v100L0,6z\"\/>\n<\/svg>\t\t<\/div>\n\t\t<div data-particle_enable=\"false\" data-particle-mobile-disabled=\"false\" class=\"elementor-element elementor-element-16254880 e-con-full e-flex elementor-invisible e-con e-child\" data-id=\"16254880\" data-element_type=\"container\" data-settings=\"{&quot;animation&quot;:&quot;fadeInLeft&quot;,&quot;animation_delay&quot;:500}\">\n\t\t\t\t<div class=\"elementor-element elementor-element-2556a5ca elementor-widget elementor-widget-heading\" data-id=\"2556a5ca\" data-element_type=\"widget\" data-widget_type=\"heading.default\">\n\t\t\t\t<div class=\"elementor-widget-container\">\n\t\t\t\t\t<h1 class=\"elementor-heading-title elementor-size-default\">Telat \u00d6ZKAYA<\/h1>\t\t\t\t<\/div>\n\t\t\t\t<\/div>\n\t\t\t\t<div class=\"elementor-element elementor-element-260f703b elementor-widget elementor-widget-text-editor\" data-id=\"260f703b\" data-element_type=\"widget\" data-widget_type=\"text-editor.default\">\n\t\t\t\t<div class=\"elementor-widget-container\">\n\t\t\t\t\t\t\t\t\t<p>Ankara &#8211; 1972<\/p>\t\t\t\t\t\t\t\t<\/div>\n\t\t\t\t<\/div>\n\t\t\t\t<\/div>\n\t\t<div data-particle_enable=\"false\" data-particle-mobile-disabled=\"false\" class=\"elementor-element elementor-element-52e064d4 e-con-full e-flex elementor-invisible e-con e-child\" data-id=\"52e064d4\" data-element_type=\"container\" data-settings=\"{&quot;animation&quot;:&quot;fadeInRight&quot;,&quot;animation_delay&quot;:1000}\">\n\t\t\t\t<div class=\"elementor-element elementor-element-51963ada elementor-widget elementor-widget-image\" data-id=\"51963ada\" data-element_type=\"widget\" data-widget_type=\"image.default\">\n\t\t\t\t<div class=\"elementor-widget-container\">\n\t\t\t\t\t\t\t\t\t\t\t\t\t\t\t<img fetchpriority=\"high\" decoding=\"async\" width=\"212\" height=\"300\" src=\"https:\/\/yeni.maliyeokulu.org.tr\/wp-content\/uploads\/2025\/09\/telatozkaya2-212x300.jpg\" class=\"attachment-medium size-medium wp-image-19305\" alt=\"\" srcset=\"https:\/\/yeni.maliyeokulu.org.tr\/wp-content\/uploads\/2025\/09\/telatozkaya2-212x300.jpg 212w, https:\/\/yeni.maliyeokulu.org.tr\/wp-content\/uploads\/2025\/09\/telatozkaya2-723x1024.jpg 723w, https:\/\/yeni.maliyeokulu.org.tr\/wp-content\/uploads\/2025\/09\/telatozkaya2-768x1087.jpg 768w, https:\/\/yeni.maliyeokulu.org.tr\/wp-content\/uploads\/2025\/09\/telatozkaya2-1085x1536.jpg 1085w, https:\/\/yeni.maliyeokulu.org.tr\/wp-content\/uploads\/2025\/09\/telatozkaya2.jpg 1297w\" sizes=\"(max-width: 212px) 100vw, 212px\" \/>\t\t\t\t\t\t\t\t\t\t\t\t\t\t\t<\/div>\n\t\t\t\t<\/div>\n\t\t\t\t<\/div>\n\t\t\t\t\t<\/div>\n\t\t\t\t<\/div>\n\t\t<div data-particle_enable=\"false\" data-particle-mobile-disabled=\"false\" class=\"elementor-element elementor-element-4fd7ebd e-flex e-con-boxed e-con e-parent\" data-id=\"4fd7ebd\" data-element_type=\"container\" data-settings=\"{&quot;background_background&quot;:&quot;classic&quot;}\">\n\t\t\t\t\t<div class=\"e-con-inner\">\n\t\t\t\t<div class=\"elementor-element elementor-element-d32938d elementor-widget elementor-widget-heading\" data-id=\"d32938d\" data-element_type=\"widget\" data-widget_type=\"heading.default\">\n\t\t\t\t<div class=\"elementor-widget-container\">\n\t\t\t\t\t<h2 class=\"elementor-heading-title elementor-size-default\">Ac\u0131 Kayb\u0131m\u0131z<\/h2>\t\t\t\t<\/div>\n\t\t\t\t<\/div>\n\t\t\t\t<div class=\"elementor-element elementor-element-2d19b00 elementor-widget elementor-widget-text-editor\" data-id=\"2d19b00\" data-element_type=\"widget\" data-widget_type=\"text-editor.default\">\n\t\t\t\t<div class=\"elementor-widget-container\">\n\t\t\t\t\t\t\t\t\t<p>VEFAT &amp; BA\u015eSA\u011eLI\u011eI<br class=\"html-br\" \/><br class=\"html-br\" \/>Okulumuzun Ankara 1972 d\u00f6nemi mezunu Telat \u00d6ZKAYA&#8217;y\u0131 yitirmenin derin \u00fcz\u00fcnt\u00fcs\u00fc i\u00e7indeyiz.<\/p><p>Cenazesi 18.09.2025 Per\u015fembe g\u00fcn\u00fc (yar\u0131n) Giresun \u0130li Bulancak \u0130l\u00e7esi Nefsi Piraziz K\u00f6y\u00fc Camiinde \u00f6\u011fle namaz\u0131n\u0131 m\u00fcteakiben k\u0131l\u0131nacak cenaze namaz\u0131 sonras\u0131 defnedilecektir.<\/p><p>De\u011ferli mezunumuza Tanr\u0131dan rahmet, kederli ailesi ve Maliye Okulu camias\u0131na ba\u015fsa\u011fl\u0131\u011f\u0131 ve sab\u0131r dileriz.\u00a0<\/p>\t\t\t\t\t\t\t\t<\/div>\n\t\t\t\t<\/div>\n\t\t\t\t<div class=\"elementor-element elementor-element-fc14220 elementor-widget__width-initial elementor-widget elementor-widget-eael-image-comparison\" data-id=\"fc14220\" data-element_type=\"widget\" data-widget_type=\"eael-image-comparison.default\">\n\t\t\t\t<div class=\"elementor-widget-container\">\n\t\t\t\t\t<div class=\"eael-img-comp-wrapper\"><div id=\"eael-image-comparison-fc14220\" class=\"eael-img-comp-container twentytwenty-container\" data-offset=\"0.7\" data-orientation=\"horizontal\" data-before_label=\"1972\" data-after_label=\"2025\" data-overlay=\"yes\" data-onhover=\"no\" data-onclick=\"no\">\n\t\t\t<img decoding=\"async\" class=\"eael-before-img\" alt=\"\" src=\"https:\/\/yeni.maliyeokulu.org.tr\/wp-content\/uploads\/2025\/09\/telatozkaya.jpg\">\n\t\t\t<img decoding=\"async\" class=\"eael-after-img\" alt=\"\" src=\"https:\/\/yeni.maliyeokulu.org.tr\/wp-content\/uploads\/2025\/09\/telatozkaya2.jpg\">\n        <\/div><\/div>\t\t\t\t<\/div>\n\t\t\t\t<\/div>\n\t\t\t\t<div class=\"elementor-element elementor-element-495efda elementor-widget elementor-widget-text-editor\" data-id=\"495efda\" data-element_type=\"widget\" data-widget_type=\"text-editor.default\">\n\t\t\t\t<div class=\"elementor-widget-container\">\n\t\t\t\t\t\t\t\t\t<p>Devrin daim, \u0131\u015f\u0131klar yolda\u015f\u0131n olsun Telat Karde\u015fimiz<\/p>\t\t\t\t\t\t\t\t<\/div>\n\t\t\t\t<\/div>\n\t\t\t\t\t<\/div>\n\t\t\t\t<\/div>\n\t\t<div data-particle_enable=\"false\" data-particle-mobile-disabled=\"false\" class=\"elementor-element elementor-element-e05d6ad e-flex e-con-boxed e-con e-parent\" data-id=\"e05d6ad\" data-element_type=\"container\" data-settings=\"{&quot;background_background&quot;:&quot;classic&quot;}\">\n\t\t\t\t\t<div class=\"e-con-inner\">\n\t\t\t\t<div class=\"elementor-element elementor-element-1c520e8 elementor-widget-divider--view-line elementor-widget elementor-widget-divider\" data-id=\"1c520e8\" data-element_type=\"widget\" data-widget_type=\"divider.default\">\n\t\t\t\t<div class=\"elementor-widget-container\">\n\t\t\t\t\t\t\t<div class=\"elementor-divider\">\n\t\t\t<span class=\"elementor-divider-separator\">\n\t\t\t\t\t\t<\/span>\n\t\t<\/div>\n\t\t\t\t\t\t<\/div>\n\t\t\t\t<\/div>\n\t\t\t\t\t<\/div>\n\t\t\t\t<\/div>\n\t\t<div data-particle_enable=\"false\" data-particle-mobile-disabled=\"false\" class=\"elementor-element elementor-element-610ef147 e-flex e-con-boxed e-con e-parent\" data-id=\"610ef147\" data-element_type=\"container\" data-settings=\"{&quot;background_background&quot;:&quot;gradient&quot;}\">\n\t\t\t\t\t<div class=\"e-con-inner\">\n\t\t<div data-particle_enable=\"false\" data-particle-mobile-disabled=\"false\" class=\"elementor-element elementor-element-14b7e05e e-flex e-con-boxed e-con e-child\" data-id=\"14b7e05e\" data-element_type=\"container\">\n\t\t\t\t\t<div class=\"e-con-inner\">\n\t\t\t\t<div class=\"elementor-element elementor-element-277cbbaa elementor-post-navigation-borders-yes elementor-widget elementor-widget-post-navigation\" data-id=\"277cbbaa\" data-element_type=\"widget\" data-widget_type=\"post-navigation.default\">\n\t\t\t\t<div class=\"elementor-widget-container\">\n\t\t\t\t\t\t\t<div class=\"elementor-post-navigation\" role=\"navigation\" aria-label=\"Post Navigation\">\n\t\t\t<div class=\"elementor-post-navigation__prev elementor-post-navigation__link\">\n\t\t\t\t<a href=\"https:\/\/yeni.maliyeokulu.org.tr\/?p=19099\" rel=\"prev\"><span class=\"post-navigation__arrow-wrapper post-navigation__arrow-prev\"><svg aria-hidden=\"true\" class=\"e-font-icon-svg e-fas-angle-left\" viewBox=\"0 0 256 512\" xmlns=\"http:\/\/www.w3.org\/2000\/svg\"><path d=\"M31.7 239l136-136c9.4-9.4 24.6-9.4 33.9 0l22.6 22.6c9.4 9.4 9.4 24.6 0 33.9L127.9 256l96.4 96.4c9.4 9.4 9.4 24.6 0 33.9L201.7 409c-9.4 9.4-24.6 9.4-33.9 0l-136-136c-9.5-9.4-9.5-24.6-.1-34z\"><\/path><\/svg><span class=\"elementor-screen-only\">Prev<\/span><\/span><span class=\"elementor-post-navigation__link__prev\"><span class=\"post-navigation__prev--label\">\u00d6nceki<\/span><span class=\"post-navigation__prev--title\">Hakan KA\u00c7MAZ<\/span><\/span><\/a>\t\t\t<\/div>\n\t\t\t\t\t\t\t<div class=\"elementor-post-navigation__separator-wrapper\">\n\t\t\t\t\t<div class=\"elementor-post-navigation__separator\"><\/div>\n\t\t\t\t<\/div>\n\t\t\t\t\t\t<div class=\"elementor-post-navigation__next elementor-post-navigation__link\">\n\t\t\t\t<a href=\"https:\/\/yeni.maliyeokulu.org.tr\/?p=19280\" rel=\"next\"><span class=\"elementor-post-navigation__link__next\"><span class=\"post-navigation__next--label\">Sonraki<\/span><span class=\"post-navigation__next--title\">Ufuk GEZER<\/span><\/span><span class=\"post-navigation__arrow-wrapper post-navigation__arrow-next\"><svg aria-hidden=\"true\" class=\"e-font-icon-svg e-fas-angle-right\" viewBox=\"0 0 256 512\" xmlns=\"http:\/\/www.w3.org\/2000\/svg\"><path d=\"M224.3 273l-136 136c-9.4 9.4-24.6 9.4-33.9 0l-22.6-22.6c-9.4-9.4-9.4-24.6 0-33.9l96.4-96.4-96.4-96.4c-9.4-9.4-9.4-24.6 0-33.9L54.3 103c9.4-9.4 24.6-9.4 33.9 0l136 136c9.5 9.4 9.5 24.6.1 34z\"><\/path><\/svg><span class=\"elementor-screen-only\">Next<\/span><\/span><\/a>\t\t\t<\/div>\n\t\t<\/div>\n\t\t\t\t\t\t<\/div>\n\t\t\t\t<\/div>\n\t\t\t\t\t<\/div>\n\t\t\t\t<\/div>\n\t\t\t\t\t<\/div>\n\t\t\t\t<\/div>\n\t\t\t\t<\/div>\n\t\t","protected":false},"excerpt":{"rendered":"<p>Ankara &#8211; 1972 Ac\u0131 Kayb\u0131m\u0131z VEFAT &amp; BA\u015eSA\u011eLI\u011eI Okulumuzun Ankara 1972 d\u00f6nemi mezunu Telat \u00d6ZKAYA&#8217;y\u0131 yitirmenin derin \u00fcz\u00fcnt\u00fcs\u00fc i\u00e7indeyiz. Cenazesi 18.09.2025 Per\u015fembe g\u00fcn\u00fc (yar\u0131n) Giresun \u0130li Bulancak \u0130l\u00e7esi Nefsi Piraziz K\u00f6y\u00fc Camiinde \u00f6\u011fle namaz\u0131n\u0131 m\u00fcteakiben k\u0131l\u0131nacak cenaze namaz\u0131 sonras\u0131 defnedilecektir. De\u011ferli mezunumuza Tanr\u0131dan rahmet, kederli ailesi ve Maliye Okulu camias\u0131na ba\u015fsa\u011fl\u0131\u011f\u0131 ve sab\u0131r dileriz.\u00a0 Devrin [&hellip;]<\/p>\n","protected":false},"author":1,"featured_media":19305,"comment_status":"closed","ping_status":"closed","sticky":false,"template":"elementor_header_footer","format":"standard","meta":{"_eb_attr":"","_gspb_post_css":"","_crdt_document":"","footnotes":""},"categories":[4,121],"tags":[187],"class_list":["post-19302","post","type-post","status-publish","format-standard","has-post-thumbnail","hentry","category-haber","category-haber-arsivi","tag-vefat"],"blocksy_meta":[],"_links":{"self":[{"href":"https:\/\/yeni.maliyeokulu.org.tr\/index.php?rest_route=\/wp\/v2\/posts\/19302","targetHints":{"allow":["GET"]}}],"collection":[{"href":"https:\/\/yeni.maliyeokulu.org.tr\/index.php?rest_route=\/wp\/v2\/posts"}],"about":[{"href":"https:\/\/yeni.maliyeokulu.org.tr\/index.php?rest_route=\/wp\/v2\/types\/post"}],"author":[{"embeddable":true,"href":"https:\/\/yeni.maliyeokulu.org.tr\/index.php?rest_route=\/wp\/v2\/users\/1"}],"replies":[{"embeddable":true,"href":"https:\/\/yeni.maliyeokulu.org.tr\/index.php?rest_route=%2Fwp%2Fv2%2Fcomments&post=19302"}],"version-history":[{"count":10,"href":"https:\/\/yeni.maliyeokulu.org.tr\/index.php?rest_route=\/wp\/v2\/posts\/19302\/revisions"}],"predecessor-version":[{"id":19316,"href":"https:\/\/yeni.maliyeokulu.org.tr\/index.php?rest_route=\/wp\/v2\/posts\/19302\/revisions\/19316"}],"wp:featuredmedia":[{"embeddable":true,"href":"https:\/\/yeni.maliyeokulu.org.tr\/index.php?rest_route=\/wp\/v2\/media\/19305"}],"wp:attachment":[{"href":"https:\/\/yeni.maliyeokulu.org.tr\/index.php?rest_route=%2Fwp%2Fv2%2Fmedia&parent=19302"}],"wp:term":[{"taxonomy":"category","embeddable":true,"href":"https:\/\/yeni.maliyeokulu.org.tr\/index.php?rest_route=%2Fwp%2Fv2%2Fcategories&post=19302"},{"taxonomy":"post_tag","embeddable":true,"href":"https:\/\/yeni.maliyeokulu.org.tr\/index.php?rest_route=%2Fwp%2Fv2%2Ftags&post=19302"}],"curies":[{"name":"wp","href":"https:\/\/api.w.org\/{rel}","templated":true}]}}