{"id":20987,"date":"2026-01-25T03:18:02","date_gmt":"2026-01-25T00:18:02","guid":{"rendered":"https:\/\/yeni.maliyeokulu.org.tr\/?p=20987"},"modified":"2026-01-25T03:31:05","modified_gmt":"2026-01-25T00:31:05","slug":"dr-ogr-gor-z-nurdan-atalay","status":"publish","type":"post","link":"https:\/\/yeni.maliyeokulu.org.tr\/?p=20987","title":{"rendered":"Dr. \u00d6\u011fr. G\u00f6r. Z. Nurdan ATALAY"},"content":{"rendered":"\t\t<div data-elementor-type=\"wp-post\" data-elementor-id=\"20987\" class=\"elementor elementor-20987\" data-elementor-settings=\"{&quot;element_pack_global_tooltip_width&quot;:{&quot;unit&quot;:&quot;px&quot;,&quot;size&quot;:&quot;&quot;,&quot;sizes&quot;:[]},&quot;element_pack_global_tooltip_width_tablet&quot;:{&quot;unit&quot;:&quot;px&quot;,&quot;size&quot;:&quot;&quot;,&quot;sizes&quot;:[]},&quot;element_pack_global_tooltip_width_mobile&quot;:{&quot;unit&quot;:&quot;px&quot;,&quot;size&quot;:&quot;&quot;,&quot;sizes&quot;:[]},&quot;element_pack_global_tooltip_padding&quot;:{&quot;unit&quot;:&quot;px&quot;,&quot;top&quot;:&quot;&quot;,&quot;right&quot;:&quot;&quot;,&quot;bottom&quot;:&quot;&quot;,&quot;left&quot;:&quot;&quot;,&quot;isLinked&quot;:true},&quot;element_pack_global_tooltip_padding_tablet&quot;:{&quot;unit&quot;:&quot;px&quot;,&quot;top&quot;:&quot;&quot;,&quot;right&quot;:&quot;&quot;,&quot;bottom&quot;:&quot;&quot;,&quot;left&quot;:&quot;&quot;,&quot;isLinked&quot;:true},&quot;element_pack_global_tooltip_padding_mobile&quot;:{&quot;unit&quot;:&quot;px&quot;,&quot;top&quot;:&quot;&quot;,&quot;right&quot;:&quot;&quot;,&quot;bottom&quot;:&quot;&quot;,&quot;left&quot;:&quot;&quot;,&quot;isLinked&quot;:true},&quot;element_pack_global_tooltip_border_radius&quot;:{&quot;unit&quot;:&quot;px&quot;,&quot;top&quot;:&quot;&quot;,&quot;right&quot;:&quot;&quot;,&quot;bottom&quot;:&quot;&quot;,&quot;left&quot;:&quot;&quot;,&quot;isLinked&quot;:true},&quot;element_pack_global_tooltip_border_radius_tablet&quot;:{&quot;unit&quot;:&quot;px&quot;,&quot;top&quot;:&quot;&quot;,&quot;right&quot;:&quot;&quot;,&quot;bottom&quot;:&quot;&quot;,&quot;left&quot;:&quot;&quot;,&quot;isLinked&quot;:true},&quot;element_pack_global_tooltip_border_radius_mobile&quot;:{&quot;unit&quot;:&quot;px&quot;,&quot;top&quot;:&quot;&quot;,&quot;right&quot;:&quot;&quot;,&quot;bottom&quot;:&quot;&quot;,&quot;left&quot;:&quot;&quot;,&quot;isLinked&quot;:true}}\" data-elementor-post-type=\"post\">\n\t\t\t\t<div data-particle_enable=\"false\" data-particle-mobile-disabled=\"false\" class=\"elementor-element elementor-element-c05afda animated-slow e-flex e-con-boxed e-con e-parent\" data-id=\"c05afda\" data-element_type=\"container\" data-settings=\"{&quot;background_background&quot;:&quot;gradient&quot;,&quot;animation&quot;:&quot;none&quot;}\">\n\t\t\t\t\t<div class=\"e-con-inner\">\n\t\t\t\t\t<\/div>\n\t\t\t\t<\/div>\n\t\t<div data-particle_enable=\"false\" data-particle-mobile-disabled=\"false\" class=\"elementor-element elementor-element-bf2eb54 e-flex e-con-boxed e-con e-parent\" data-id=\"bf2eb54\" data-element_type=\"container\" data-settings=\"{&quot;background_background&quot;:&quot;gradient&quot;}\">\n\t\t\t\t\t<div class=\"e-con-inner\">\n\t\t\t\t<div class=\"elementor-element elementor-element-36f138a elementor-widget elementor-widget-heading\" data-id=\"36f138a\" data-element_type=\"widget\" data-widget_type=\"heading.default\">\n\t\t\t\t<div class=\"elementor-widget-container\">\n\t\t\t\t\t<h2 class=\"elementor-heading-title elementor-size-default\">Dr. \u00d6\u011fr. G\u00f6r. Z. Nurdan ATALAY<\/h2>\t\t\t\t<\/div>\n\t\t\t\t<\/div>\n\t\t\t\t\t<\/div>\n\t\t\t\t<\/div>\n\t\t\t\t<section data-particle_enable=\"false\" data-particle-mobile-disabled=\"false\" class=\"elementor-section elementor-top-section elementor-element elementor-element-e23fc9c elementor-section-height-min-height elementor-section-boxed elementor-section-height-default elementor-section-items-middle\" data-id=\"e23fc9c\" data-element_type=\"section\" data-settings=\"{&quot;background_background&quot;:&quot;gradient&quot;}\">\n\t\t\t\t\t\t<div class=\"elementor-container elementor-column-gap-default\">\n\t\t\t\t\t<div class=\"elementor-column elementor-col-33 elementor-top-column elementor-element elementor-element-ede3507\" data-id=\"ede3507\" data-element_type=\"column\">\n\t\t\t<div class=\"elementor-widget-wrap\">\n\t\t\t\t\t\t\t<\/div>\n\t\t<\/div>\n\t\t\t\t<div class=\"elementor-column elementor-col-33 elementor-top-column elementor-element elementor-element-19feee2\" data-id=\"19feee2\" data-element_type=\"column\">\n\t\t\t<div class=\"elementor-widget-wrap elementor-element-populated\">\n\t\t\t\t\t\t<section data-particle_enable=\"false\" data-particle-mobile-disabled=\"false\" class=\"elementor-section elementor-inner-section elementor-element elementor-element-81b258e elementor-section-height-min-height elementor-section-content-bottom elementor-section-boxed elementor-section-height-default\" data-id=\"81b258e\" data-element_type=\"section\" data-settings=\"{&quot;background_background&quot;:&quot;classic&quot;}\">\n\t\t\t\t\t\t<div class=\"elementor-container elementor-column-gap-default\">\n\t\t\t\t\t<div class=\"elementor-column elementor-col-100 elementor-inner-column elementor-element elementor-element-2e992d6 member-info\" data-id=\"2e992d6\" data-element_type=\"column\" data-settings=\"{&quot;background_background&quot;:&quot;classic&quot;}\">\n\t\t\t<div class=\"elementor-widget-wrap elementor-element-populated\">\n\t\t\t\t\t\t<div class=\"elementor-element elementor-element-e5b1ca9 elementor-widget elementor-widget-heading\" data-id=\"e5b1ca9\" data-element_type=\"widget\" data-widget_type=\"heading.default\">\n\t\t\t\t<div class=\"elementor-widget-container\">\n\t\t\t\t\t<h2 class=\"elementor-heading-title elementor-size-default\">Dr. \u00d6\u011fr. G\u00f6r. <br>Zehra Nurdan ATALAY<\/h2>\t\t\t\t<\/div>\n\t\t\t\t<\/div>\n\t\t\t\t<div class=\"elementor-element elementor-element-6e6d514 elementor-widget elementor-widget-heading\" data-id=\"6e6d514\" data-element_type=\"widget\" data-widget_type=\"heading.default\">\n\t\t\t\t<div class=\"elementor-widget-container\">\n\t\t\t\t\t<h2 class=\"elementor-heading-title elementor-size-default\">\u0130ZM\u0130R - 1993<\/h2>\t\t\t\t<\/div>\n\t\t\t\t<\/div>\n\t\t\t\t\t<\/div>\n\t\t<\/div>\n\t\t\t\t\t<\/div>\n\t\t<\/section>\n\t\t\t\t\t<\/div>\n\t\t<\/div>\n\t\t\t\t<div class=\"elementor-column elementor-col-33 elementor-top-column elementor-element elementor-element-0a70c50\" data-id=\"0a70c50\" data-element_type=\"column\">\n\t\t\t<div class=\"elementor-widget-wrap\">\n\t\t\t\t\t\t\t<\/div>\n\t\t<\/div>\n\t\t\t\t\t<\/div>\n\t\t<\/section>\n\t\t<div data-particle_enable=\"false\" data-particle-mobile-disabled=\"false\" class=\"elementor-element elementor-element-d3a1aac e-flex e-con-boxed e-con e-parent\" data-id=\"d3a1aac\" data-element_type=\"container\">\n\t\t\t\t\t<div class=\"e-con-inner\">\n\t\t<div data-particle_enable=\"false\" data-particle-mobile-disabled=\"false\" class=\"elementor-element elementor-element-0043f6d e-con-full e-flex e-con e-child\" data-id=\"0043f6d\" data-element_type=\"container\">\n\t\t\t\t<div class=\"elementor-element elementor-element-74a7ed4 elementor-widget elementor-widget-text-editor\" data-id=\"74a7ed4\" data-element_type=\"widget\" data-widget_type=\"text-editor.default\">\n\t\t\t\t<div class=\"elementor-widget-container\">\n\t\t\t\t\t\t\t\t\t<p><strong><br \/><\/strong>1993 y\u0131l\u0131nda <strong>\u0130zmir Maliye Meslek Lisesi<\/strong>ni bitiren <strong>Zehra Nurdan ATALAY,<\/strong> Ortado\u011fu Teknik \u00dcniversitesi Sosyoloji B\u00f6l\u00fcm\u00fcnde 2002-2012 y\u0131llar\u0131nda lisans, y\u00fcksek lisans ve\u00a0 doktora e\u011fitimlerini tamamlad\u0131.\u00a0<\/p><p>\u00c7al\u0131\u015fma hayat\u0131na 1993-1995 y\u0131llar\u0131nda Band\u0131rma Vergi Dairesinde ba\u015flayan Atalay, 2000-2002 y\u0131llar\u0131nda ODT\u00dc&#8217;de ara\u015ft\u0131rma g\u00f6revlisi; 2009-2013 aras\u0131nda Mardin Artuklu \u00dcniversitesinde genel e\u011fitim m\u00fcfredat\u0131 ve i\u00e7eri\u011finin geli\u015ftirilmesi, g\u00f6zden ge\u00e7irilmesi ve revize edilmesi Doktora ara\u015ft\u0131rmalar\u0131 i\u00e7in nitel g\u00f6r\u00fc\u015fmelerin haz\u0131rlanmas\u0131 ve y\u00fcr\u00fct\u00fclmesi ile B\u00f6l\u00fcm toplant\u0131lar\u0131n\u0131n organize edilmesi konular\u0131nda ara\u015ft\u0131rma g\u00f6revlisi, ayn\u0131 \u00fcniversitede 2013-2019 y\u0131llar\u0131nda Dr. \u00d6\u011fretim G\u00f6revlisi olarak g\u00f6rev yapt\u0131.\u00a0<\/p><p>Do\u00e7. Dr. Atalay 2019 y\u0131l\u0131ndan itibaren Band\u0131rma Onyedi Eyl\u00fcl \u00dcniversitesinde Doktor \u00d6\u011fretim G\u00f6revlisi (Do\u00e7. Dr) olarak g\u00f6revini s\u00fcrd\u00fcrmektedir.<\/p><p><strong>\u00c7al\u0131\u015fmalar\u0131 &#8211; Yay\u0131nlar\u0131:\u00a0<\/strong><\/p><p style=\"text-align: left;\" align=\"center\"><span style=\"color: #007478;\"><span style=\"font-family: Roboto, Arial, sans-serif;\"><span style=\"font-size: small;\">*\u00a0<a href=\"https:\/\/www.researchgate.net\/publication\/378492486_TOZ_BEZI_2015_AHU_OZTURK_KARSILASMALAR_CATISMALAR_IS_BIRLIKLERI\"><span style=\"color: #111111;\"><span style=\"font-family: inherit;\"><b>TOZ BEZI (2015, AHU \u00d6ZT\u00dcRK): KAR\u015eILA\u015eMALAR, \u00c7ATI\u015eMALAR, \u0130\u015e B\u0130RL\u0130KLER\u0130<\/b><\/span><\/span><\/a>\u00a0&#8211;\u00a0<\/span><\/span><\/span><span style=\"font-family: inherit; font-size: inherit; font-style: inherit; font-variant-ligatures: inherit; font-variant-caps: inherit; font-weight: inherit; color: #777777;\"><span style=\"font-family: Roboto, Arial, sans-serif;\"><span style=\"font-size: small;\">Ocak 2024\u00a0<\/span><\/span><\/span><a style=\"font-family: inherit; font-size: inherit; font-style: inherit; font-variant-ligatures: inherit; font-variant-caps: inherit; font-weight: inherit;\" href=\"https:\/\/www.researchgate.net\/profile\/Z-Atalay\"><span style=\"color: #111111;\"><span style=\"font-family: inherit;\"><span style=\"font-size: small;\">Z. Nurdan Atalay<\/span><\/span><\/span><\/a><span style=\"font-family: inherit; font-size: inherit; font-style: inherit; font-variant-ligatures: inherit; font-variant-caps: inherit; font-weight: inherit;\"> &#8211;\u00a0<\/span><a style=\"font-family: inherit; font-size: inherit; font-style: inherit; font-variant-ligatures: inherit; font-variant-caps: inherit; font-weight: inherit;\" href=\"https:\/\/www.researchgate.net\/scientific-contributions\/Ebru-THWAITES-DIKEN-2274864721\"><span style=\"color: #111111;\"><span style=\"font-family: inherit;\"><span style=\"font-size: small;\">Ebru THWA\u0130TES D\u0130KEN<\/span><\/span><\/span><\/a><\/p><p align=\"left\"><span style=\"color: #111111;\"><span style=\"font-family: Roboto, Arial, sans-serif;\"><span style=\"font-size: small;\">Bu makale y\u00f6netmenli\u011fini Ahu \u00d6zt\u00fcrk&#8217;\u00fcn yapt\u0131\u011f\u0131 Toz Bezi filmindeki ana karakterler Nesrin ve Hatun&#8217;un toplumsal cinsiyet, s\u0131n\u0131f ve etnik kimlik \u00fczerinden deneyimledi toplumsal e\u015fitsizlikleri kesi\u015fimsellik perspektifinden inceler. \u0130stanbul&#8217;da g\u00f6\u00e7men, e\u015f, kad\u0131n, K\u00fcrt, ve ev i\u015f\u00e7isi gibi \u00e7e\u015fitli \u2018\u00f6tekilik\u2019 hallerin ta\u015f\u0131y\u0131c\u0131lar\u0131 olan kad\u0131nlar\u0131n b&#8230;<\/span><\/span><\/span><\/p><p align=\"left\">*\u00a0<a href=\"https:\/\/www.researchgate.net\/publication\/348237487_'Where_Do_We_Find_Money'_Urban_Inequalities_Under_Financialization_in_Mardin_Turkey\"><span style=\"color: #111111;\">\u2018<\/span><span style=\"color: #111111;\"><span style=\"font-family: inherit;\"><span style=\"font-size: small;\"><b>Nereden Para Buluyoruz?\u2019 Mardin, T\u00fcrkiye&#8217;de Finansalla\u015fma Alt\u0131ndaki Kentsel E\u015fitsizlikler<\/b><\/span><\/span><\/span><\/a>\u00a0<span style=\"font-family: inherit; font-size: inherit; font-style: inherit; font-variant-ligatures: inherit; font-variant-caps: inherit; font-weight: inherit; color: #777777;\"><span style=\"font-family: Roboto, Arial, sans-serif;\"><span style=\"font-size: small;\">Ocak 2021\u00a0<\/span><\/span><\/span><a style=\"font-family: inherit; font-size: inherit; font-style: inherit; font-variant-ligatures: inherit; font-variant-caps: inherit; font-weight: inherit;\" href=\"https:\/\/www.researchgate.net\/profile\/Z-Atalay\"><span style=\"color: #111111;\"><span style=\"font-family: inherit;\"><span style=\"font-size: small;\">Z. Nurdan Atalay<\/span><\/span><\/span><\/a><\/p><p align=\"left\"><span style=\"color: #111111;\"><span style=\"font-family: Roboto, Arial, sans-serif;\"><span style=\"font-size: small;\">2000&#8217;li y\u0131llar\u0131n yirmi y\u0131l\u0131 boyunca, hem finansalla\u015fman\u0131n hem de in\u015faat sekt\u00f6r\u00fcn\u00fcn b\u00fcy\u00fcmesinin artan etkisi alt\u0131nda T\u00fcrkiye&#8217;de kentsel ya\u015fam derinden de\u011fi\u015fti. Bu kombinasyon yeni e\u015fitsizlikler ve d\u0131\u015flanma s\u00fcre\u00e7leri yaratt\u0131. 2018\u20132019&#8217;da Mardin&#8217;de ger\u00e7ekle\u015ftirdi\u011fim etnografik ara\u015ft\u0131rmadan yararlanarak, bu b\u00f6l\u00fcmde ben&#8230;<\/span><\/span><\/span><\/p><p align=\"left\">*\u00a0<a href=\"https:\/\/www.researchgate.net\/publication\/328366493_Legal_but_Not_Legitimate_The_Changing_Practices_of_Financial_Citizenship_in_Turkey_Ethnographic_and_Theoretical_Insights\"><span style=\"color: #111111;\"><span style=\"font-family: inherit;\"><span style=\"font-size: small;\"><b>Yasal Ama Me\u015fru De\u011fil: T\u00fcrkiye&#8217;de Finansal Vatanda\u015fl\u0131\u011f\u0131n De\u011fi\u015fen Uygulamalar\u0131: Etnografik ve Teorik \u0130\u00e7g\u00f6r\u00fcler<\/b><\/span><\/span><\/span><\/a>\u00a0<span style=\"font-family: inherit; font-size: inherit; font-style: inherit; font-variant-ligatures: inherit; font-variant-caps: inherit; font-weight: inherit; color: #777777;\"><span style=\"font-family: Roboto, Arial, sans-serif;\"><span style=\"font-size: small;\">Ocak 2019<\/span><\/span><\/span><\/p><p align=\"left\"><span style=\"color: #111111;\"><span style=\"font-family: Roboto, Arial, sans-serif;\"><span style=\"font-size: small;\">Atalay, T\u00fcrkiye&#8217;de finans alan\u0131ndaki akt\u00f6rlerin ve kurumlar\u0131n etnografya \u00e7al\u0131\u015fmas\u0131na odaklanarak me\u015fruiyet ve yasall\u0131k aras\u0131ndaki \u00e7at\u0131\u015fmay\u0131 inceliyor. \u2018Bankalar\u0131n ya\u011fmac\u0131 eylemleri\u2019 eyalet d\u00fczenlemeleri arac\u0131l\u0131\u011f\u0131yla yasal hale getiriliyor ancak s\u0131radan vatanda\u015flar taraf\u0131ndan gayri me\u015fru g\u00f6r\u00fcl\u00fcyor. \u0130lk olarak yasall\u0131k ile me\u015fruiyet aras\u0131ndaki ili\u015fkiyi tart\u0131\u015f\u0131yor&#8230;<\/span><\/span><\/span><\/p><p align=\"left\">*\u00a0<a href=\"https:\/\/www.researchgate.net\/publication\/321798752_Dijital_Sosyoloji_ve_Metodoloji_Ne_Kadar_Tanidik_Ne_Kadar_Yeni?_tp=eyJjb250ZXh0Ijp7ImZpcnN0UGFnZSI6InByb2ZpbGUiLCJwYWdlIjoicHJvZmlsZSJ9fQ\"><span style=\"color: #111111;\"><span style=\"font-family: inherit;\"><span style=\"font-size: small;\"><b>Dijital Sosyoloji ve Metodoloji: Ne Kadar Tan\u0131d\u0131k, Ne Kadar Yeni?<\/b><\/span><\/span><\/span><\/a>\u00a0<span style=\"font-family: inherit; font-size: inherit; font-style: inherit; font-variant-ligatures: inherit; font-variant-caps: inherit; font-weight: inherit; color: #777777;\"><span style=\"font-family: Roboto, Arial, sans-serif;\"><span style=\"font-size: small;\">Haziran 2017\u00a0<\/span><\/span><\/span><a style=\"font-family: inherit; font-size: inherit; font-style: inherit; font-variant-ligatures: inherit; font-variant-caps: inherit; font-weight: inherit;\" href=\"https:\/\/www.researchgate.net\/profile\/Z-Atalay\"><span style=\"color: #111111;\"><span style=\"font-family: inherit;\"><span style=\"font-size: small;\">Z. Nurdan Atalay<\/span><\/span><\/span><\/a><\/p><p align=\"left\"><span style=\"color: #111111;\"><span style=\"font-family: Roboto, Arial, sans-serif;\"><span style=\"font-size: small;\">Bu makale dijital olan ile dijital olmayan toplumsall\u0131k aras\u0131ndaki ilgkilerden yola \u00e7\u0131kma, sosyolojide dijital y\u00f6ntemlerin ne kadar yeni ve ne kadar tan\u0131d\u0131k oldu\u011funu tart\u0131\u015fmay\u0131 ama\u00e7lamaktad\u0131r.2000lerle birlikte artan dijitalle\u015fme ile sosyal ilgkiler-ekonomiden politikaya; k\u00fclt\u00fcrden sanata kadar-\u00f6nemli de\u011fi\u015fimler ge\u00e7irmi\u015f bu de\u011fi\u015fimler sosyal&#8230;<\/span><\/span><\/span><\/p><p align=\"left\">*\u00a0<a href=\"https:\/\/www.researchgate.net\/publication\/311909940_Class_and_Ethnicity_in_Gender_Mainstreaming_Projects_A_Case_Study_of_Women's_NGOs_in_Mardin_Turkey\"><span style=\"color: #111111;\"><span style=\"font-family: inherit;\"><span style=\"font-size: small;\"><b>Toplumsal Cinsiyet E\u015fitli\u011fi Projelerinde S\u0131n\u0131f ve Etnik K\u00f6ken; Mardin, T\u00fcrkiye&#8217;deki Kad\u0131n STK&#8217;lar\u0131na \u0130li\u015fkin Bir \u00d6rnek Olay \u0130ncelemesi<\/b><\/span><\/span><\/span><\/a><\/p><p align=\"left\">*\u00a0<a href=\"https:\/\/www.researchgate.net\/publication\/311909870_2000lerde_Turkiye'de_Nufus_Hayaller_ve_Gercekler_Arasinda'_Demography_in_Turkey_in_2000s_Between_Reality_and_Dreams\"><span style=\"color: #111111;\"><span style=\"font-family: inherit;\"><span style=\"font-size: small;\"><b>2000lerde T\u00fcrkiye&#8217;de N\u00fcfus: Hayaller ve Ger\u00e7ekler Aras\u0131nda\u2019 (2000&#8217;li y\u0131llarda T\u00fcrkiye&#8217;de Demografi: Ger\u00e7ek ve D\u00fc\u015fler Aras\u0131nda<\/b><\/span><\/span><\/span><\/a><\/p><p align=\"left\">*\u00a0<a href=\"https:\/\/www.researchgate.net\/publication\/311909808_'Turkiye'de_Saglik_ve_Tabakalasma_Esitsizliklerin_Saglikta_Tabakalasmaya_Etkisi_Health_and_Stratification_in_Turkey_Impacts_of_Inequalities_on_Stratification_in_Health\"><span style=\"color: #111111;\">\u2018<\/span><span style=\"color: #111111;\"><span style=\"font-family: inherit;\"><span style=\"font-size: small;\"><b>T\u00fcrkiye&#8217;de Sa\u011fl\u0131k ve Tabakala\u015fma: E\u015fitsizlikler Sa\u011fl\u0131kta Tabakala\u015fmaya Etkisi (T\u00fcrkiye&#8217;de Sa\u011fl\u0131k ve Tabakala\u015fma: E\u015fitsizliklerin Sa\u011fl\u0131kta Tabakala\u015fmaya Etkileri)<\/b><\/span><\/span><\/span><\/a><\/p><p align=\"left\">*\u00a0<a href=\"https:\/\/www.researchgate.net\/publication\/311909948_'Refah_Devletinin_Donusumu_Yeniden_Dagitim_ve_Siniflarin_Degisim_Transformation_of_Welfare_State_Redistribution_and_Changes_of_Classes\"><span style=\"color: #111111;\">\u2018<\/span><span style=\"color: #111111;\"><span style=\"font-family: inherit;\"><span style=\"font-size: small;\"><b>Refah Devletinin D\u00f6n\u00fc\u015f\u00fcm\u00fc, Yeniden Da\u011f\u0131t\u0131m ve S\u0131n\u0131flar\u0131n De\u011fi\u015fim (Refah Devletinin D\u00f6n\u00fc\u015f\u00fcm\u00fc, Yeniden Da\u011f\u0131t\u0131m ve S\u0131n\u0131flar\u0131n De\u011fi\u015ftirilmesi)<\/b><\/span><\/span><\/span><\/a><\/p><p align=\"left\">*\u00a0<a href=\"https:\/\/www.researchgate.net\/publication\/282267212_Why_Personal_Responsibility_and_Competition_do_not_Reduce_Total_Spending_in_Health_Care\"><span style=\"color: #111111;\"><span style=\"font-family: inherit;\"><span style=\"font-size: small;\"><b>Ki\u015fisel Sorumluluk ve Rekabet Neden Sa\u011fl\u0131k Hizmetlerindeki Toplam Harcamalar\u0131 Azaltm\u0131yor?<\/b><\/span><\/span><\/span><\/a><\/p><p align=\"left\"><span style=\"color: #111111;\"><span style=\"font-family: Roboto, Arial, sans-serif;\"><span style=\"font-size: small;\">Bu \u00e7al\u0131\u015fmada Sa\u011fl\u0131kta D\u00f6n\u00fc\u015f\u00fcm Program\u0131 neo-klasik sa\u011fl\u0131k ekonomisi referans al\u0131narak ele al\u0131nm\u0131\u015ft\u0131r. Sa\u011fl\u0131k Bakanl\u0131\u011f\u0131 (SB), h\u0131zla artan sa\u011fl\u0131k maliyetlerini kontrol alt\u0131na almak amac\u0131yla, k\u0131smen de olsa hastalar\u0131n ki\u015fisel sorumluluklar\u0131n\u0131 art\u0131ran uygulamalara kaymaya ba\u015flam\u0131\u015ft\u0131r. Ayr\u0131ca Sa\u011fl\u0131k Bakanl\u0131\u011f\u0131 performansa dayal\u0131 p&#8217;yi tan\u0131tt\u0131&#8230;<\/span><\/span><\/span><\/p><p align=\"left\">*\u00a0<a href=\"https:\/\/www.researchgate.net\/publication\/35966144_Towards_a_new_welfare_regime_in_Turkey_the_green_card_scheme_in_alleviation_of_poverty\"><span style=\"color: #111111;\"><span style=\"font-family: inherit;\"><span style=\"font-size: small;\"><b>T\u00fcrkiye&#8217;de yeni bir refah rejimine do\u011fru: Yoksullu\u011fun azalt\u0131lmas\u0131nda ye\u015fil kart plan\u0131 \/<\/b><\/span><\/span><\/span><\/a><\/p><p align=\"left\"><span style=\"color: #111111;\"><span style=\"font-family: Roboto, Arial, sans-serif;\"><span style=\"font-size: small;\">Anahtar Kelimeler: Refah devleti, T\u00fcrkiye, Yoksullu\u011fun azalt\u0131lmas\u0131, Ye\u015fil kart, \u00dccretsiz sa\u011fl\u0131k hizmeti, Yoksul. Tez (MS)&#8211;Ortado\u011fu Teknik \u00dcniversitesi, 2002.<\/span><\/span><\/span><\/p>\t\t\t\t\t\t\t\t<\/div>\n\t\t\t\t<\/div>\n\t\t\t\t<\/div>\n\t\t\t\t\t<\/div>\n\t\t\t\t<\/div>\n\t\t<div data-particle_enable=\"false\" data-particle-mobile-disabled=\"false\" class=\"elementor-element elementor-element-30fbed4 e-flex e-con-boxed e-con e-parent\" data-id=\"30fbed4\" data-element_type=\"container\" data-settings=\"{&quot;background_background&quot;:&quot;gradient&quot;}\">\n\t\t\t\t\t<div class=\"e-con-inner\">\n\t\t\t\t<div class=\"elementor-element elementor-element-8d5be6b elementor-widget elementor-widget-heading\" data-id=\"8d5be6b\" data-element_type=\"widget\" data-widget_type=\"heading.default\">\n\t\t\t\t<div class=\"elementor-widget-container\">\n\t\t\t\t\t<h4 class=\"elementor-heading-title elementor-size-default\">B\u0130L\u0130M\u0130NSANI Mezunlar\u0131m\u0131z<\/h4>\t\t\t\t<\/div>\n\t\t\t\t<\/div>\n\t\t\t\t<div class=\"elementor-element elementor-element-b514c01 elementor-posts--align-center elementor-grid-3 elementor-grid-tablet-2 elementor-grid-mobile-1 elementor-posts--thumbnail-top elementor-widget elementor-widget-posts\" data-id=\"b514c01\" data-element_type=\"widget\" data-settings=\"{&quot;classic_row_gap&quot;:{&quot;unit&quot;:&quot;px&quot;,&quot;size&quot;:28,&quot;sizes&quot;:[]},&quot;pagination_type&quot;:&quot;prev_next&quot;,&quot;classic_columns&quot;:&quot;3&quot;,&quot;classic_columns_tablet&quot;:&quot;2&quot;,&quot;classic_columns_mobile&quot;:&quot;1&quot;,&quot;classic_row_gap_tablet&quot;:{&quot;unit&quot;:&quot;px&quot;,&quot;size&quot;:&quot;&quot;,&quot;sizes&quot;:[]},&quot;classic_row_gap_mobile&quot;:{&quot;unit&quot;:&quot;px&quot;,&quot;size&quot;:&quot;&quot;,&quot;sizes&quot;:[]}}\" data-widget_type=\"posts.classic\">\n\t\t\t\t<div class=\"elementor-widget-container\">\n\t\t\t\t\t\t\t<div class=\"elementor-posts-container elementor-posts elementor-posts--skin-classic elementor-grid\" role=\"list\">\n\t\t\t\t<article class=\"elementor-post elementor-grid-item post-4309 post type-post status-publish format-standard has-post-thumbnail hentry category-bilim-insanlarimiz category-gurur-tablosu\" role=\"listitem\">\n\t\t\t\t<a class=\"elementor-post__thumbnail__link\" href=\"https:\/\/yeni.maliyeokulu.org.tr\/?p=4309\" tabindex=\"-1\" >\n\t\t\t<div class=\"elementor-post__thumbnail\"><img fetchpriority=\"high\" decoding=\"async\" width=\"300\" height=\"259\" src=\"https:\/\/yeni.maliyeokulu.org.tr\/wp-content\/uploads\/2009\/01\/z_bildirici-300x259.png\" class=\"attachment-medium size-medium wp-image-3860\" alt=\"\" srcset=\"https:\/\/yeni.maliyeokulu.org.tr\/wp-content\/uploads\/2009\/01\/z_bildirici-300x259.png 300w, https:\/\/yeni.maliyeokulu.org.tr\/wp-content\/uploads\/2009\/01\/z_bildirici-768x664.png 768w, https:\/\/yeni.maliyeokulu.org.tr\/wp-content\/uploads\/2009\/01\/z_bildirici.png 910w\" sizes=\"(max-width: 300px) 100vw, 300px\" \/><\/div>\n\t\t<\/a>\n\t\t\t\t<div class=\"elementor-post__text\">\n\t\t\t\t<h3 class=\"elementor-post__title\">\n\t\t\t<a href=\"https:\/\/yeni.maliyeokulu.org.tr\/?p=4309\" >\n\t\t\t\tProf. Dr. Z\u0130yaett\u0130n B\u0130LD\u0130R\u0130C\u0130\t\t\t<\/a>\n\t\t<\/h3>\n\t\t\t\t<\/div>\n\t\t\t\t<\/article>\n\t\t\t\t<article class=\"elementor-post elementor-grid-item post-4287 post type-post status-publish format-standard has-post-thumbnail hentry category-bilim-insanlarimiz\" role=\"listitem\">\n\t\t\t\t<a class=\"elementor-post__thumbnail__link\" href=\"https:\/\/yeni.maliyeokulu.org.tr\/?p=4287\" tabindex=\"-1\" >\n\t\t\t<div class=\"elementor-post__thumbnail\"><img decoding=\"async\" width=\"300\" height=\"199\" src=\"https:\/\/yeni.maliyeokulu.org.tr\/wp-content\/uploads\/2023\/04\/auyalcin-300x199.jpeg\" class=\"attachment-medium size-medium wp-image-3739\" alt=\"\" srcset=\"https:\/\/yeni.maliyeokulu.org.tr\/wp-content\/uploads\/2023\/04\/auyalcin-300x199.jpeg 300w, https:\/\/yeni.maliyeokulu.org.tr\/wp-content\/uploads\/2023\/04\/auyalcin-768x508.jpeg 768w, https:\/\/yeni.maliyeokulu.org.tr\/wp-content\/uploads\/2023\/04\/auyalcin.jpeg 1000w\" sizes=\"(max-width: 300px) 100vw, 300px\" \/><\/div>\n\t\t<\/a>\n\t\t\t\t<div class=\"elementor-post__text\">\n\t\t\t\t<h3 class=\"elementor-post__title\">\n\t\t\t<a href=\"https:\/\/yeni.maliyeokulu.org.tr\/?p=4287\" >\n\t\t\t\tProf. Dr. Ahmet U\u011fur Yal\u00e7\u0131n\t\t\t<\/a>\n\t\t<\/h3>\n\t\t\t\t<\/div>\n\t\t\t\t<\/article>\n\t\t\t\t<article class=\"elementor-post elementor-grid-item post-4290 post type-post status-publish format-standard has-post-thumbnail hentry category-bilim-insanlarimiz category-gurur-tablosu\" role=\"listitem\">\n\t\t\t\t<a class=\"elementor-post__thumbnail__link\" href=\"https:\/\/yeni.maliyeokulu.org.tr\/?p=4290\" tabindex=\"-1\" >\n\t\t\t<div class=\"elementor-post__thumbnail\"><img decoding=\"async\" width=\"150\" height=\"200\" src=\"https:\/\/yeni.maliyeokulu.org.tr\/wp-content\/uploads\/2008\/12\/cca.jpg\" class=\"attachment-medium size-medium wp-image-4289\" alt=\"Co\u015fkun Can AKTAN\" \/><\/div>\n\t\t<\/a>\n\t\t\t\t<div class=\"elementor-post__text\">\n\t\t\t\t<h3 class=\"elementor-post__title\">\n\t\t\t<a href=\"https:\/\/yeni.maliyeokulu.org.tr\/?p=4290\" >\n\t\t\t\tProf. Dr. Co\u015fkun Can Aktan\t\t\t<\/a>\n\t\t<\/h3>\n\t\t\t\t<\/div>\n\t\t\t\t<\/article>\n\t\t\t\t<article class=\"elementor-post elementor-grid-item post-4292 post type-post status-publish format-standard has-post-thumbnail hentry category-bilim-insanlarimiz category-gurur-tablosu\" role=\"listitem\">\n\t\t\t\t<a class=\"elementor-post__thumbnail__link\" href=\"https:\/\/yeni.maliyeokulu.org.tr\/?p=4292\" tabindex=\"-1\" >\n\t\t\t<div class=\"elementor-post__thumbnail\"><img loading=\"lazy\" decoding=\"async\" width=\"282\" height=\"300\" src=\"https:\/\/yeni.maliyeokulu.org.tr\/wp-content\/uploads\/2008\/12\/senolbabuscu-e1695243228973-282x300.jpg\" class=\"attachment-medium size-medium wp-image-8666\" alt=\"\" srcset=\"https:\/\/yeni.maliyeokulu.org.tr\/wp-content\/uploads\/2008\/12\/senolbabuscu-e1695243228973-282x300.jpg 282w, https:\/\/yeni.maliyeokulu.org.tr\/wp-content\/uploads\/2008\/12\/senolbabuscu-e1695243228973.jpg 374w\" sizes=\"(max-width: 282px) 100vw, 282px\" \/><\/div>\n\t\t<\/a>\n\t\t\t\t<div class=\"elementor-post__text\">\n\t\t\t\t<h3 class=\"elementor-post__title\">\n\t\t\t<a href=\"https:\/\/yeni.maliyeokulu.org.tr\/?p=4292\" >\n\t\t\t\tPROF. Dr. \u015eenol Babu\u015fcu\t\t\t<\/a>\n\t\t<\/h3>\n\t\t\t\t<\/div>\n\t\t\t\t<\/article>\n\t\t\t\t<article class=\"elementor-post elementor-grid-item post-4312 post type-post status-publish format-standard has-post-thumbnail hentry category-bilim-insanlarimiz category-gurur-tablosu\" role=\"listitem\">\n\t\t\t\t<a class=\"elementor-post__thumbnail__link\" href=\"https:\/\/yeni.maliyeokulu.org.tr\/?p=4312\" tabindex=\"-1\" >\n\t\t\t<div class=\"elementor-post__thumbnail\"><img loading=\"lazy\" decoding=\"async\" width=\"158\" height=\"160\" src=\"https:\/\/yeni.maliyeokulu.org.tr\/wp-content\/uploads\/2009\/02\/adnan_celik.jpeg\" class=\"attachment-medium size-medium wp-image-4310\" alt=\"Prof. Dr. Adnan \u00c7EL\u0130K\" \/><\/div>\n\t\t<\/a>\n\t\t\t\t<div class=\"elementor-post__text\">\n\t\t\t\t<h3 class=\"elementor-post__title\">\n\t\t\t<a href=\"https:\/\/yeni.maliyeokulu.org.tr\/?p=4312\" >\n\t\t\t\tProf. Dr. Adnan \u00c7EL\u0130K\t\t\t<\/a>\n\t\t<\/h3>\n\t\t\t\t<\/div>\n\t\t\t\t<\/article>\n\t\t\t\t<article class=\"elementor-post elementor-grid-item post-4328 post type-post status-publish format-standard has-post-thumbnail hentry category-bilim-insanlarimiz category-gurur-tablosu\" role=\"listitem\">\n\t\t\t\t<a class=\"elementor-post__thumbnail__link\" href=\"https:\/\/yeni.maliyeokulu.org.tr\/?p=4328\" tabindex=\"-1\" >\n\t\t\t<div class=\"elementor-post__thumbnail\"><img loading=\"lazy\" decoding=\"async\" width=\"266\" height=\"300\" src=\"https:\/\/yeni.maliyeokulu.org.tr\/wp-content\/uploads\/2009\/05\/turgutcuruk-266x300.jpg\" class=\"attachment-medium size-medium wp-image-8495\" alt=\"\" srcset=\"https:\/\/yeni.maliyeokulu.org.tr\/wp-content\/uploads\/2009\/05\/turgutcuruk-266x300.jpg 266w, https:\/\/yeni.maliyeokulu.org.tr\/wp-content\/uploads\/2009\/05\/turgutcuruk.jpg 330w\" sizes=\"(max-width: 266px) 100vw, 266px\" \/><\/div>\n\t\t<\/a>\n\t\t\t\t<div class=\"elementor-post__text\">\n\t\t\t\t<h3 class=\"elementor-post__title\">\n\t\t\t<a href=\"https:\/\/yeni.maliyeokulu.org.tr\/?p=4328\" >\n\t\t\t\tProf. Dr. Turgut \u00c7\u00dcR\u00dcK\t\t\t<\/a>\n\t\t<\/h3>\n\t\t\t\t<\/div>\n\t\t\t\t<\/article>\n\t\t\t\t<\/div>\n\t\t\n\t\t\t\t<div class=\"e-load-more-anchor\" data-page=\"1\" data-max-page=\"4\" data-next-page=\"https:\/\/yeni.maliyeokulu.org.tr\/index.php?rest_route=%2Fwp%2Fv2%2Fposts%2F20987&#038;paged=2\"><\/div>\n\t\t\t\t<nav class=\"elementor-pagination\" aria-label=\"Pagination\">\n\t\t\t<span class=\"page-numbers prev\">&laquo; \u00d6nceki<\/span>\n<a class=\"page-numbers next\" href=\"https:\/\/yeni.maliyeokulu.org.tr\/index.php?rest_route=%2Fwp%2Fv2%2Fposts%2F20987&#038;paged=2\">Sonraki &raquo;<\/a>\t\t<\/nav>\n\t\t\t\t\t\t<\/div>\n\t\t\t\t<\/div>\n\t\t\t\t\t<\/div>\n\t\t\t\t<\/div>\n\t\t\t\t<\/div>\n\t\t","protected":false},"excerpt":{"rendered":"<p>Dr. \u00d6\u011fr. G\u00f6r. Zehra Nurdan ATALAY \u0130ZM\u0130R &#8211; 1993 1993 y\u0131l\u0131nda \u0130zmir Maliye Meslek Lisesini bitiren Zehra Nurdan ATALAY, Ortado\u011fu Teknik \u00dcniversitesi Sosyoloji B\u00f6l\u00fcm\u00fcnde 2002-2012<\/p>\n","protected":false},"author":1,"featured_media":20992,"comment_status":"closed","ping_status":"closed","sticky":false,"template":"elementor_header_footer","format":"standard","meta":{"_eb_attr":"","_gspb_post_css":"","_crdt_document":"","footnotes":""},"categories":[44,42],"tags":[],"class_list":["post-20987","post","type-post","status-publish","format-standard","has-post-thumbnail","hentry","category-bilim-insanlarimiz","category-gurur-tablosu"],"blocksy_meta":[],"_links":{"self":[{"href":"https:\/\/yeni.maliyeokulu.org.tr\/index.php?rest_route=\/wp\/v2\/posts\/20987","targetHints":{"allow":["GET"]}}],"collection":[{"href":"https:\/\/yeni.maliyeokulu.org.tr\/index.php?rest_route=\/wp\/v2\/posts"}],"about":[{"href":"https:\/\/yeni.maliyeokulu.org.tr\/index.php?rest_route=\/wp\/v2\/types\/post"}],"author":[{"embeddable":true,"href":"https:\/\/yeni.maliyeokulu.org.tr\/index.php?rest_route=\/wp\/v2\/users\/1"}],"replies":[{"embeddable":true,"href":"https:\/\/yeni.maliyeokulu.org.tr\/index.php?rest_route=%2Fwp%2Fv2%2Fcomments&post=20987"}],"version-history":[{"count":10,"href":"https:\/\/yeni.maliyeokulu.org.tr\/index.php?rest_route=\/wp\/v2\/posts\/20987\/revisions"}],"predecessor-version":[{"id":20998,"href":"https:\/\/yeni.maliyeokulu.org.tr\/index.php?rest_route=\/wp\/v2\/posts\/20987\/revisions\/20998"}],"wp:featuredmedia":[{"embeddable":true,"href":"https:\/\/yeni.maliyeokulu.org.tr\/index.php?rest_route=\/wp\/v2\/media\/20992"}],"wp:attachment":[{"href":"https:\/\/yeni.maliyeokulu.org.tr\/index.php?rest_route=%2Fwp%2Fv2%2Fmedia&parent=20987"}],"wp:term":[{"taxonomy":"category","embeddable":true,"href":"https:\/\/yeni.maliyeokulu.org.tr\/index.php?rest_route=%2Fwp%2Fv2%2Fcategories&post=20987"},{"taxonomy":"post_tag","embeddable":true,"href":"https:\/\/yeni.maliyeokulu.org.tr\/index.php?rest_route=%2Fwp%2Fv2%2Ftags&post=20987"}],"curies":[{"name":"wp","href":"https:\/\/api.w.org\/{rel}","templated":true}]}}