{"id":23154,"date":"2026-08-30T08:28:02","date_gmt":"2026-08-30T05:28:02","guid":{"rendered":"https:\/\/yeni.maliyeokulu.org.tr\/?p=23154"},"modified":"2026-08-30T14:22:21","modified_gmt":"2026-08-30T11:22:21","slug":"30-agustos-zafer-bayrami-3","status":"publish","type":"post","link":"https:\/\/yeni.maliyeokulu.org.tr\/?p=23154","title":{"rendered":"30 A\u011fustos Zafer Bayram\u0131"},"content":{"rendered":"\t\t<div data-elementor-type=\"wp-post\" data-elementor-id=\"23154\" class=\"elementor elementor-23154\" data-elementor-settings=\"{&quot;element_pack_global_tooltip_width&quot;:{&quot;unit&quot;:&quot;px&quot;,&quot;size&quot;:&quot;&quot;,&quot;sizes&quot;:[]},&quot;element_pack_global_tooltip_width_tablet&quot;:{&quot;unit&quot;:&quot;px&quot;,&quot;size&quot;:&quot;&quot;,&quot;sizes&quot;:[]},&quot;element_pack_global_tooltip_width_mobile&quot;:{&quot;unit&quot;:&quot;px&quot;,&quot;size&quot;:&quot;&quot;,&quot;sizes&quot;:[]},&quot;element_pack_global_tooltip_padding&quot;:{&quot;unit&quot;:&quot;px&quot;,&quot;top&quot;:&quot;&quot;,&quot;right&quot;:&quot;&quot;,&quot;bottom&quot;:&quot;&quot;,&quot;left&quot;:&quot;&quot;,&quot;isLinked&quot;:true},&quot;element_pack_global_tooltip_padding_tablet&quot;:{&quot;unit&quot;:&quot;px&quot;,&quot;top&quot;:&quot;&quot;,&quot;right&quot;:&quot;&quot;,&quot;bottom&quot;:&quot;&quot;,&quot;left&quot;:&quot;&quot;,&quot;isLinked&quot;:true},&quot;element_pack_global_tooltip_padding_mobile&quot;:{&quot;unit&quot;:&quot;px&quot;,&quot;top&quot;:&quot;&quot;,&quot;right&quot;:&quot;&quot;,&quot;bottom&quot;:&quot;&quot;,&quot;left&quot;:&quot;&quot;,&quot;isLinked&quot;:true},&quot;element_pack_global_tooltip_border_radius&quot;:{&quot;unit&quot;:&quot;px&quot;,&quot;top&quot;:&quot;&quot;,&quot;right&quot;:&quot;&quot;,&quot;bottom&quot;:&quot;&quot;,&quot;left&quot;:&quot;&quot;,&quot;isLinked&quot;:true},&quot;element_pack_global_tooltip_border_radius_tablet&quot;:{&quot;unit&quot;:&quot;px&quot;,&quot;top&quot;:&quot;&quot;,&quot;right&quot;:&quot;&quot;,&quot;bottom&quot;:&quot;&quot;,&quot;left&quot;:&quot;&quot;,&quot;isLinked&quot;:true},&quot;element_pack_global_tooltip_border_radius_mobile&quot;:{&quot;unit&quot;:&quot;px&quot;,&quot;top&quot;:&quot;&quot;,&quot;right&quot;:&quot;&quot;,&quot;bottom&quot;:&quot;&quot;,&quot;left&quot;:&quot;&quot;,&quot;isLinked&quot;:true}}\" data-elementor-post-type=\"post\">\n\t\t\t\t<div data-particle_enable=\"false\" data-particle-mobile-disabled=\"false\" class=\"elementor-element elementor-element-1aeff06d animated-slow e-flex e-con-boxed e-con e-parent\" data-id=\"1aeff06d\" data-element_type=\"container\" data-settings=\"{&quot;background_background&quot;:&quot;gradient&quot;,&quot;animation&quot;:&quot;none&quot;}\">\n\t\t\t\t\t<div class=\"e-con-inner\">\n\t\t<div data-particle_enable=\"false\" data-particle-mobile-disabled=\"false\" class=\"elementor-element elementor-element-d8617d5 e-con-full e-flex elementor-invisible e-con e-child\" data-id=\"d8617d5\" data-element_type=\"container\" data-settings=\"{&quot;animation&quot;:&quot;fadeInLeft&quot;,&quot;animation_delay&quot;:500}\">\n\t\t\t\t<div class=\"elementor-element elementor-element-22d94828 elementor-widget elementor-widget-heading\" data-id=\"22d94828\" data-element_type=\"widget\" data-widget_type=\"heading.default\">\n\t\t\t\t<div class=\"elementor-widget-container\">\n\t\t\t\t\t<h1 class=\"elementor-heading-title elementor-size-default\">30 A\u011fustos Zafer Bayram\u0131<\/h1>\t\t\t\t<\/div>\n\t\t\t\t<\/div>\n\t\t\t\t<\/div>\n\t\t<div data-particle_enable=\"false\" data-particle-mobile-disabled=\"false\" class=\"elementor-element elementor-element-42e82cd7 e-con-full e-flex elementor-invisible e-con e-child\" data-id=\"42e82cd7\" data-element_type=\"container\" data-settings=\"{&quot;animation&quot;:&quot;zoomIn&quot;,&quot;animation_delay&quot;:1000}\">\n\t\t\t\t<div class=\"elementor-element elementor-element-62debe0 elementor-widget__width-initial elementor-widget elementor-widget-image\" data-id=\"62debe0\" data-element_type=\"widget\" data-widget_type=\"image.default\">\n\t\t\t\t<div class=\"elementor-widget-container\">\n\t\t\t\t\t\t\t\t\t\t\t\t\t\t\t<img fetchpriority=\"high\" decoding=\"async\" width=\"712\" height=\"1024\" src=\"https:\/\/yeni.maliyeokulu.org.tr\/wp-content\/uploads\/2026\/08\/30826-712x1024.jpg\" class=\"attachment-large size-large wp-image-23157\" alt=\"\" srcset=\"https:\/\/yeni.maliyeokulu.org.tr\/wp-content\/uploads\/2026\/08\/30826-712x1024.jpg 712w, https:\/\/yeni.maliyeokulu.org.tr\/wp-content\/uploads\/2026\/08\/30826-209x300.jpg 209w, https:\/\/yeni.maliyeokulu.org.tr\/wp-content\/uploads\/2026\/08\/30826.jpg 750w\" sizes=\"(max-width: 712px) 100vw, 712px\" \/>\t\t\t\t\t\t\t\t\t\t\t\t\t\t\t<\/div>\n\t\t\t\t<\/div>\n\t\t\t\t<\/div>\n\t\t\t\t\t<\/div>\n\t\t\t\t<\/div>\n\t\t<div data-particle_enable=\"false\" data-particle-mobile-disabled=\"false\" class=\"elementor-element elementor-element-3bd17d14 e-flex e-con-boxed e-con e-parent\" data-id=\"3bd17d14\" data-element_type=\"container\" data-settings=\"{&quot;background_background&quot;:&quot;classic&quot;}\">\n\t\t\t\t\t<div class=\"e-con-inner\">\n\t\t\t\t<div class=\"elementor-element elementor-element-c4d1d72 elementor-widget elementor-widget-heading\" data-id=\"c4d1d72\" data-element_type=\"widget\" data-widget_type=\"heading.default\">\n\t\t\t\t<div class=\"elementor-widget-container\">\n\t\t\t\t\t<h2 class=\"elementor-heading-title elementor-size-default\">30 A\u011eUSTOS ZAFER BAYRAMIMIZ<br> KUTLU OLSUN<\/h2>\t\t\t\t<\/div>\n\t\t\t\t<\/div>\n\t\t\t\t<div class=\"elementor-element elementor-element-864fbd7 elementor-widget elementor-widget-text-editor\" data-id=\"864fbd7\" data-element_type=\"widget\" data-widget_type=\"text-editor.default\">\n\t\t\t\t<div class=\"elementor-widget-container\">\n\t\t\t\t\t\t\t\t\t<div class=\"n6owBd awi2gc\" data-sfc-cp=\"\" data-sfc-root=\"ep\" data-hveid=\"CAAIBhAA\" data-complete=\"true\" data-processed=\"true\" data-copy-service-computed-style=\"font-family: &quot;Google Sans&quot;, Arial, sans-serif; font-size: 16px; font-weight: 400; margin: 12px 0px 16px; text-decoration: none; border-bottom: 0px rgb(230, 232, 240);\"><p><span data-icl-uuid=\"6aaf84da-f689-43fe-865e-4602f732969e\" data-sfc-root=\"ep\" data-complete=\"true\" data-processed=\"true\" data-copy-service-computed-style=\"font-family: &quot;Google Sans&quot;, Arial, sans-serif; font-size: 16px; font-weight: 400; margin: 0px; text-decoration: none; border-bottom: 0px rgb(230, 232, 240);\">Anadolu&#8217;yu i\u015fgal eden emperyalist d\u00fc\u015fman ordular\u0131n\u0131 temizlemek ve tam ba\u011f\u0131ms\u0131zl\u0131\u011f\u0131m\u0131z\u0131 sa\u011flamak<\/span><span data-icl-uuid=\"491d465e-4e69-462a-be6c-43b75c8afe8c\" data-sfc-root=\"ep\" data-complete=\"true\" data-processed=\"true\" data-copy-service-computed-style=\"font-family: &quot;Google Sans&quot;, Arial, sans-serif; font-size: 16px; font-weight: 400; margin: 0px; text-decoration: none; border-bottom: 0px rgb(230, 232, 240);\"> i\u00e7in ba\u015flat\u0131lan B\u00fcy\u00fck Taarruz, 30 A\u011fustos 1922\u2019de i\u015fgalci ordulara kar\u015f\u0131 d\u00fcnya halklar\u0131na emperyalizmin yenilebilece\u011fini g\u00f6stermi\u015ftir. Ba\u011f\u0131ms\u0131z bir Cumhuriyet\u2019in yolunu a\u00e7an Mustafa Kemal Atat\u00fcrk ve arkada\u015flar\u0131n\u0131, bu u\u011furda hayat\u0131n\u0131 kaybedenleri sayg\u0131 ve minnetle an\u0131yoruz.<\/span><\/p><p><!--TgQPHd|||[]--><\/p><\/div><div class=\"n6owBd awi2gc\" data-sfc-cp=\"\" data-sfc-root=\"ep\" data-hveid=\"CAAIBxAA\" data-complete=\"true\" data-processed=\"true\" data-copy-service-computed-style=\"font-family: &quot;Google Sans&quot;, Arial, sans-serif; font-size: 16px; font-weight: 400; margin: 12px 0px 16px; text-decoration: none; border-bottom: 0px rgb(230, 232, 240);\"><p><span data-icl-uuid=\"72d097db-04df-45b4-b054-5b32641975d9\" data-sfc-root=\"ep\" data-complete=\"true\" data-processed=\"true\" data-copy-service-computed-style=\"font-family: &quot;Google Sans&quot;, Arial, sans-serif; font-size: 16px; font-weight: 400; margin: 0px; text-decoration: none; border-bottom: 0px rgb(230, 232, 240);\">Bu tarihi ba\u015far\u0131 yurdu i\u015fgalden kurtarm\u0131\u015f, d\u00e2hili ve harici bedhahlara, gaflet, dalalet ve hatta h\u0131yanet i\u00e7inde olanlara ve ki\u015fisel \u00e7\u0131karlar\u0131n\u0131 emperyalistlerin siyasi emelleriyle tevhit edenlere ra\u011fmen varl\u0131\u011f\u0131n\u0131 sonsuza kadar s\u00fcrd\u00fcrecek<\/span><span data-icl-uuid=\"3690b705-906d-466e-8125-0576fe9cfbd8\" data-sfc-root=\"ep\" data-complete=\"true\" data-processed=\"true\" data-copy-service-computed-style=\"font-family: &quot;Google Sans&quot;, Arial, sans-serif; font-size: 16px; font-weight: 400; margin: 0px; text-decoration: none; border-bottom: 0px rgb(230, 232, 240);\"> olan T\u00fcrkiye Cumhuriyeti\u2019nin temellerinin at\u0131lmas\u0131na<\/span><span data-icl-uuid=\"6c8f6492-fb8d-45fb-9015-add77ea8ac4a\" data-sfc-root=\"ep\" data-complete=\"true\" data-processed=\"true\" data-copy-service-computed-style=\"font-family: &quot;Google Sans&quot;, Arial, sans-serif; font-size: 16px; font-weight: 400; margin: 0px; text-decoration: none; border-bottom: 0px rgb(230, 232, 240);\"> zemin haz\u0131rlam\u0131\u015f ve s\u00f6m\u00fcrge alt\u0131ndaki t\u00fcm mazlum \u00fclkelere \u00f6rnek olan bu kutlu g\u00fcn <strong class=\"rQesXe MPyX\" data-sfc-cp=\"\" data-sfc-root=\"ep\" data-complete=\"true\" data-processed=\"true\" data-copy-service-computed-style=\"font-family: &quot;Google Sans&quot;, Arial, sans-serif; font-size: 16px; font-weight: 700; margin: 0px; text-decoration: none; border-bottom: 0px rgb(230, 232, 240);\">Zafer Bayram\u0131<!--TgQPHd|||[]--><\/strong> ilan edilmi\u015ftir<!--TgQPHd|||[]--><\/span>.<\/p><p>30 A\u011fustos Zafer Bayram\u0131\u2019n\u0131 sava\u015fs\u0131z ve s\u00f6m\u00fcr\u00fcs\u00fcz bir d\u00fcnya, demokrasinin ve bar\u0131\u015f\u0131n egemen olaca\u011f\u0131 bir T\u00fcrkiye umuduyla kutluyor; ba\u011f\u0131ms\u0131zl\u0131k ruhundan, laiklikten ve Cumhuriyet kazan\u0131mlar\u0131ndan vazge\u00e7meyece\u011fimizi yineliyoruz.<\/p><\/div>\t\t\t\t\t\t\t\t<\/div>\n\t\t\t\t<\/div>\n\t\t\t\t<div class=\"elementor-element elementor-element-1bbd5fb elementor-widget__width-initial ai-isiltisi elementor-widget elementor-widget-video\" data-id=\"1bbd5fb\" data-element_type=\"widget\" data-settings=\"{&quot;video_type&quot;:&quot;hosted&quot;,&quot;autoplay&quot;:&quot;yes&quot;,&quot;play_on_mobile&quot;:&quot;yes&quot;,&quot;loop&quot;:&quot;yes&quot;}\" data-widget_type=\"video.default\">\n\t\t\t\t<div class=\"elementor-widget-container\">\n\t\t\t\t\t\t\t<div class=\"e-hosted-video elementor-wrapper elementor-open-inline\">\n\t\t\t\t\t<video class=\"elementor-video\" src=\"https:\/\/yeni.maliyeokulu.org.tr\/wp-content\/uploads\/2026\/08\/30_Agust_26.mp4\" autoplay=\"\" loop=\"\" playsinline=\"\" controlsList=\"nodownload\"><\/video>\n\t\t\t\t<\/div>\n\t\t\t\t\t\t<\/div>\n\t\t\t\t<\/div>\n\t\t\t\t\t<\/div>\n\t\t\t\t<\/div>\n\t\t<div data-particle_enable=\"false\" data-particle-mobile-disabled=\"false\" class=\"elementor-element elementor-element-c9226f5 e-flex e-con-boxed e-con e-parent\" data-id=\"c9226f5\" data-element_type=\"container\" data-settings=\"{&quot;background_background&quot;:&quot;classic&quot;}\">\n\t\t\t\t\t<div class=\"e-con-inner\">\n\t\t\t\t\t<\/div>\n\t\t\t\t<\/div>\n\t\t\t\t<\/div>\n\t\t","protected":false},"excerpt":{"rendered":"<p>30 A\u011eUSTOS ZAFER BAYRAMIMIZ KUTLU OLSUN Anadolu&#8217;yu i\u015fgal eden emperyalist d\u00fc\u015fman ordular\u0131n\u0131 temizlemek ve tam ba\u011f\u0131ms\u0131zl\u0131\u011f\u0131m\u0131z\u0131 sa\u011flamak i\u00e7in ba\u015flat\u0131lan B\u00fcy\u00fck Taarruz, 30 A\u011fustos 1922\u2019de i\u015fgalci ordulara kar\u015f\u0131 d\u00fcnya halklar\u0131na emperyalizmin yenilebilece\u011fini g\u00f6stermi\u015ftir. Ba\u011f\u0131ms\u0131z bir Cumhuriyet\u2019in yolunu a\u00e7an Mustafa Kemal Atat\u00fcrk ve arkada\u015flar\u0131n\u0131, bu u\u011furda hayat\u0131n\u0131 kaybedenleri sayg\u0131 ve minnetle an\u0131yoruz. Bu tarihi ba\u015far\u0131 yurdu i\u015fgalden [&hellip;]<\/p>\n","protected":false},"author":1,"featured_media":23157,"comment_status":"closed","ping_status":"closed","sticky":false,"template":"","format":"standard","meta":{"_gspb_post_css":"","footnotes":""},"categories":[121],"tags":[189],"class_list":["post-23154","post","type-post","status-publish","format-standard","has-post-thumbnail","hentry","category-haber-arsivi","tag-kutlama"],"blocksy_meta":{"styles_descriptor":{"styles":{"desktop":"","tablet":"","mobile":""},"google_fonts":[],"version":6}},"_links":{"self":[{"href":"https:\/\/yeni.maliyeokulu.org.tr\/index.php?rest_route=\/wp\/v2\/posts\/23154","targetHints":{"allow":["GET"]}}],"collection":[{"href":"https:\/\/yeni.maliyeokulu.org.tr\/index.php?rest_route=\/wp\/v2\/posts"}],"about":[{"href":"https:\/\/yeni.maliyeokulu.org.tr\/index.php?rest_route=\/wp\/v2\/types\/post"}],"author":[{"embeddable":true,"href":"https:\/\/yeni.maliyeokulu.org.tr\/index.php?rest_route=\/wp\/v2\/users\/1"}],"replies":[{"embeddable":true,"href":"https:\/\/yeni.maliyeokulu.org.tr\/index.php?rest_route=%2Fwp%2Fv2%2Fcomments&post=23154"}],"version-history":[{"count":13,"href":"https:\/\/yeni.maliyeokulu.org.tr\/index.php?rest_route=\/wp\/v2\/posts\/23154\/revisions"}],"predecessor-version":[{"id":23181,"href":"https:\/\/yeni.maliyeokulu.org.tr\/index.php?rest_route=\/wp\/v2\/posts\/23154\/revisions\/23181"}],"wp:featuredmedia":[{"embeddable":true,"href":"https:\/\/yeni.maliyeokulu.org.tr\/index.php?rest_route=\/wp\/v2\/media\/23157"}],"wp:attachment":[{"href":"https:\/\/yeni.maliyeokulu.org.tr\/index.php?rest_route=%2Fwp%2Fv2%2Fmedia&parent=23154"}],"wp:term":[{"taxonomy":"category","embeddable":true,"href":"https:\/\/yeni.maliyeokulu.org.tr\/index.php?rest_route=%2Fwp%2Fv2%2Fcategories&post=23154"},{"taxonomy":"post_tag","embeddable":true,"href":"https:\/\/yeni.maliyeokulu.org.tr\/index.php?rest_route=%2Fwp%2Fv2%2Ftags&post=23154"}],"curies":[{"name":"wp","href":"https:\/\/api.w.org\/{rel}","templated":true}]}}