{"id":4211,"date":"2007-12-19T07:00:00","date_gmt":"2007-12-19T05:00:00","guid":{"rendered":"https:\/\/yeni.maliyeokulu.org.tr\/historical\/"},"modified":"2007-12-19T07:00:00","modified_gmt":"2007-12-19T05:00:00","slug":"historical","status":"publish","type":"post","link":"https:\/\/yeni.maliyeokulu.org.tr\/?p=4211","title":{"rendered":"Tarih\u00e7e"},"content":{"rendered":"<div class=\"info\"><span style=\"color: #000000;\">Yazan: Enver Behnan \u015eAPOLYO<\/span><\/div>\n<p>1908&#8217;de me\u015frutiyet ink\u0131lab\u0131 olunca memleketin muhtelif m\u00fcesseselerinde \u0131slahat yap\u0131lm\u0131\u015ft\u0131.<\/p>\n<p>Maliye memurlar\u0131n\u0131n bilgi ve tecr\u00fcbeleri artt\u0131r\u0131larak muktedir mal memurlar\u0131 yeti\u015ftirmek maksad\u0131 temin edilmek i\u00e7in merkez ve ta\u015fra memurlar\u0131na l\u00fczumlu dersleri \u00f6\u011fretmek \u00fczere bir Maliye Meslek Mektebi kurulmas\u0131na karar verildi. Bu karar \u00fczerine 1909 tarihinde Bayaz\u0131t&#8217; ta Fuat Pa\u015fa Kona\u011f\u0131 i\u00e7inde bulunan Maliye Nezareti arkas\u0131nda Kupon Dairesinde maliye memuru yeti\u015ftirilmek \u00fczere ilk defa olmak \u00fczere Maliye Mektebi a\u00e7\u0131ld\u0131. Maliye Mektebine de ilk m\u00fcd\u00fcr olarak <strong>\u0130ktisat\u00e7\u0131 Z\u00fcht\u00fc Bey<\/strong> tayin edildi. Mektebin program\u0131na da Maliye meselesini alakadar dersler konularak, bu derslerin okutulmas\u0131n\u0131 da <em><strong>Maliye Nezareti Umum M\u00fcd\u00fcrlerine<\/strong><\/em> verildi.<\/p>\n<p>Bununla beraber, umumi k\u00fclt\u00fcr derslerinden hukuk, iktisat, tarih, co\u011frafya gibi dersler de konularak, talebelerin k\u00fclt\u00fcr seviyelerinin y\u00fckselmesine de ehemmiyet verilmi\u015ftir. M\u00e2liye Mektebinin idare heyeti ve muallimler \u00fccreti i\u00e7in de \u015fu tahsisat konulmu\u015ftu. 1909 b\u00fct\u00e7esine 64.200 kuru\u015f, 1910&#8217;da 64.200; 1911&#8217;de 93.000; 1912&#8217;de 137.700; 1913&#8217;de 143.000; 1914&#8217;de 147.000; 1915&#8217;de 177.000&#8230;<\/p>\n<div class=\"alert\">Maliye Mektebine talebeler, maliye memurlar\u0131ndan al\u0131n\u0131yordu. Maliye Mektebi iki kurstan ibaretti. Birinci kurs 4 ayl\u0131k olup, buradan \u00e7\u0131kan talebeler tahriri musakkafat i\u015flerine bakmak \u00fczere yeti\u015ftiriliyordu. 1911 senesinde ise ikinci bir kurs daha a\u00e7\u0131larak bunlar hazine s\u0131n\u0131f\u0131, yani mal m\u00fcd\u00fcr\u00fc yeti\u015ftirilmek \u00fczere kurulmu\u015ftu.<\/div>\n<p>Bu kurs iki senelik olup, bu k\u0131s\u0131mda muhasebecilik dersleri geni\u015fletilerek mezun olanlara y\u00fcksek mektep hakk\u0131 verilmi\u015fti.<\/p>\n<p><strong>Maliye Mektebinde yeti\u015fen talebelerden, memleket b\u00fcy\u00fck faideler temin etmi\u015fti. Beyaz\u0131t&#8217;taki bu Maliye Mektebi 1915 tarihine kadar yani 1.Cihan Sava\u015f\u0131n\u0131n ikinci senesine kadar devam etti.<\/strong> <q class=\"info inset-right width25\">Harbin devam\u0131 y\u00fcz\u00fcnden Maliye Mektebi kapal\u0131 kalarak, Maliye Nezareti bu k\u0131ymetli elemanlardan mahrum kald\u0131.<\/q><\/p>\n<p>1918 senesinde 1. Cihan Harbinden Osmanl\u0131 \u0130mparatorlu\u011funun yenilmi\u015f olarak \u00e7\u0131kmas\u0131 \u00fczerine bir daha Maliye Mektebinin a\u00e7\u0131lmas\u0131na imkan kalmad\u0131.<\/p>\n<p>Fakat Anadolu&#8217;da, milli m\u00fccadele ba\u015flamas\u0131 \u00fczerine bir k\u0131s\u0131m memurlar Ankara&#8217;ya ka\u00e7t\u0131lar. Nihayet 1922&#8217;de B\u00fcy\u00fck Zafer do\u011funca T\u00fcrkiye B\u00fcy\u00fck Millet Meclisi H\u00fck\u00fcmeti taraf\u0131ndan kurulmu\u015f olan vekaletler, b\u00fct\u00fcn yurda mucibince hakim oldular.<\/p>\n<p><img decoding=\"async\" class=\" size-full wp-image-4210\" src=\"https:\/\/yeni.maliyeokulu.org.tr\/wp-content\/uploads\/2007\/12\/logo_mo11.gif\" alt=\"logo mo11\" width=\"500\" height=\"95\" \/><\/p>\n<p><!--nextpage--><\/p>\n<p>24\/Temmuz\/1923&#8217;de Lozan anla\u015fmas\u0131ndan sonra Cumhuriyet ilan edilerek, Ankara&#8217;da h\u00fck\u00fcmet merkezi oldu.<\/p>\n<p>B\u00fct\u00fcn vekaletler Ankara&#8217;da faaliyetlerine devam ettiler. Cumhuriyetin ilan\u0131ndan sonra ilk Cumhurreisi Gazi Mustafa Kemal Pa\u015fa memlekette ink\u0131laplar yaparken T\u00fcrk maliyesinde de yeni ink\u0131laplar yap\u0131l\u0131yordu.<\/p>\n<p>Yeni maliye memurlar\u0131n\u0131 da ink\u0131lap T\u00fcrkiye&#8217;sinin gen\u00e7lerinden yeti\u015ftirilmek arzu edildi\u011finden, o zamanlar Maliye Vekili bulunan <strong>Hasan Saka<\/strong> zaman\u0131nda bir Maliye Mektebi kurulmas\u0131 kararla\u015ft\u0131r\u0131ld\u0131.<\/p>\n<p><strong>1924<\/strong> senesinde Ankara&#8217;da Saman Pazar\u0131 civar\u0131nda \u015eeng\u00fcl Hamam\u0131 yan\u0131nda bulunan, Sakarya Muharebesi s\u0131ras\u0131nda 2 numaral\u0131 hastahane olarak kullan\u0131lan ve sonra da T\u00fcrk Oca\u011f\u0131 binas\u0131 yap\u0131lan Konferans Salonunda Maliye Mektebi a\u00e7\u0131ld\u0131.<\/p>\n<p>\u0130lk m\u00fcd\u00fcrl\u00fc\u011f\u00fcne de Maliye Vekaleti Zat \u0130\u015fleri M\u00fcd\u00fcr\u00fc bulunan <strong>Cemal G\u00f6n\u00fclal<\/strong> ve idare i\u015flerine bakmak \u00fczere de <strong>Cafer Sayit Bey<\/strong> tayin edildiler.<\/p>\n<p>Maliye Meslek Mektebinde, maliye memurlar\u0131ndan talebe al\u0131narak kurs m\u00fcddeti 9 ay olmak \u00fczere tedrisata ba\u015flan\u0131ld\u0131.<\/p>\n<p>\u0130lk mezun talebeler kur&#8217;a usul\u00fc ile memleketin muhtelif vilayet ve kasabalar\u0131na g\u00f6nderildiler. <span class=\"info inset-left width25\">16\/Eyl\u00fcl\/1925 tarihli ve 2473 say\u0131l\u0131 \u0130cra Vekilleri Karar\u0131 ile mektebin unvan\u0131 <strong>Maliye Tatbikat Mektebi Alisi<\/strong> oldu.<\/span><\/p>\n<p>Sonradan Maarif Vekaletine bu mektebin m\u00fcfredat program\u0131 tetkik ettirildi. Fakat mektep bir kurs mahiyetinde oldu\u011fu anla\u015f\u0131ld\u0131\u011f\u0131ndan derecesinin tayini bahis mevzu olamayaca\u011f\u0131 Maarif Vekaletinin 22\/Eyl\u00fcl\/1926 tarihli ve 2320\/956 say\u0131s\u0131 ile bildirildi.<\/p>\n<p>Bu tarihten itibaren mektep, Maliye Meslek Mektebi olarak devam etti. Maliye Meslek Mektebi T\u00fcrk Oca\u011f\u0131 Salonunda derslerine devam ederken, eski Dahiliye Vekaletinin arkas\u0131nda yeniden yap\u0131lan bir k\u00fc\u00e7\u00fck binaya naklonuldu.<\/p>\n<p>Burada bir m\u00fcddet, tedrisatt\u00e2n sonra mektep Ba\u015fvekalet binas\u0131 yan\u0131nda bulunan ve milli m\u00fccadele y\u0131llar\u0131nda postahane olan binaya nakil edildi.<\/p>\n<p>Bir m\u00fcddet sonra bu bina da Hukuk Fak\u00fcltesi yatakhanesi olarak kullan\u0131l\u0131nca mektep, Hariciye Vekaleti yan\u0131nda yeniden yap\u0131lan Hukuk Fak\u00fcltesine nakledildi.<\/p>\n<p>Burada tedrisata \u00f6\u011fleden sonra 4&#8217;den 6&#8217;ya kadar devam edildi. Bu binadan sonra da Defterdarl\u0131k binas\u0131n\u0131n bir k\u0131sm\u0131na naklonuldu. Evkaf apartman\u0131n\u0131n bir k\u0131sm\u0131 da yatakhane ittihaz olundu.<\/p>\n<p>Mektep bu binada iken iki k\u0131sma ayr\u0131ld\u0131. A kursu maliye memurlar\u0131ndan al\u0131nan talebelerden te\u015fekk\u00fcl ediyor, tedrisat\u0131 iki sene devam ediyordu.<\/p>\n<p>B k\u0131sm\u0131 ise orta mektep talebelerinden imtihanla al\u0131nan talebelerden te\u015fekk\u00fcl ediyordu. Bu k\u0131s\u0131m \u00fc\u00e7 senelik idi. <span class=\"info inset-right width25\"><strong>1943<\/strong> tarihinde Maarif Vekaletinin 748 numaral\u0131 emri ile Maliye Meslek Mektebi <strong>Maliye Okulu<\/strong> ad\u0131 ile lise derecesine muadil olarak kabul edildi.<\/span> <strong>1944<\/strong> senesinde Maliye Vekili <strong>Nurullah Esat S\u00fcmer<\/strong> zaman\u0131nda \u00c7ank\u0131r\u0131 Kap\u0131 civar\u0131nda yeniden modern bir \u015fekilde yap\u0131lan yeni binaya nakil ederek tedrisata devam edildi.<\/p>\n<p>Ankara&#8217;da 1924 senesinden beri Maliye Meslek Mektebine Cemal G\u00f6n\u00fclal, Macit (?), Yusuf Kemal, \u015eefik G\u00fcran, Cemal Yorulmaz, Tevfik Koral; 1945 y\u0131l\u0131nda da Turgut Tarhan m\u00fcd\u00fcr olarak hizmette bulunmu\u015flard\u0131r.<\/p>\n<p><img fetchpriority=\"high\" decoding=\"async\" src=\"images\/logo_mo1.gif\" alt=\"Maliye Okulu\" width=\"600\" height=\"95\" border=\"0\" \/><\/p>\n<p>&nbsp;<\/p>\n<p><!--nextpage--><\/p>\n<p><strong>\u0130zmir Maliye Meslek Lisesi<\/strong>1977 Y\u0131l\u0131nda \u0130zmir Kar\u015f\u0131yaka da kurulmu\u015ftur. \u0130lk mezunlar\u0131n\u0131 1979-1980 y\u0131l\u0131nda veren \u0130zmir Okulumuz 1984 y\u0131l\u0131nda \u0130zmir \u00dc\u00e7kuyular semtindeki kendi binas\u0131na ta\u015f\u0131narak Bakanl\u0131\u011f\u0131m\u0131zca e\u011fitime son verilen 2003 y\u0131l\u0131na kadar 1600 ki\u015fi dolay\u0131nda mezun vermi\u015ftir.<\/p>\n<p>Sonras\u0131nda okul binam\u0131z kurs binas\u0131 olarak hizmete devam etmi\u015ftir. Okulumuzun ilk m\u00fcd\u00fcr\u00fc Fehmi SALIK&#8217;t\u0131r. Fehmi Bey&#8217;in m\u00fcd\u00fcrl\u00fc\u011f\u00fc 1-2 y\u0131l s\u00fcrer. Sonras\u0131nda Ahmet ERGEN\u00c7 1996 y\u0131l\u0131na kadar Okul M\u00fcd\u00fcr\u00fc olarak g\u00f6reve devam eder. 1996 y\u0131l\u0131nda okulun kapand\u0131\u011f\u0131 2003 y\u0131l\u0131 Temmuzuna kadar da M\u00fcd\u00fcr Vekili olarak M.Fahri ARTAN g\u00f6rev yapar.<\/p>\n<p><strong>\u0130stanbul Maliye Meslek Lisesi,<\/strong> 27 Kas\u0131m 1978 tarihinde \u0130stanbul Defterdarl\u0131\u011f\u0131n\u0131n ikinci kat\u0131nda \u00f6\u011frenime ba\u015flar. <strong><em><span class=\"inset-left width25\">\u0130zmir ve \u0130stanbul Maliye Okulllar\u0131n\u0131n tarihi ve y\u00f6neticileri hakk\u0131ndaki bilgiler i\u00e7in \u00d6\u011fretmenimiz Say\u0131n M. Fahri ARTAN&#8217;a te\u015fekk\u00fcr ederiz.<\/span><\/em><\/strong>9 Mart 1979 tarihinde Halkal\u0131 Ziraat Meslek Lisesinin bir b\u00f6l\u00fcm\u00fcnde e\u011fitime devam ettikten sonra 5 Kas\u0131m 1979 g\u00fcn\u00fc \u00c7apa&#8217;daki kiral\u0131k binas\u0131na ta\u015f\u0131n\u0131r ve Bakanl\u0131\u011f\u0131m\u0131zca kapat\u0131ld\u0131\u011f\u0131 tarih olan 31.12.1989 tarihine kadar burada e\u011fitime devam eder.<\/p>\n<p>\u0130stanbul Maliye Meslek Lisesinin ilk m\u00fcd\u00fcr\u00fc 7.11.1978-22.1.1981 tarihleri aras\u0131nda Zeynel ERO\u011eLU&#8217;dur. Sonra s\u0131ras\u0131yla 22.1.1981-13.5.1981 tarihlerinde Md.Vekili olarak (Merhum) Vedat KURTSATAN, 13.5.1981-13.7.1981 tarihlerinde M\u00fcd\u00fcr vekili olarak \u0130smail G\u00dc\u00c7L\u00dcER, 13.7.1981-15.12.1981 tarihlerinde Md Vekili olarak Harun \u00dcNAL, 15.12.1981-1.4.1982 tarihine kadar Md.Vekili (?), 1.4.1982-4.10.1983 tarihlerinde m\u00fcd\u00fcr olarak M.Emin KAVASO\u011eLU, 4.10.1983-1.7.1987 tarihleri aras\u0131nda m\u00fcd\u00fcr olarak H\u00fcseyin CANBA\u011e, 1.7.1987-31.12.1989 tarihlerinde Md.Vekili olarak M.Fahri ARTAN g\u00f6rev yapm\u0131\u015flard\u0131r.<\/p>\n<p>\u0130stanbul Maliye Meslek Lisesi ilk mezununu 1980 &#8211;1981 y\u0131l\u0131nda, son mezununu 1987-1988 e\u011fitim \u00f6\u011fretim d\u00f6neminde olmak \u00fczere toplam 8 d\u00f6nemde 498 mezun vermi\u015ftir.<\/p>\n<p><img fetchpriority=\"high\" decoding=\"async\" src=\"images\/logo_mo1.gif\" alt=\"Maliye Okulu\" width=\"600\" height=\"95\" border=\"0\" \/><\/p>\n<p><!--nextpage--><\/p>\n<div class=\"download\">Okulumuzda (Ankara) Adil C\u00f6mert, \u015eemsettin Ataman, Fevzi K\u0131rb\u0131y\u0131k, Seher Amiklio\u011flu ve Ataman Ayd\u0131nl\u0131; (\u0130stanbul) Kurucu M\u00fcd\u00fcr Zeynel Ero\u011flu, (merhum) Vedat Kurtsatan, \u0130smail G\u00fc\u00e7l\u00fcer, Emin Kavaso\u011flu ve H\u00fcseyin Canba\u011f; (\u0130zmir) Fehmi SALIK, Ahmet ERGEN\u00c7 ve M. Fahri ARTAN okul m\u00fcd\u00fcr\u00fc olarak g\u00f6rev yapm\u0131\u015flard\u0131r.<\/div>\n<div class=\"info\">Ankara Maliye Meslek Lisesi, Eyl\u00fcl 1997&#8217;de kapanm\u0131\u015f ve \u00f6\u011frenciler \u0130zmir Maliye Meslek Lisesine nakledilmi\u015ftir. 1977 y\u0131l\u0131nda \u0130zmir Maliye Meslek Lisesi, 1978 y\u0131l\u0131nda \u0130stanbul Maliye Meslek Lisesi kurulmu\u015f; ancak \u0130stanbul Maliye Meslek Lisesi 1989 y\u0131l\u0131nda, \u0130zmir Maliye Meslek Lisesi ise 2003 y\u0131l\u0131nda kapat\u0131lm\u0131\u015ft\u0131r.<\/div>\n<div class=\"tip\">\u0130stanbul Maliye Okulunda m\u00fcd\u00fcrl\u00fck g\u00f6revini y\u00fcr\u00fctenler konusundaki ek bilgiyi e-posta ile ileten Say\u0131n Ahmet AK&#8217;a te\u015fekk\u00fcr ederiz.<\/div>\n<p><img fetchpriority=\"high\" decoding=\"async\" src=\"images\/logo_mo1.gif\" alt=\"Maliye Okulu\" width=\"600\" height=\"95\" border=\"0\" \/><\/p>\n<p><!--nextpage--><\/p>\n<div class=\"info\"><strong>Enver Behnan \u015eapolyo<\/strong> kimdir?<\/div>\n<p>Maliye Okullar\u0131 i\u00e7in 3 ciltlik T\u00fcrkiye Tarihi ders kitab\u0131n\u0131n yazar\u0131 <strong>Enver Behnan \u015eapolyo<\/strong>, 1900 tarihinde \u0130stanbul&#8217;un Koca Mustafa Pa\u015fa semtinde, Bey\u00e7ay\u0131r\u0131 Soka\u011f\u0131&#8217;nda do\u011fmu\u015ftur. B\u00fcy\u00fck babas\u0131 Afyonkarahisar mutasarr\u0131f\u0131 Salih Bey, babas\u0131 eski Maarif Nezareti Meclisi Kebir ve Muayene azas\u0131ndan Fevzi Bey&#8217;dir. Fevzi Bey 1908 tarihinde \u0130stanbulda &#8220;Protesto&#8221; ad\u0131nda bir gazete ne\u015fretmi\u015ftir. <span class=\"tip inset-right width25\"> Enver Behnan \u015eapolyo, Maliye Okullar\u0131 i\u00e7in 3 ciltlik T\u00fcrkiye Tarihi ders kitab\u0131n\u0131n yazar\u0131d\u0131r. <\/span> Ayn\u0131 zamanda El Adil adl\u0131 Arap\u00e7a bir gazetede de ba\u015fmuhabirlik yapm\u0131\u015ft\u0131r. Bir\u00e7ok da eserleri vard\u0131r. Bunlardan Te\u015fkilat-\u0131 Avalim, Sarf-\u0131 Arabi adl\u0131 eserleri bas\u0131lm\u0131\u015ft\u0131r. <a class=\"new\" title=\"Tarihi H\u00fcrriyet (hen\u00fcz yaz\u0131lmam\u0131\u015f)\" href=\"http:\/\/tr.wikipedia.org\/w\/index.php?title=Tarihi_H%C3%BCrriyet&#038;action=edit&#038;redlink=1\">Tarihi H\u00fcrriyet<\/a>, <a class=\"new\" title=\"Hikmet-i Hukukun Tarihi (hen\u00fcz yaz\u0131lmam\u0131\u015f)\" href=\"http:\/\/tr.wikipedia.org\/w\/index.php?title=Hikmet-i_Hukukun_Tarihi&#038;action=edit&#038;redlink=1\">Hikmet-i Hukukun Tarihi<\/a>, <a class=\"new\" title=\"Miyar-\u0131 Hukuk (hen\u00fcz yaz\u0131lmam\u0131\u015f)\" href=\"http:\/\/tr.wikipedia.org\/w\/index.php?title=Miyar-%C4%B1_Hukuk&#038;action=edit&#038;redlink=1\">Miyar-\u0131 Hukuk<\/a> ve <a class=\"new\" title=\"Cebri Ala (hen\u00fcz yaz\u0131lmam\u0131\u015f)\" href=\"http:\/\/tr.wikipedia.org\/w\/index.php?title=Cebri_Ala&#038;action=edit&#038;redlink=1\">Cebri Ala<\/a> adl\u0131 eserleri vard\u0131r. Bir\u00e7ok da mecmualara yaz\u0131lar yazm\u0131\u015ft\u0131r.<\/p>\n<p class=\"info\">Fevzi Bey b\u00fcy\u00fck T\u00fcrk alimi Hoca Tahsin Efendi&#8217;nin <a class=\"new\" title=\"\u0130lm-i Ruh (hen\u00fcz yaz\u0131lmam\u0131\u015f)\" href=\"http:\/\/tr.wikipedia.org\/w\/index.php?title=%C4%B0lm-i_Ruh&#038;action=edit&#038;redlink=1\">\u0130lm-i Ruh<\/a>, <a class=\"new\" title=\"Esrar-\u0131 Abu Hava (hen\u00fcz yaz\u0131lmam\u0131\u015f)\" href=\"http:\/\/tr.wikipedia.org\/w\/index.php?title=Esrar-%C4%B1_Abu_Hava&#038;action=edit&#038;redlink=1\">Esrar-\u0131 Abu Hava<\/a>, <a class=\"new\" title=\"Tarihi Tekvin (hen\u00fcz yaz\u0131lmam\u0131\u015f)\" href=\"http:\/\/tr.wikipedia.org\/w\/index.php?title=Tarihi_Tekvin&#038;action=edit&#038;redlink=1\">Tarihi Tekvin<\/a>, <a class=\"new\" title=\"Esas-\u0131 \u0130lmi Heyet (hen\u00fcz yaz\u0131lmam\u0131\u015f)\" href=\"http:\/\/tr.wikipedia.org\/w\/index.php?title=Esas-%C4%B1_%C4%B0lmi_Heyet&#038;action=edit&#038;redlink=1\">Esas-\u0131 \u0130lmi Heyet<\/a>, adl\u0131 eserlerini \u00f6ns\u00f6zler ilavesiyle tab ettirmi\u015ftir.<\/p>\n<p class=\"info\">\u015eapolyo, ilk ve orta tahsilini <a title=\"\u0130stanbul Lisesi\" href=\"http:\/\/tr.wikipedia.org\/wiki\/%C4%B0stanbul_Lisesi\">\u0130stanbul Lisesi<\/a>&#8216;nde yapt\u0131ktan sonra okul taraf\u0131ndan [1917]] tarihinde Almanya&#8217;ya tahsile g\u00f6nderilmi\u015ftir. M\u00fctareke dolay\u0131s\u0131 ile Almanya&#8217;dan d\u00f6nd\u00fckten sonra \u00f6\u011fretmen okuluna gitmi\u015ftir. <a class=\"mw-redirect\" title=\"Milli M\u00fccadele\" href=\"http:\/\/tr.wikipedia.org\/wiki\/Milli_M%C3%BCcadele\">Milli M\u00fccadele<\/a>&#8216;nin ba\u015flamas\u0131yla Anadolu&#8217;ya ge\u00e7erek Ka\u011fn\u0131 Kollar\u0131 Komutan\u0131 olarak cepheye cephane ta\u015f\u0131ma g\u00f6revini yapm\u0131\u015ft\u0131r. <a class=\"new\" title=\"Kanl\u0131 Bayrak (hen\u00fcz yaz\u0131lmam\u0131\u015f)\" href=\"http:\/\/tr.wikipedia.org\/w\/index.php?title=Kanl%C4%B1_Bayrak&#038;action=edit&#038;redlink=1\">Kanl\u0131 Bayrak<\/a> <a class=\"mw-redirect\" title=\"Kuvay-\u0131 Milliye\" href=\"http:\/\/tr.wikipedia.org\/wiki\/Kuvay-%C4%B1_Milliye\">Kuvay-\u0131 Milliye<\/a> M\u00fcfrezesinde \u00e7al\u0131\u015fm\u0131\u015ft\u0131r. \u00d6\u011fretmen okulundan mezun olduktan sonra Dil ve Tarih &#8211; Co\u011frafya Fak\u00fcltesine iki y\u0131l devamdan sonra <a title=\"\u0130stanbul \u00dcniversitesi\" href=\"http:\/\/tr.wikipedia.org\/wiki\/%C4%B0stanbul_%C3%9Cniversitesi\">\u0130stanbul \u00dcniversitesi<\/a> Tarih Fak\u00fcltesi&#8217;nde okumu\u015f ve tarih \u00f6\u011fretmeni olmu\u015ftur.<\/p>\n<p class=\"info\">\u0130ki y\u0131l da felsefe derslerine devam etmi\u015f, Ziya G\u00f6kalp&#8217;in Ameli \u0130\u00e7timayiat derslerine devam ederek <a class=\"mw-redirect\" title=\"Sosyoloji\" href=\"http:\/\/tr.wikipedia.org\/wiki\/Sosyoloji\">Sosyolojiye<\/a> \u00e7al\u0131\u015fm\u0131\u015ft\u0131r. S\u0131ras\u0131 ile <a class=\"new\" title=\"Ankara Sultanisi (hen\u00fcz yaz\u0131lmam\u0131\u015f)\" href=\"http:\/\/tr.wikipedia.org\/w\/index.php?title=Ankara_Sultanisi&#038;action=edit&#038;redlink=1\">Ankara Sultanisi<\/a>, <a class=\"new\" title=\"Konya Lisesi (hen\u00fcz yaz\u0131lmam\u0131\u015f)\" href=\"http:\/\/tr.wikipedia.org\/w\/index.php?title=Konya_Lisesi&#038;action=edit&#038;redlink=1\">Konya Lisesi<\/a>, <a class=\"mw-redirect\" title=\"\u0130stanbul Erkek Lisesi\" href=\"http:\/\/tr.wikipedia.org\/wiki\/%C4%B0stanbul_Erkek_Lisesi\">\u0130stanbul Erkek Lisesi<\/a>, <a title=\"Vefa Lisesi\" href=\"http:\/\/tr.wikipedia.org\/wiki\/Vefa_Lisesi\">Vefa Lisesi<\/a>, <a title=\"Kuleli Askeri Lisesi\" href=\"http:\/\/tr.wikipedia.org\/wiki\/Kuleli_Askeri_Lisesi\">Kuleli Askeri Lisesi<\/a>, <a title=\"Maltepe Askeri Lisesi\" href=\"http:\/\/tr.wikipedia.org\/wiki\/Maltepe_Askeri_Lisesi\">Maltepe Askeri Lisesi<\/a>, <a class=\"mw-redirect\" title=\"Maarif Koleji\" href=\"http:\/\/tr.wikipedia.org\/wiki\/Maarif_Koleji\">Maarif Koleji<\/a>, <a class=\"new\" title=\"T\u00fcrk Ku\u015fu (hen\u00fcz yaz\u0131lmam\u0131\u015f)\" href=\"http:\/\/tr.wikipedia.org\/w\/index.php?title=T%C3%BCrk_Ku%C5%9Fu&#038;action=edit&#038;redlink=1\">T\u00fcrk Ku\u015fu<\/a>, <a title=\"Gazi Lisesi\" href=\"http:\/\/tr.wikipedia.org\/wiki\/Gazi_Lisesi\">Gazi Lisesi<\/a>, <a title=\"Harp Okulu\" href=\"http:\/\/tr.wikipedia.org\/wiki\/Harp_Okulu\">Harp Okulu<\/a>, <a class=\"new\" title=\"Ticaret ve Turizim Y\u00fcksek \u00d6\u011fretmen Okulu (hen\u00fcz yaz\u0131lmam\u0131\u015f)\" href=\"http:\/\/tr.wikipedia.org\/w\/index.php?title=Ticaret_ve_Turizim_Y%C3%BCksek_%C3%96%C4%9Fretmen_Okulu&#038;action=edit&#038;redlink=1\">Ticaret ve Turizm Y\u00fcksek \u00d6\u011fretmen Okulu<\/a>&#8216;nda <a class=\"new\" title=\"\u0130nkilap Tarihi (hen\u00fcz yaz\u0131lmam\u0131\u015f)\" href=\"http:\/\/tr.wikipedia.org\/w\/index.php?title=%C4%B0nkilap_Tarihi&#038;action=edit&#038;redlink=1\">\u0130nkilap Tarihi<\/a> ve <a class=\"new\" title=\"Ahlak Tarihi (hen\u00fcz yaz\u0131lmam\u0131\u015f)\" href=\"http:\/\/tr.wikipedia.org\/w\/index.php?title=Ahlak_Tarihi&#038;action=edit&#038;redlink=1\">Ahlak Tarihi<\/a> \u00f6\u011fretmenli\u011finden sonra, <a class=\"new\" title=\"T\u00fcrkiye'nin Turistik \u00d6zelli\u011fi (hen\u00fcz yaz\u0131lmam\u0131\u015f)\" href=\"http:\/\/tr.wikipedia.org\/w\/index.php?title=T%C3%BCrkiye%27nin_Turistik_%C3%96zelli%C4%9Fi&#038;action=edit&#038;redlink=1\">T\u00fcrkiye&#8217;nin Turistik \u00d6zelli\u011fi<\/a> ve <a class=\"new\" title=\"An\u0131tlar Tarihi (hen\u00fcz yaz\u0131lmam\u0131\u015f)\" href=\"http:\/\/tr.wikipedia.org\/w\/index.php?title=An%C4%B1tlar_Tarihi&#038;action=edit&#038;redlink=1\">An\u0131tlar Tarihi<\/a> derslerini okutmu\u015ftur. Ayn\u0131 zamanda Radyo E\u011fitim M\u00fc\u015faviridir.<\/p>\n<p class=\"info\">Enver Behnan \u015eapolyo bir yandan hocal\u0131\u011fa devam ederken di\u011fer yandan da gazeticilik mesle\u011fine girmi\u015ftir. {{1922]] y\u0131l\u0131nda Ankara&#8217;da ne\u015frolunan <a class=\"new\" title=\"\u00d6\u011f\u00fct Gazetesi (hen\u00fcz yaz\u0131lmam\u0131\u015f)\" href=\"http:\/\/tr.wikipedia.org\/w\/index.php?title=%C3%96%C4%9F%C3%BCt_Gazetesi&#038;action=edit&#038;redlink=1\">\u00d6\u011f\u00fct Gazetesi<\/a> ile <a class=\"new\" title=\"Yenig\u00fcn Gazete (hen\u00fcz yaz\u0131lmam\u0131\u015f)\" href=\"http:\/\/tr.wikipedia.org\/w\/index.php?title=Yenig%C3%BCn_Gazete&#038;action=edit&#038;redlink=1\">Yenig\u00fcn Gazetelerinde<\/a> muhabirlik, sonrada muharrirlik etmeye ba\u015flam\u0131\u015ft\u0131r. <a class=\"mw-redirect\" title=\"Hakimiyet-i Milliye\" href=\"http:\/\/tr.wikipedia.org\/wiki\/Hakimiyet-i_Milliye\">Hakimiyet-i Milliye<\/a>, <a class=\"new\" title=\"Ulus Konya Babal\u0131k (hen\u00fcz yaz\u0131lmam\u0131\u015f)\" href=\"http:\/\/tr.wikipedia.org\/w\/index.php?title=Ulus_Konya_Babal%C4%B1k&#038;action=edit&#038;redlink=1\">Ulus Konya Babal\u0131k<\/a> gazetelerinde \u00e7al\u0131\u015ft\u0131ktan sonra H\u00fcseyin Cahit Bey&#8217;in \u00e7\u0131karmakta oldu\u011fu Tanin gazetesinin Ankara muhabirli\u011fini yapm\u0131\u015ft\u0131r.<\/p>\n<p class=\"info\"><a title=\"1924\" href=\"http:\/\/tr.wikipedia.org\/wiki\/1924\">1924<\/a> tarihinde \u0130stanbul&#8217;a gelerek Son Telgraf, Cumhuriyet, Yeni T\u00fcrkiye, Vakit, Ak\u015fam, Gece Postas\u0131, \u0130kdam &#8211; Son Telgraf, Yeni Sabah gazetelerinde muharirlik ve musahhihlik yapm\u0131\u015ft\u0131r. 1955 y\u0131l\u0131nda Zafer Gazetesi&#8217;nde \u00e7al\u0131\u015farak bu gazetede Tarihi makaleleriyle, Atat\u00fcrk&#8217;\u00fcn Hayat\u0131, Milli M\u00fccadelenin i\u00e7 alemi adl\u0131 tefrikalar\u0131 ne\u015fredilmi\u015ftir. Ayn\u0131 zamanda Ankara&#8217;da ne\u015frolunan \u0130nkilap, Ulus, Haber, Son Bask\u0131 Gazetelerinde de makale ve tefrikalar\u0131 \u00e7\u0131km\u0131\u015ft\u0131r.<\/p>\n<p class=\"info\">\u0130stanbul&#8217;da ne\u015frolunan Yeni Gazete, Yedig\u00fcn, B\u00fcy\u00fck Gazete, Resimli Per\u015fembe, Resimliay, Resimli Mecmua, T\u00fcrk Yurdu, Kad\u0131n Yolu Mecmuas\u0131, T\u00fcrk Yurdu, K\u00f6y Postas\u0131, \u00c7ocuk Ve Yuva, Gen\u00e7ay, Hafta, \u00c7ocuk Haftas\u0131, iller ve Belediyeler Dergisi, \u00d6nasya, \u00dclkemiz, T\u00fcrk K\u00fclt\u00fcr\u00fc, Halk Evleri Mecmuas\u0131, Ankara Belediyesi&#8217;nin ne\u015fretmekte oldu\u011fu Ankara adl\u0131 mecmualarda tarih\u00ee makaleleri ve tarih\u00ee romanlar\u0131 ne\u015fredilmi\u015ftir. Gazetecilite uzun seneler hizmetinden dolay\u0131 Bas\u0131n \u015eeref kart\u0131 verilmi\u015ftir.<\/p>\n<p class=\"info\">\u0130nkilap tarihi ile ilgili yazm\u0131\u015f oldu\u011fu eserleri ile T\u00fcrkiye ve d\u0131\u015f memleketlerde tan\u0131nm\u0131\u015ft\u0131r. Amerikal\u0131 bir\u00e7ok tarihciler \u015eapolyo&#8217;nun tarihi eserlerinden faydalanm\u0131\u015flar ve eserlerini bibliyograflar\u0131na alm\u0131\u015flard\u0131r. Bunlardan Profes\u00f6r <strong>Uriel Heyd<\/strong> in yazm\u0131\u015f oldu\u011fu Foundations of Turkish Nationalism London &#8211; co &#8211; Luzac &#8211; 1950( T\u00fcrk Milliyetcili\u011finin esaslar\u0131) adl\u0131 eserden ba\u015fka yine Amerika da \u0130ngilizce olarak \u00e7\u0131kan <a title=\"Kemal Karpat\" href=\"http:\/\/tr.wikipedia.org\/wiki\/Kemal_Karpat\">Kemal Karpat<\/a> \u0131n Turkey&#8217;s Politic 1959 Princeton University Press( T\u00fcrkiye&#8217;nin Dahili Siyasetine Dair) kitab\u0131nda \u015eapolyo&#8217;nun eserlerinden faydalan\u0131lm\u0131\u015ft\u0131r. Ayn\u0131 zamanda Amerikal\u0131 Miss Elaine D. Smith&#8217;in yazm\u0131\u015f oldu\u011fu \u0130ngilizce <strong>Turkey: Origins of the Kemalist Movement and the Govenrment of the National Assembly<\/strong> Washington &#8211; 1959 yani ( Kemalizm esaslar\u0131 ve B\u00fcy\u00fck Millet Meclisi H\u00fck\u00fcmeti) adl\u0131 eserde, \u015eapolyo&#8217;dan faydalanm\u0131\u015ft\u0131r.<\/p>\n<p class=\"info\">10 A\u011fustos 1960 y\u0131l\u0131nda Moskova&#8217;da toplanan 25. Enternasyonal M\u00fcste\u015frikler Kongresine Moskova \u0130lim Akademisi taraf\u0131ndan delege se\u00e7ilerek davet edilmi\u015ftir. Enver Behnan \u015eapolyo&#8217;nun G\u00fclbahar Sultan adl\u0131 edebi bir eseride S\u0131rp\u00e7a ve H\u0131rvat\u00e7a&#8217;ya terc\u00fcme edilmi\u015ftir.<\/p>\n<p class=\"info\">&nbsp;<\/p>\n<p class=\"info\"><span class=\"mw-headline\"><strong>\u015eapolyo&#8217;nun Bas\u0131lm\u0131\u015f Olan \u00d6nemli Eserleri<\/strong><\/span><\/p>\n<p class=\"info\">1&#8211; Filozof G\u00f6kalp &#8211; 1933<\/p>\n<p class=\"info\">2&#8211; Tarih Bakaloryas\u0131 1. cilt. ilk ve Orta \u00c7a\u011flar Tarihi &#8211; 1934<\/p>\n<p class=\"info\">3&#8211; \u0130kinci cilt Yeni\u00e7a\u011f Osmanl\u0131 ve cumhuriyet Devirleri &#8211; 1935<\/p>\n<p class=\"info\">4&#8211; T\u00fcrk Soyadlar\u0131 &#8211; 1935<\/p>\n<p class=\"info\">5&#8211; Kurtulu\u015f Edebiyat\u0131 Tarihi &#8211; 1938<\/p>\n<p class=\"info\">6&#8211; Onuncu Y\u0131l &#8211; 1938<\/p>\n<p class=\"info\">7&#8211; Ziya G\u00f6kalp ittihat ve Terakki ve Me\u015frutiyet Tarihi &#8211; 1943<\/p>\n<p class=\"info\">8&#8211; Kemal Atat\u00fcrk ve Milli M\u00fccadele Tarihi &#8211; 1944<\/p>\n<p class=\"info\">9&#8211; Mustafa Re\u015fit Pa\u015fa ve Tanzimat devri Tarihi &#8211; 1945<\/p>\n<p class=\"info\">10- Tarih\u00e7i E\u015fref Albat\u0131 &#8211; 1945<\/p>\n<p class=\"info\">11- Velet \u00c7elebi \u0130zbudak &#8211; 1946<\/p>\n<p class=\"info\">12- Karag\u00f6z&#8217;\u00fcn Tarihi &#8211; 1946<\/p>\n<p class=\"info\">13- Osmanl\u0131 &#8211; \u0130nkilap ve Avrupa Tarihi \u00d6z\u00fc &#8211; 1946<\/p>\n<p class=\"info\">14- Karag\u00f6z\u00fcn Tekni\u011fi &#8211; 1947<\/p>\n<p class=\"info\">15- Ziya G\u00f6kalp ve F\u0131rka Nedir? &#8211; 1947<\/p>\n<p class=\"info\">16- <strong>T\u00fcrkiye Tarihi 3 Cilt (Maliye okullar\u0131 i\u00e7in) &#8211; 1947<\/strong><\/p>\n<p class=\"info\">17- M\u00fczeler Tarihi &#8211; 1948<\/p>\n<p class=\"info\">18- T\u00fcrk \u0130nkilab\u0131 Tarihi &#8211; 1948<\/p>\n<p class=\"info\">19- T\u00fcrkiye Cumhuriyeti Tarihi(Liseler i\u00e7in &#8211; 8 defa bas\u0131lm\u0131\u015ft\u0131r) &#8211; 1949<\/p>\n<p class=\"info\">20- T\u00fcrk Efsaneleri &#8211; 1949<\/p>\n<p class=\"info\">21- Gazi Musa Pa\u015fa ve Silistre M\u00fcdafas\u0131 &#8211; 1950<\/p>\n<p class=\"info\">22- Hz. Ali &#8211; 1950<\/p>\n<p class=\"info\">23- D\u00fcnya efsaneleri &#8211; 1954<\/p>\n<p class=\"info\">24- Atat\u00fcrk&#8217;\u00fcn Hayat\u0131 &#8211; 1955<\/p>\n<p class=\"info\">25- \u0130lk \u00c7a\u011f Tarihi &#8211; 1958<\/p>\n<p class=\"info\">26- Kuvay-\u0131 Milliye Tarihi &#8211; 1958<\/p>\n<p class=\"info\">27- \u0130laveli &#8211; Kemal Atat\u00fcrk ve Milli M\u00fccadele Tarihi &#8211; 1958<\/p>\n<p class=\"info\">28- Halk ninnileri &#8211; 1958<\/p>\n<p class=\"info\">29- Gazi Osman Pa\u015fa ve Plevne M\u00fcdafas\u0131 &#8211; 1958<\/p>\n<p class=\"info\">30- Ahlak Tarihi &#8211; 1960<\/p>\n<p class=\"info\">31- T\u00fcrk B\u00fcy\u00fckleri 1960<\/p>\n<p class=\"info\">32- T\u00fcrkiye Tarihi &#8211; 1960<\/p>\n<p class=\"info\">33- Osmanl\u0131 Sultanlar\u0131 Tarihi &#8211; 1960<\/p>\n<p class=\"info\">34- \u0130nkilap Tarihi &#8211; 1960<\/p>\n<p class=\"info\">35- Mezhepler ve Tarikatlar Tarihi &#8211; 1964<\/p>\n<p class=\"info\">36- T\u00fcrk Menk\u0131beleri &#8211; 1964<\/p>\n<p class=\"info\">37- Sel\u00e7uk Han &#8211; 1966<\/p>\n<p class=\"info\">38- Tu\u011frul Han &#8211; 1966<\/p>\n<p class=\"info\">39- Melik \u015eah &#8211; 1966<\/p>\n<p class=\"info\">40- Alparslan &#8211; 1966<\/p>\n<p class=\"info\">41- K\u0131l\u0131\u00e7 Arslan &#8211; 1966<\/p>\n<p class=\"info\">42- Birinci Alaettin &#8211; 1966<\/p>\n<p class=\"info\">43- Sel\u00e7uk Medeniyeti &#8211; 1966<\/p>\n<p class=\"info\">44- K\u0131r\u015fehir B\u00fcy\u00fckleri &#8211; 1967<\/p>\n<p class=\"info\">45- Mustafa Kemal ve Milli M\u00fccadelenin i\u00e7 Alemi &#8211; 1967<\/p>\n<p class=\"info\">46- \u0130stiklal Edebiyat\u0131 Tarihi &#8211; 1968<\/p>\n<p class=\"info\">47- Peygamberler Tarihi &#8211; 1968<\/p>\n<p class=\"info\">48- Osmanl\u0131 \u0130mparatorlu\u011fu Tarihi &#8211; 1968<\/p>\n<p class=\"info\">49- T\u00fcrk Gazeticiler Tarihi<\/p>\n<p class=\"info\">50- Ahiler Tarihi<\/p>\n<p class=\"info\">51- T\u00fcrkiye An\u0131tlar Tarihi<\/p>\n<p class=\"info\">\u015eapolyo&#8217;nun bu eserlerle beraber edebi romanlar\u0131 ve \u00e7ocuk edebiyat\u0131 ne\u015friyat\u0131ndan olmak \u00fczere 45 eseri daha vard\u0131r. Bas\u0131lmam\u0131\u015f olanlarla eserlerinin tutar\u0131 110 cilttir.<\/p>\n<p class=\"info\"><strong>Romanlar\u0131ndan<\/strong>: Ay\u015fim, Alp Arslan, Yayla G\u00fcl\u00fc, Y\u0131ld\u0131r\u0131m, Dede Korkut Masallar\u0131, K\u0131l\u0131\u00e7 Arslan, \u015eair Nedimin A\u015fk\u0131, Barbaros, Turgut Reis, Fatih \u0130stanbul Kap\u0131lar\u0131nda, T\u00fcrk Masallar\u0131, Atilla, T\u00fcrk Ak\u0131nc\u0131lar\u0131, Ali Baba, Estergon Kalesi vard\u0131r.<\/p>\n<div class=\"printfooter\">&#8220;<a href=\"http:\/\/tr.wikipedia.org\/wiki\/Enver_Behnan_\u015eapolyo\">http:\/\/tr.wikipedia.org\/wiki\/Enver_Behnan_\u015eapolyo<\/a>&#8221; adresinden al\u0131nd\u0131.<\/div>\n","protected":false},"excerpt":{"rendered":"<p>Yazan: Enver Behnan \u015eAPOLYO 1908&#8217;de me\u015frutiyet ink\u0131lab\u0131 olunca memleketin muhtelif m\u00fcesseselerinde \u0131slahat yap\u0131lm\u0131\u015ft\u0131. Maliye memurlar\u0131n\u0131n bilgi ve tecr\u00fcbeleri artt\u0131r\u0131larak muktedir mal memurlar\u0131 yeti\u015ftirmek maksad\u0131 temin edilmek i\u00e7in merkez ve ta\u015fra memurlar\u0131na l\u00fczumlu dersleri \u00f6\u011fretmek \u00fczere bir Maliye Meslek Mektebi kurulmas\u0131na karar verildi. Bu karar \u00fczerine 1909 tarihinde Bayaz\u0131t&#8217; ta Fuat Pa\u015fa Kona\u011f\u0131 i\u00e7inde bulunan Maliye [&hellip;]<\/p>\n","protected":false},"author":1,"featured_media":4210,"comment_status":"open","ping_status":"open","sticky":false,"template":"","format":"standard","meta":{"_eb_attr":"","_gspb_post_css":"","_crdt_document":"","footnotes":""},"categories":[92],"tags":[],"class_list":["post-4211","post","type-post","status-publish","format-standard","has-post-thumbnail","hentry","category-duragan"],"blocksy_meta":[],"_links":{"self":[{"href":"https:\/\/yeni.maliyeokulu.org.tr\/index.php?rest_route=\/wp\/v2\/posts\/4211","targetHints":{"allow":["GET"]}}],"collection":[{"href":"https:\/\/yeni.maliyeokulu.org.tr\/index.php?rest_route=\/wp\/v2\/posts"}],"about":[{"href":"https:\/\/yeni.maliyeokulu.org.tr\/index.php?rest_route=\/wp\/v2\/types\/post"}],"author":[{"embeddable":true,"href":"https:\/\/yeni.maliyeokulu.org.tr\/index.php?rest_route=\/wp\/v2\/users\/1"}],"replies":[{"embeddable":true,"href":"https:\/\/yeni.maliyeokulu.org.tr\/index.php?rest_route=%2Fwp%2Fv2%2Fcomments&post=4211"}],"version-history":[{"count":0,"href":"https:\/\/yeni.maliyeokulu.org.tr\/index.php?rest_route=\/wp\/v2\/posts\/4211\/revisions"}],"wp:featuredmedia":[{"embeddable":true,"href":"https:\/\/yeni.maliyeokulu.org.tr\/index.php?rest_route=\/wp\/v2\/media\/4210"}],"wp:attachment":[{"href":"https:\/\/yeni.maliyeokulu.org.tr\/index.php?rest_route=%2Fwp%2Fv2%2Fmedia&parent=4211"}],"wp:term":[{"taxonomy":"category","embeddable":true,"href":"https:\/\/yeni.maliyeokulu.org.tr\/index.php?rest_route=%2Fwp%2Fv2%2Fcategories&post=4211"},{"taxonomy":"post_tag","embeddable":true,"href":"https:\/\/yeni.maliyeokulu.org.tr\/index.php?rest_route=%2Fwp%2Fv2%2Ftags&post=4211"}],"curies":[{"name":"wp","href":"https:\/\/api.w.org\/{rel}","templated":true}]}}