{"id":4268,"date":"2008-11-20T23:01:17","date_gmt":"2008-11-20T21:01:17","guid":{"rendered":"https:\/\/yeni.maliyeokulu.org.tr\/press\/"},"modified":"2008-11-20T23:01:17","modified_gmt":"2008-11-20T21:01:17","slug":"press","status":"publish","type":"post","link":"https:\/\/yeni.maliyeokulu.org.tr\/?p=4268","title":{"rendered":"Yay\u0131n Ko\u015fullar\u0131"},"content":{"rendered":"<p>  <\/p>\n<h1 align=\"center\"><font size=\"2\">MAL\u0130YEOKULU.ORG.TR\u2019DE YAYINLANACAK MESLEK\u0130 VE AKADEM\u0130K \u00c7ALI\u015eMALARA \u0130L\u0130\u015eK\u0130N KO\u015eULLAR<\/font><\/h1>\n<p>  <\/p>\n<h2><font size=\"2\"><strong>F\u0130KR\u0130 M\u00dcLK\u0130YET HAKLARI<\/strong><\/font><\/h2>\n<p>&nbsp;<\/p>\n<ul>\n<li>\n<p><font size=\"2\"><strong>MAL\u0130YEOKULU.ORG.TR<\/strong><\/font><font size=\"2\">, \tfikri m\u00fclkiyet haklar\u0131na sayg\u0131l\u0131d\u0131r. Bu nedenle, siteye g\u00f6nderilecek yaz\u0131lar\u0131n ba\u015fka bir yerde yay\u0131nlanmam\u0131\u015f olmas\u0131, yay\u0131nlanm\u0131\u015f ise, <\/font><font size=\"2\"><strong>MAL\u0130YEOKULU.ORG.TR<\/strong><\/font><font size=\"2\">\u2019da \tyay\u0131nlanmas\u0131na izin verilmi\u015f olmas\u0131 gerekmektedir. Sitede yaz\u0131s\u0131n\u0131 yay\u0131nlamak isteyenler, bu yaz\u0131n\u0131n ba\u015fka bir yerde yay\u0131nlanmad\u0131\u011f\u0131n\u0131 veya yay\u0131nlanm\u0131\u015f ise yeniden yay\u0131nlanmas\u0131na izin verildi\u011fini bildirmek zorundad\u0131r. <\/font> \t<\/p>\n<\/li>\n<\/ul>\n<p>&nbsp;<\/p>\n<ul>\n<li>\n<p><font size=\"2\">G\u00f6nderilen yaz\u0131lar\u0131n yay\u0131nlanmas\u0131 ile birlikte, bas\u0131l\u0131 ve elektronik yay\u0131n hakk\u0131 \t<\/font><font size=\"2\"><strong>MAL\u0130YEOKULU.ORG.TR<\/strong><\/font><font size=\"2\">\u2019a \tait olur. <\/font><font size=\"2\"><strong>MAL\u0130YEOKULU.ORG.TR<\/strong><\/font><font size=\"2\">, \t\u00f6zel bir gerek\u00e7e bulunmad\u0131k\u00e7a, bu yaz\u0131lar\u0131 yazar\u0131n ba\u015fka \tyerde yay\u0131nlama istemlerini kabul etmeyi taahh\u00fct eder.<\/font><\/p>\n<\/li>\n<\/ul>\n<p>&nbsp;<\/p>\n<ul>\n<li>\n<p><font size=\"2\"><strong>MAL\u0130YEOKULU.ORG.TR, \t<\/strong><\/font><font size=\"2\">kendisine ula\u015fan \u00e7al\u0131\u015fmalar\u0131 yay\u0131nlay\u0131p yay\u0131nlamamakta serbesttir. Yay\u0131nlanmayan yaz\u0131lar, yazar\u0131na geri g\u00f6nderilir. \u00c7al\u0131\u015fmalar, <strong>MAL\u0130YEOKULU.ORG.TR<\/strong>\u2019da yay\u0131nlanmad\u0131\u011f\u0131 s\u00fcrece yazarlar bu \u00e7al\u0131\u015fmalar\u0131 istedikleri ortamda \tyay\u0131nlayabilirler.\u00a0<\/font><\/p>\n<\/li>\n<\/ul>\n<p>&nbsp;<\/p>\n<ul>\n<li>\n<p><font size=\"2\"><strong>MAL\u0130YEOKULU.ORG.TR,<\/strong><\/font><font size=\"2\"> \tYazardan g\u00f6nderilen \u00e7al\u0131\u015fmalar\u0131n g\u00fcncellenmesini ya da d\u00fczeltilmesini isteyebilir.<\/font><\/p>\n<\/li>\n<\/ul>\n<p>&nbsp;<\/p>\n<ul>\n<li>\n<p><font size=\"2\"><strong>MAL\u0130YEOKULU.ORG.TR\u2019<\/strong><\/font><font size=\"2\">da \tyay\u0131nlanacak \u00e7al\u0131\u015fmalar\u0131n yazarlar\u0131nca g\u00f6nderilmesi esast\u0131r. Yazarlar\u0131n d\u0131\u015f\u0131nda ki\u015filerce g\u00f6nderilen \u00e7al\u0131\u015fmalarda, \tg\u00f6ndericinin Yazar\u0131n yaz\u0131l\u0131 iznini ald\u0131\u011f\u0131n\u0131 belgelemesi istenebilir. <\/font> \t<\/p>\n<\/li>\n<\/ul>\n<p>&nbsp;<\/p>\n<ul>\n<li>\n<p><strong>MAL\u0130YEOKULU.ORG.TR\u2019<\/strong><font size=\"2\">da \tT\u00fcrk\u00e7e d\u0131\u015f\u0131ndaki dillerde de \u00e7al\u0131\u015fma yay\u0131nlanabilir.   <\/font> \t<\/p>\n<\/li>\n<\/ul>\n<p>&nbsp;<\/p>\n<ul>\n<li>\n<p><font size=\"2\">Sitede yer alan \tg\u00f6r\u00fc\u015fler, yazarlar\u0131n ki\u015fisel yakla\u015f\u0131mlar\u0131n\u0131 i\u00e7erdi\u011finden \tve de duruma \u00f6zel verilmi\u015f mesleki m\u00fctalaa niteli\u011finde \tolmad\u0131\u011f\u0131ndan bu sitede yer alan g\u00f6r\u00fc\u015flerden hareketle i\u015flem \ttesis etmeden evvel duruma \u00f6zg\u00fc mesleki g\u00f6r\u00fc\u015f al\u0131nmas\u0131 \t\u00f6nerilir.<\/font><\/p>\n<\/li>\n<\/ul>\n<p>&nbsp;<\/p>\n<ul>\n<li>\n<p><font size=\"2\"><strong>MAL\u0130YEOKULU.ORG.TR<\/strong><\/font><font size=\"2\"> \tbir haber sitesi de\u011fildir. Bu nedenle, sitede yer alan hi\u00e7bir \tifade, konuyla ilgili bir haber veya duyuru niteli\u011finde de\u011fildir. \tSitede yer alan b\u00fct\u00fcn \u00e7al\u0131\u015fmalarda, haber kaynaklar\u0131na ait \tfikri m\u00fclkiyet haklar\u0131n\u0131n korunmas\u0131na azami \u00f6zen \tg\u00f6sterilmektedir.<\/font><\/p>\n<\/li>\n<\/ul>\n<p>&nbsp;<\/p>\n<ul>\n<li>\n<p><font size=\"2\"><strong>MAL\u0130YEOKULU.ORG.TR,<\/strong><\/font><font size=\"2\"> \tpolitik i\u00e7erikli bir sitede de\u011fildir. Mesleki ve akademik i\u00e7eri\u011fin \td\u0131\u015f\u0131na ta\u015fan veya konusu su\u00e7 te\u015fkil eden \u00e7al\u0131\u015fmalar sitede \tyay\u0131nlanmaz.<\/font><\/p>\n<\/li>\n<\/ul>\n<p>&nbsp;<\/p>\n<ul>\n<li>\n<p><font size=\"2\">Siteye yap\u0131lacak \tat\u0131flarda <\/font><font color=\"#0000ff\"><u><a href=\"\/\"><font size=\"2\">www.maliyeokulu.org.tr<\/font><\/a><\/u><\/font><font size=\"2\"> \tunvan\u0131n\u0131n kullan\u0131lmas\u0131 gerekmektedir.<\/font><\/p>\n<\/li>\n<\/ul>\n<p>&nbsp;<\/p>\n<ul>\n<li>\n<p><font size=\"2\"><strong>MAL\u0130YEOKULU.ORG.TR\u2019<\/strong><\/font><font size=\"2\">da \tyay\u0131nlanan \u00e7al\u0131\u015fmalar i\u00e7in telif \u00fccreti \u00f6denmez.<\/font><\/p>\n<\/li>\n<\/ul>\n<p> <!--nextpage--><\/p>\n<p>&nbsp;<\/p>\n<h1><font size=\"2\"><strong>MESLEK\u0130 \u00c7ALI\u015eMALARDA UYULACAK TEKN\u0130K \u00d6ZELL\u0130KLER<\/strong><\/font><\/h1>\n<p>&nbsp;<\/p>\n<p><font size=\"2\"><strong>Makale<\/strong><\/font><font size=\"2\">lerin teknik \u00f6zellikleri; <\/font> <\/p>\n<p>&nbsp;<\/p>\n<ul>\n<li>\n<p><font size=\"2\">belirli bir konunun 2 \t&#8211; 5 <\/font><font size=\"2\"><strong>A4<\/strong><\/font><font size=\"2\"> sayfas\u0131 \tboyutunda i\u015flenmesi,<\/font><\/p>\n<\/li>\n<li>\n<p><font size=\"2\">konunun g\u00fcncellik \tg\u00f6stermesi,<\/font><\/p>\n<\/li>\n<li>\n<p><font size=\"2\">\u00e7al\u0131\u015fman\u0131n \u00f6zeti \tniteli\u011finde bir \u201csonu\u00e7\u201d b\u00f6l\u00fcm\u00fcne sahip olmas\u0131,<\/font><\/p>\n<\/li>\n<\/ul>\n<p>&nbsp;<\/p>\n<h2><font size=\"2\"><strong>\u00c7al\u0131\u015fmalarda Uyulacak Ortak Teknik \u00d6zellikler<\/strong><\/font><\/h2>\n<p>&nbsp;<\/p>\n<ol>\n<li>\n<p><font size=\"2\">\u00c7al\u0131\u015fmalar MS Word \tprogram\u0131nda,<\/font><\/p>\n<\/li>\n<li>\n<p><font size=\"2\">\u00c7al\u0131\u015fman\u0131n metin \tb\u00f6l\u00fcm\u00fc; Times New Roman 12 punto, normal karakter ile, dipnotlar \tTimes New Roman 10 punto, normal karakter ile,<\/font><\/p>\n<\/li>\n<li>\n<p><font size=\"2\">Numaralama Amerikan \tSistemi ile; (1, 2, 3, ana ba\u015fl\u0131k, 1.1, 2.2, 33.3, ve 1.1.1, \t2.1.1, 3.1.1 gibi alt ba\u015fl\u0131k bi\u00e7imli),<\/font><\/p>\n<\/li>\n<li>\n<p><font size=\"2\">A4 ka\u011f\u0131t b\u00fcy\u00fckl\u00fc\u011f\u00fc, \t<\/font> \t<\/p>\n<\/li>\n<li>\n<p><font size=\"2\">Sat\u0131r geni\u015fli\u011fi 16 \tsantimetre \u00fczerinden,<\/font><\/p>\n<\/li>\n<li>\n<p><font size=\"2\">\u00c7al\u0131\u015fmalarda, \tgramer ve akademik yaz\u0131m kurallar\u0131na, -\u00f6zellikle at\u0131f ve kaynak \tbelirtme kurallar\u0131na- uyulmas\u0131na, her \u00e7al\u0131\u015fmaya ili\u015fkin be\u015f \tanahtar s\u00f6zc\u00fc\u011f\u00fcn belirlenmesine \u00f6zen g\u00f6sterilmelidir,<\/font><\/p>\n<\/li>\n<\/ol>\n<p>&nbsp;<\/p>\n<p>&nbsp;<\/p>\n<p>&nbsp;<\/p>\n","protected":false},"excerpt":{"rendered":"<p>MAL\u0130YEOKULU.ORG.TR\u2019DE YAYINLANACAK MESLEK\u0130 VE AKADEM\u0130K \u00c7ALI\u015eMALARA \u0130L\u0130\u015eK\u0130N KO\u015eULLAR F\u0130KR\u0130 M\u00dcLK\u0130YET HAKLARI &nbsp; MAL\u0130YEOKULU.ORG.TR, fikri m\u00fclkiyet haklar\u0131na sayg\u0131l\u0131d\u0131r. Bu nedenle, siteye g\u00f6nderilecek yaz\u0131lar\u0131n ba\u015fka bir yerde yay\u0131nlanmam\u0131\u015f olmas\u0131, yay\u0131nlanm\u0131\u015f ise, MAL\u0130YEOKULU.ORG.TR\u2019da yay\u0131nlanmas\u0131na izin verilmi\u015f olmas\u0131 gerekmektedir. Sitede yaz\u0131s\u0131n\u0131 yay\u0131nlamak isteyenler, bu yaz\u0131n\u0131n ba\u015fka bir yerde yay\u0131nlanmad\u0131\u011f\u0131n\u0131 veya yay\u0131nlanm\u0131\u015f ise yeniden yay\u0131nlanmas\u0131na izin verildi\u011fini bildirmek zorundad\u0131r. &nbsp; [&hellip;]<\/p>\n","protected":false},"author":1,"featured_media":0,"comment_status":"open","ping_status":"open","sticky":false,"template":"","format":"standard","meta":{"_eb_attr":"","_gspb_post_css":"","_crdt_document":"","footnotes":""},"categories":[92],"tags":[],"class_list":["post-4268","post","type-post","status-publish","format-standard","hentry","category-duragan"],"blocksy_meta":[],"_links":{"self":[{"href":"https:\/\/yeni.maliyeokulu.org.tr\/index.php?rest_route=\/wp\/v2\/posts\/4268","targetHints":{"allow":["GET"]}}],"collection":[{"href":"https:\/\/yeni.maliyeokulu.org.tr\/index.php?rest_route=\/wp\/v2\/posts"}],"about":[{"href":"https:\/\/yeni.maliyeokulu.org.tr\/index.php?rest_route=\/wp\/v2\/types\/post"}],"author":[{"embeddable":true,"href":"https:\/\/yeni.maliyeokulu.org.tr\/index.php?rest_route=\/wp\/v2\/users\/1"}],"replies":[{"embeddable":true,"href":"https:\/\/yeni.maliyeokulu.org.tr\/index.php?rest_route=%2Fwp%2Fv2%2Fcomments&post=4268"}],"version-history":[{"count":0,"href":"https:\/\/yeni.maliyeokulu.org.tr\/index.php?rest_route=\/wp\/v2\/posts\/4268\/revisions"}],"wp:attachment":[{"href":"https:\/\/yeni.maliyeokulu.org.tr\/index.php?rest_route=%2Fwp%2Fv2%2Fmedia&parent=4268"}],"wp:term":[{"taxonomy":"category","embeddable":true,"href":"https:\/\/yeni.maliyeokulu.org.tr\/index.php?rest_route=%2Fwp%2Fv2%2Fcategories&post=4268"},{"taxonomy":"post_tag","embeddable":true,"href":"https:\/\/yeni.maliyeokulu.org.tr\/index.php?rest_route=%2Fwp%2Fv2%2Ftags&post=4268"}],"curies":[{"name":"wp","href":"https:\/\/api.w.org\/{rel}","templated":true}]}}