{"id":4294,"date":"2008-12-02T13:23:49","date_gmt":"2008-12-02T11:23:49","guid":{"rendered":"https:\/\/yeni.maliyeokulu.org.tr\/message\/"},"modified":"2008-12-02T13:23:49","modified_gmt":"2008-12-02T11:23:49","slug":"message","status":"publish","type":"post","link":"https:\/\/yeni.maliyeokulu.org.tr\/?p=4294","title":{"rendered":"Ba\u015fkan\u0131n Mesaj\u0131"},"content":{"rendered":"<p><strong>De\u011ferli Maliye Okulu Mezunlar\u0131,<\/strong><img decoding=\"async\" class=\" alignright size-full wp-image-4212\" src=\"https:\/\/yeni.maliyeokulu.org.tr\/wp-content\/uploads\/2007\/12\/baskan.gif\" alt=\"Celal CELIK\" title=\"Sube Baskani\" align=\"right\" border=\"0\" height=\"127\" width=\"110\" \/><\/p>\n<p style=\"margin-top: 0.21cm; margin-bottom: 0cm\">Bir Maliye Okulu mezunu olarak, Okulumla her zaman gurur duydum, duymaya da devam ediyorum; eminim sizler de benimle ayn\u0131 duygular\u0131 payla\u015f\u0131yorsunuzdur. Maliye Okullar\u0131  kuruldu\u011fu 1924 y\u0131l\u0131ndan kapat\u0131ld\u0131\u011f\u0131 2002 y\u0131l\u0131na kadar Ankara, \u0130stanbul ve \u0130zmir\u2019de, konusunda uzman ki\u015filer yeti\u015ftirmi\u015ftir. Bu g\u00fcn gerek maliye camias\u0131nda gerekse maliye d\u0131\u015f\u0131 alanlarda,  Maliye Okulu Mezunlar\u0131n\u0131n \u00e7ok \u00f6nemli noktalarda ba\u015far\u0131l\u0131 olduklar\u0131n\u0131 g\u00f6rmemiz Maliye Okullar\u0131n\u0131n ne derece \u00f6nemli bir fonksiyonu oldu\u011funu g\u00f6stermektedir.<\/p>\n<p style=\"margin-top: 0.21cm; margin-bottom: 0cm\">G\u00f6reve geldi\u011fimiz May\u0131s 2008 tarihinden bu yana mezunlar\u0131m\u0131z\u0131 bir arada tutmak ve mensuplar\u0131m\u0131z aras\u0131ndaki birlikteli\u011fi geli\u015ftirmek ad\u0131na pek \u00e7ok organizasyon ger\u00e7ekle\u015ftirdik ve ger\u00e7ekle\u015ftirmeye devam ediyoruz.<\/p>\n<p>\u0130nternet sitemizi, de\u011ferli mezunumuz Mesut Kullar\u2019\u0131n deste\u011fi ile 2008 y\u0131l\u0131 i\u00e7erisinde sizlerin kullan\u0131m\u0131na sunduk. Umar\u0131m k\u0131sa bir s\u00fcre i\u00e7erisinde gerek i\u00e7erik gerekse ziyaret\u00e7i trafi\u011fi a\u00e7\u0131s\u0131ndan sitemiz \u00e7ok daha iyi noktalara gelecektir. Bu vesile ile de\u011ferli mensubumuz say\u0131n Mesut Kullar\u2019a te\u015fekk\u00fcrlerimizi sunar\u0131z.<\/p>\n<p>Dernek y\u00f6netimi olarak eksik ve \u00e7ok da\u011f\u0131n\u0131k \u015fekilde saklanm\u0131\u015f olan mezun bilgilerini bir veritaban\u0131nda toplad\u0131k, mezunlara ait ileti\u015fim ve genel bilgileri tuttu\u011fumuz veritaban\u0131m\u0131z\u0131 g\u00fcncel tutmak ad\u0131na \u00e7al\u0131\u015fmalar\u0131m\u0131z devam ediyor. G\u00fcncel ileti\u015fim bilgilerinizi <a href=\"indir\/form.doc\">internet sayfam\u0131zdaki form<\/a> \u00fczerinden bize iletebilirsiniz, ayr\u0131ca ula\u015fmak istedi\u011finiz arkada\u015flar\u0131n\u0131za ait bilgileri de bizden talep edebilirsiniz.  Bu zaman zarf\u0131nda ayr\u0131ca \u00e7e\u015fitli yemek, kahvalt\u0131, organizasyonlar\u0131, haftasonu toplant\u0131lar\u0131 yapt\u0131k, yenilerini yapmaya devam edece\u011fiz. \u00d6n\u00fcm\u00fczdeki s\u00fcre\u00e7 i\u00e7erisinde bilimsel ve mesleki toplant\u0131lar ve geni\u015f kat\u0131l\u0131ml\u0131 yemekler de planlamaktay\u0131z. Elbette bunlar\u0131 da sitemizden ve k\u0131sa mesaj olarak telefonlar\u0131m\u0131zla duyuraca\u011f\u0131z.<\/p>\n<p>{xtypo_quote}2008-2010 d\u00f6nemi y\u00f6netimi olarak iki temel hedefimiz var; mezunlar\u0131m\u0131z\u0131n ortak kullan\u0131m\u0131na a\u00e7abilece\u011fimiz ve Derne\u011fimizin \u015fube merkezi olarak kullanabilece\u011fimiz bir gayrimenkul sat\u0131n almak ve Maliye Okullar\u0131n\u0131n tekrar a\u00e7\u0131lmas\u0131n\u0131 sa\u011flamak.{\/xtypo_quote}<\/p>\n<p>Gayrimenkul al\u0131m\u0131 konusunda Derne\u011fimizin ba\u015fka bir geliri olmad\u0131\u011f\u0131ndan siz De\u011ferli mezunlar\u0131m\u0131z\u0131n ba\u011f\u0131\u015flar\u0131na ve desteklerine ihtiyac\u0131m\u0131z bulunmaktad\u0131r. Yap\u0131lan desteklerle bu g\u00fcne kadar toplad\u0131\u011f\u0131m\u0131z para tutar\u0131 50 bin TL\u2019y\u0131 ge\u00e7ti. Bina al\u0131m\u0131 hedefimize 2009 y\u0131l\u0131 sonuna kadar ula\u015fmay\u0131 planl\u0131yoruz. Umar\u0131z en k\u0131sa zamanda bu hedefimize ula\u015faca\u011f\u0131z ve Derne\u011fimiz ad\u0131na kal\u0131c\u0131 bir yat\u0131r\u0131m yapm\u0131\u015f olaca\u011f\u0131z.<\/p>\n<p>Maliye Okulu mezunlar\u0131 bug\u00fcne kadar Maliye Bakanl\u0131\u011f\u0131n\u0131n her kademesinde, \u00f6nemli g\u00f6revler \u00fcstlenmi\u015fler ve \u00fcstlenmeye devam etmektedirler. Ancak okullar\u0131n kapat\u0131lmas\u0131 ile \u00f6n\u00fcm\u00fczdeki d\u00f6nemlerde bu g\u00f6revleri devralacak ehil kadrolar\u0131n yeti\u015fmesinde s\u0131k\u0131nt\u0131yla kar\u015f\u0131la\u015f\u0131lacakt\u0131r. Halen Maliye Okullar\u0131n\u0131n kapat\u0131lmas\u0131n\u0131n eksikli\u011fi hissedilmektedir. Maliye Okulu misyonuna sahip e\u011fitim kurumlar\u0131n\u0131n \u00fclkemiz i\u00e7in gereklili\u011fi ortadad\u0131r. Bu eksikli\u011fin giderilmesi i\u00e7in yetkililerin k\u0131sa s\u00fcrede do\u011fru ad\u0131mlar atmas\u0131n\u0131 bekliyoruz.<\/p>\n<p>Hedeflerimize ula\u015fmak konusunda t\u00fcm g\u00fcc\u00fcm\u00fcz ile \u00e7al\u0131\u015fmaya devam ediyoruz ve siz de\u011ferli mezunlar\u0131m\u0131zdan gelecek \u00f6neri ve ele\u015ftiriler ile bunlara ula\u015faca\u011f\u0131m\u0131za inan\u0131yoruz. \u00c7al\u0131\u015fmalar\u0131m\u0131z\u0131 y\u00f6nlendirme ve ba\u015farma konusunda  deste\u011finize ihtiyac\u0131m\u0131z oldu\u011funu bir kez daha hat\u0131rlatarak, hep birlikte daha g\u00fczel \u015feyler ortaya \u00e7\u0131karabilmeyi umut ediyoruz.<\/p>\n<p>Sayg\u0131 ve sevgilerimle,<\/p>\n<p><strong>Celal \u00c7elik<br \/> Maliye Okulu Mezunlar\u0131 Derne\u011fi<br \/>\u0130stanbul \u015eubesi Ba\u015fkan\u0131<\/strong><\/p>\n<p align=\"center\"><img decoding=\"async\" class=\"reflect size-full wp-image-4293\" src=\"https:\/\/yeni.maliyeokulu.org.tr\/wp-content\/uploads\/2008\/12\/malokgif_trans.gif\" alt=\"Maliye Okulu\" border=\"0\" height=\"160\" width=\"155\" \/><\/p>\n","protected":false},"excerpt":{"rendered":"<p>De\u011ferli Maliye Okulu Mezunlar\u0131, Bir Maliye Okulu mezunu olarak, Okulumla her zaman gurur duydum, duymaya da devam ediyorum; eminim sizler de benimle ayn\u0131 duygular\u0131 payla\u015f\u0131yorsunuzdur. Maliye Okullar\u0131 kuruldu\u011fu 1924 y\u0131l\u0131ndan kapat\u0131ld\u0131\u011f\u0131 2002 y\u0131l\u0131na kadar Ankara, \u0130stanbul ve \u0130zmir\u2019de, konusunda uzman ki\u015filer yeti\u015ftirmi\u015ftir. Bu g\u00fcn gerek maliye camias\u0131nda gerekse maliye d\u0131\u015f\u0131 alanlarda, Maliye Okulu Mezunlar\u0131n\u0131n \u00e7ok [&hellip;]<\/p>\n","protected":false},"author":1,"featured_media":4212,"comment_status":"open","ping_status":"open","sticky":false,"template":"","format":"standard","meta":{"_eb_attr":"","_gspb_post_css":"","_crdt_document":"","footnotes":""},"categories":[107],"tags":[],"class_list":["post-4294","post","type-post","status-publish","format-standard","has-post-thumbnail","hentry","category-baskanlardan"],"blocksy_meta":[],"_links":{"self":[{"href":"https:\/\/yeni.maliyeokulu.org.tr\/index.php?rest_route=\/wp\/v2\/posts\/4294","targetHints":{"allow":["GET"]}}],"collection":[{"href":"https:\/\/yeni.maliyeokulu.org.tr\/index.php?rest_route=\/wp\/v2\/posts"}],"about":[{"href":"https:\/\/yeni.maliyeokulu.org.tr\/index.php?rest_route=\/wp\/v2\/types\/post"}],"author":[{"embeddable":true,"href":"https:\/\/yeni.maliyeokulu.org.tr\/index.php?rest_route=\/wp\/v2\/users\/1"}],"replies":[{"embeddable":true,"href":"https:\/\/yeni.maliyeokulu.org.tr\/index.php?rest_route=%2Fwp%2Fv2%2Fcomments&post=4294"}],"version-history":[{"count":0,"href":"https:\/\/yeni.maliyeokulu.org.tr\/index.php?rest_route=\/wp\/v2\/posts\/4294\/revisions"}],"wp:featuredmedia":[{"embeddable":true,"href":"https:\/\/yeni.maliyeokulu.org.tr\/index.php?rest_route=\/wp\/v2\/media\/4212"}],"wp:attachment":[{"href":"https:\/\/yeni.maliyeokulu.org.tr\/index.php?rest_route=%2Fwp%2Fv2%2Fmedia&parent=4294"}],"wp:term":[{"taxonomy":"category","embeddable":true,"href":"https:\/\/yeni.maliyeokulu.org.tr\/index.php?rest_route=%2Fwp%2Fv2%2Fcategories&post=4294"},{"taxonomy":"post_tag","embeddable":true,"href":"https:\/\/yeni.maliyeokulu.org.tr\/index.php?rest_route=%2Fwp%2Fv2%2Ftags&post=4294"}],"curies":[{"name":"wp","href":"https:\/\/api.w.org\/{rel}","templated":true}]}}