{"id":4427,"date":"2009-12-27T12:58:28","date_gmt":"2009-12-27T10:58:28","guid":{"rendered":"https:\/\/yeni.maliyeokulu.org.tr\/ank-yoenetim-kurulu\/"},"modified":"2009-12-27T12:58:28","modified_gmt":"2009-12-27T10:58:28","slug":"ank-yoenetim-kurulu","status":"publish","type":"post","link":"https:\/\/yeni.maliyeokulu.org.tr\/?p=4427","title":{"rendered":"Y\u00f6netim Kurulu"},"content":{"rendered":"<p>Derne\u011fimizin 23 Nisan 2017 pazar g\u00fcn\u00fc Ola\u011fan Genel Kurul sonras\u0131nda ger\u00e7ekle\u015ftirilen Y\u00f6netim Kurulu Toplant\u0131s\u0131 sonucunda y\u00f6netim kurulu asil ve yedek \u00fcyeliklerine se\u00e7ilen Okulumuz mezunlar\u0131 g\u00f6rev b\u00f6l\u00fc\u015f\u00fcm\u00fcn\u00fc a\u015fa\u011f\u0131daki gibi kararla\u015ft\u0131rd\u0131.<\/p>\n<ul class=\"checkbox\">\n<li>\n<h4><span style=\"text-decoration: underline;\">Asil \u00dcyeler <\/span><\/h4>\n<\/li>\n<li>Ahmet KAYA &#8211; Genel Ba\u015fkan (Ankara, 1977) ahmet.kaya@maliyeokulu.org.tr<\/li>\n<li>Ersan BA\u015eKAYA &#8211; 2. Ba\u015fkan (Ankara, 1985) ersan.baskaya@maliyeokulu.org.tr<\/li>\n<li>Av. Bu\u011fra YEG\u00dcL &#8211; Genel Sekreter (Ankara, 1994) bugra.yegul@maliyeokulu.org.tr<\/li>\n<li>Kemal Murat KIRMIZIG\u00dcL &#8211; Sayman (Ankara, 1986) kemal.murat.kirmizigul@maliyeokulu.org.tr<\/li>\n<li>Nurten \u00c7UKUR &#8211; Y\u00f6n. Kur. \u00dcyesi (Ankara, 1981) nurten.cukur@maliyeokulu.org.tr<\/li>\n<li>Mesut KULLAR &#8211; Y\u00f6n. Kur. \u00dcyesi (Ankara, 1982) mesut.kullar@maliyeokulu.org.tr<\/li>\n<li>Hakan D\u0130LAVER &#8211; Y\u00f6n. Kur. \u00dcyesi (Ankara, 1986) hakan.dilaver@maliyeokulu.org.tr<\/li>\n<\/ul>\n<p>&nbsp;<\/p>\n<ul class=\"checkbox\">\n<li>\n<h4><span style=\"text-decoration: underline;\">Denetim Kurulu Asil \u00dcyeleri <\/span><\/h4>\n<\/li>\n<li>Ahmet \u00d6ZDEM\u0130R<\/li>\n<li>Ayhan ERKARA<\/li>\n<li>Seyit YILMAZ&nbsp;<\/li>\n<\/ul>\n<div>[widgetkit id=3]<\/div>\n","protected":false},"excerpt":{"rendered":"<p>Derne\u011fimizin 23 Nisan 2017 pazar g\u00fcn\u00fc Ola\u011fan Genel Kurul sonras\u0131nda ger\u00e7ekle\u015ftirilen Y\u00f6netim Kurulu Toplant\u0131s\u0131 sonucunda y\u00f6netim kurulu asil ve yedek \u00fcyeliklerine se\u00e7ilen Okulumuz mezunlar\u0131 g\u00f6rev b\u00f6l\u00fc\u015f\u00fcm\u00fcn\u00fc a\u015fa\u011f\u0131daki gibi kararla\u015ft\u0131rd\u0131. Asil \u00dcyeler Ahmet KAYA &#8211; Genel Ba\u015fkan (Ankara, 1977) ahmet.kaya@maliyeokulu.org.tr Ersan BA\u015eKAYA &#8211; 2. Ba\u015fkan (Ankara, 1985) ersan.baskaya@maliyeokulu.org.tr Av. Bu\u011fra YEG\u00dcL &#8211; Genel Sekreter (Ankara, 1994) [&hellip;]<\/p>\n","protected":false},"author":1,"featured_media":0,"comment_status":"open","ping_status":"open","sticky":false,"template":"","format":"standard","meta":{"_eb_attr":"","_gspb_post_css":"","_crdt_document":"","footnotes":""},"categories":[92],"tags":[],"class_list":["post-4427","post","type-post","status-publish","format-standard","hentry","category-duragan"],"blocksy_meta":[],"_links":{"self":[{"href":"https:\/\/yeni.maliyeokulu.org.tr\/index.php?rest_route=\/wp\/v2\/posts\/4427","targetHints":{"allow":["GET"]}}],"collection":[{"href":"https:\/\/yeni.maliyeokulu.org.tr\/index.php?rest_route=\/wp\/v2\/posts"}],"about":[{"href":"https:\/\/yeni.maliyeokulu.org.tr\/index.php?rest_route=\/wp\/v2\/types\/post"}],"author":[{"embeddable":true,"href":"https:\/\/yeni.maliyeokulu.org.tr\/index.php?rest_route=\/wp\/v2\/users\/1"}],"replies":[{"embeddable":true,"href":"https:\/\/yeni.maliyeokulu.org.tr\/index.php?rest_route=%2Fwp%2Fv2%2Fcomments&post=4427"}],"version-history":[{"count":0,"href":"https:\/\/yeni.maliyeokulu.org.tr\/index.php?rest_route=\/wp\/v2\/posts\/4427\/revisions"}],"wp:attachment":[{"href":"https:\/\/yeni.maliyeokulu.org.tr\/index.php?rest_route=%2Fwp%2Fv2%2Fmedia&parent=4427"}],"wp:term":[{"taxonomy":"category","embeddable":true,"href":"https:\/\/yeni.maliyeokulu.org.tr\/index.php?rest_route=%2Fwp%2Fv2%2Fcategories&post=4427"},{"taxonomy":"post_tag","embeddable":true,"href":"https:\/\/yeni.maliyeokulu.org.tr\/index.php?rest_route=%2Fwp%2Fv2%2Ftags&post=4427"}],"curies":[{"name":"wp","href":"https:\/\/api.w.org\/{rel}","templated":true}]}}