{"id":4428,"date":"2009-12-27T13:22:38","date_gmt":"2009-12-27T11:22:38","guid":{"rendered":"https:\/\/yeni.maliyeokulu.org.tr\/ank-denetim-kurulu\/"},"modified":"2009-12-27T13:22:38","modified_gmt":"2009-12-27T11:22:38","slug":"ank-denetim-kurulu","status":"publish","type":"post","link":"https:\/\/yeni.maliyeokulu.org.tr\/?p=4428","title":{"rendered":"Denetim Kurulu"},"content":{"rendered":"<p>Derne\u011fimizin 22.11.2009 tarihinde yap\u0131lan Ola\u011fan\u00fcst\u00fc Genel Kurul Toplant\u0131s\u0131 sonucunda Denetim Kurulu asil ve yedek \u00fcyeliklerine se\u00e7ilen Okulumuz mezunlar\u0131<\/p>\n<p><span style=\"font-weight: bold;\" class=\"Apple-style-span\">Asil \u00dcyeler<\/span><\/p>\n<ul class=\"star\">\n<li> Ahmet KAYA (Ankara, 1977)<\/li>\n<li>Adnan TAHTACI (Ankara, 1983)<\/li>\n<li>Halil GECEG\u00d6R\u00dcR (Ankara,?)<\/li>\n<\/ul>\n<p><span style=\"font-weight: bold;\" class=\"Apple-style-span\">Yedek \u00dcyeler<\/span> <\/p>\n<ul class=\"checkbox\">\n<li> Osman BULDAN (\u0130zmir, 1984)<\/li>\n<li> Mehmet TEC\u0130M (Ankara, 19??)<\/li>\n<li>Ya\u015far ELMACI (\u0130zmir, 1982)<\/li>\n<\/ul>\n","protected":false},"excerpt":{"rendered":"<p>Derne\u011fimizin 22.11.2009 tarihinde yap\u0131lan Ola\u011fan\u00fcst\u00fc Genel Kurul Toplant\u0131s\u0131 sonucunda Denetim Kurulu asil ve yedek \u00fcyeliklerine se\u00e7ilen Okulumuz mezunlar\u0131 Asil \u00dcyeler Ahmet KAYA (Ankara, 1977) Adnan TAHTACI (Ankara, 1983) Halil GECEG\u00d6R\u00dcR (Ankara,?) Yedek \u00dcyeler Osman BULDAN (\u0130zmir, 1984) Mehmet TEC\u0130M (Ankara, 19??) Ya\u015far ELMACI (\u0130zmir, 1982)<\/p>\n","protected":false},"author":1,"featured_media":0,"comment_status":"open","ping_status":"open","sticky":false,"template":"","format":"standard","meta":{"_eb_attr":"","_gspb_post_css":"","_crdt_document":"","footnotes":""},"categories":[92],"tags":[],"class_list":["post-4428","post","type-post","status-publish","format-standard","hentry","category-duragan"],"blocksy_meta":[],"_links":{"self":[{"href":"https:\/\/yeni.maliyeokulu.org.tr\/index.php?rest_route=\/wp\/v2\/posts\/4428","targetHints":{"allow":["GET"]}}],"collection":[{"href":"https:\/\/yeni.maliyeokulu.org.tr\/index.php?rest_route=\/wp\/v2\/posts"}],"about":[{"href":"https:\/\/yeni.maliyeokulu.org.tr\/index.php?rest_route=\/wp\/v2\/types\/post"}],"author":[{"embeddable":true,"href":"https:\/\/yeni.maliyeokulu.org.tr\/index.php?rest_route=\/wp\/v2\/users\/1"}],"replies":[{"embeddable":true,"href":"https:\/\/yeni.maliyeokulu.org.tr\/index.php?rest_route=%2Fwp%2Fv2%2Fcomments&post=4428"}],"version-history":[{"count":0,"href":"https:\/\/yeni.maliyeokulu.org.tr\/index.php?rest_route=\/wp\/v2\/posts\/4428\/revisions"}],"wp:attachment":[{"href":"https:\/\/yeni.maliyeokulu.org.tr\/index.php?rest_route=%2Fwp%2Fv2%2Fmedia&parent=4428"}],"wp:term":[{"taxonomy":"category","embeddable":true,"href":"https:\/\/yeni.maliyeokulu.org.tr\/index.php?rest_route=%2Fwp%2Fv2%2Fcategories&post=4428"},{"taxonomy":"post_tag","embeddable":true,"href":"https:\/\/yeni.maliyeokulu.org.tr\/index.php?rest_route=%2Fwp%2Fv2%2Ftags&post=4428"}],"curies":[{"name":"wp","href":"https:\/\/api.w.org\/{rel}","templated":true}]}}