{"id":4439,"date":"2010-01-06T22:14:48","date_gmt":"2010-01-06T20:14:48","guid":{"rendered":"https:\/\/yeni.maliyeokulu.org.tr\/genel-bakann-mesaj\/"},"modified":"2010-01-06T22:14:48","modified_gmt":"2010-01-06T20:14:48","slug":"genel-bakann-mesaj","status":"publish","type":"post","link":"https:\/\/yeni.maliyeokulu.org.tr\/?p=4439","title":{"rendered":"Genel Ba\u015fkan\u0131m\u0131z\u0131n Mesaj\u0131"},"content":{"rendered":"<p>{yootooltip title=[<img decoding=\"async\" style=\"margin: 6px; float: right;\" src=\"http:\/\/www.maliyeokulu.org.tr\/images\/stories\/06012010649x.jpg\" alt=\"Av. \u0130lhan B\u0130\u00c7ER\" title=\"Av. \u0130lhan B\u0130\u00c7ER\" height=\"138\" width=\"110\" \/>]}\u0130stanbul &#8211; 1982 mezunu{\/yootooltip}   {xtypo_dropcap}D{\/xtypo_dropcap}<strong>e\u011ferli Maliye Okulu<\/strong> Mezunlar\u0131,<\/p>\n<p>22 Kas\u0131m 2009 tarihinde yap\u0131lan genel kurulda, yeni y\u00f6netim ve denetim kurulu olu\u015fturulmu\u015f, akabinde yap\u0131lan g\u00f6rev da\u011f\u0131l\u0131m\u0131 neticesinde de arkada\u015flar\u0131m taraf\u0131ndan \u015fahs\u0131m ba\u015fkanl\u0131\u011fa lay\u0131k g\u00f6r\u00fclm\u00fc\u015ft\u00fcr. \u00d6ncelikle g\u00f6sterilen bu tevecc\u00fchten dolay\u0131 arkada\u015flar\u0131ma ve mensuplar\u0131m\u0131za minnettar\u0131m.<\/p>\n<p>1924 y\u0131l\u0131nda a\u00e7\u0131lan okulumuz, maalesef 2002 y\u0131l\u0131nda e\u011fitim-\u00f6\u011fretime ara vermi\u015f, (kapat\u0131ld\u0131 demeye g\u00f6nl\u00fcm elvermiyor)  yeni mezun vermeyen duruma d\u00fc\u015f\u00fcr\u00fclm\u00fc\u015ft\u00fcr. Oysa \u00dclkemizde e\u011fitim-\u00f6\u011fretim politikalar\u0131n\u0131n yozla\u015ft\u0131\u011f\u0131 ger\u00e7e\u011fi bir yana, ara eleman ihtiyac\u0131n\u0131n had safhada oldu\u011fu a\u015fikard\u0131r. Kald\u0131 ki, Maliye Okulu, ara eleman yeti\u015ftiren salt meslek lisesi olarak da alg\u0131lanmamal\u0131d\u0131r. Liseden \u00f6te bir okul, ekol olan okulumuzdan mezun olan binlerce mensubumuzun gerek Maliye Bakanl\u0131\u011f\u0131 b\u00fcnyesinde, gerekse di\u011fer kurumlardaki konumlar\u0131, g\u00f6rev bilin\u00e7leri, sosyal hayattaki ba\u015far\u0131lar\u0131 dikkate al\u0131nd\u0131\u011f\u0131nda bir ekol oldu\u011fumuz a\u00e7\u0131k\u00e7a g\u00f6r\u00fclmektedir.<\/p>\n<p>{xtypo_quote}Derne\u011fimizin kuruldu\u011fu 1985 y\u0131l\u0131ndan 2002 y\u0131l\u0131na kadar ama\u00e7 ve faaliyetlerimiz i\u00e7inde okulumuzla ilgili sorun ve g\u00fcndem maddesi yok iken, kapat\u0131lmas\u0131yla beraber bug\u00fcn okulumuzun a\u00e7\u0131lmas\u0131 en \u00f6nemli mesele haline gelmi\u015ftir. Sorunun \u00e7\u00f6z\u00fclmesi amac\u0131yla \u0130stanbul ve \u0130zmir \u015eubemizle birlikte koordineli olarak \u00e7al\u0131\u015fmalara ba\u015flan\u0131lm\u0131\u015f olup, 23 Ocak 2010 tarihinde \u0130stanbul\u2019da, genel merkez ve \u015fube y\u00f6netim kurullar\u0131n\u0131n kat\u0131laca\u011f\u0131 bir toplant\u0131 ger\u00e7ekle\u015ftirilecektir. Akabinde akademisyenlerden alaca\u011f\u0131m\u0131z yard\u0131m ve desteklerle haz\u0131rlanacak bir \u00e7al\u0131\u015fma raporu ile Ba\u015fbakanl\u0131k ve Bakanl\u0131k b\u00fcnyesinde \u00e7al\u0131\u015fmalar yap\u0131larak okulumuzun a\u00e7\u0131lmas\u0131 i\u00e7in t\u00fcm yollar denenecektir.{\/xtypo_quote}<\/p>\n<p>Bilindi\u011fi \u00fczere, Genel Merkezimize ve \u0130stanbul \u015eubemize ait iki ayr\u0131 web sitesi mevcut iken, ayn\u0131 amaca ve \u00fcyelere iki ayr\u0131 siteden hizmet verilmesinin anlaml\u0131 olmamas\u0131ndan dolay\u0131 \u0130stanbul \u015eube y\u00f6netimiyle vard\u0131\u011f\u0131m\u0131z mutabakat sonucu, Derne\u011fimizin resmi web sitesinin www.maliyeokulu.org.tr \u00fczerinden hizmete devam etmesi y\u00f6n\u00fcnde karar al\u0131nm\u0131\u015f ve uygulamaya ge\u00e7ilmi\u015ftir. Bu husustaki \u00f6zverilerinden dolay\u0131 \u0130stanbul \u015eube Ba\u015fkan\u0131m\u0131z Say\u0131n Celal \u00c7elik, y\u00f6netim kurulu \u00fcyesi arkada\u015flar\u0131ma ve 1982 mezunumuz Say\u0131n Mesut Kullar&#8217;a te\u015fekk\u00fcr ediyorum.<\/p>\n<p>G\u00fcn\u00fcm\u00fcz ileti\u015fim \u00e7a\u011f\u0131. Bu c\u00fcmleyi s\u0131k s\u0131k tekrarlar\u0131z. Ancak bug\u00fcne kadar mezunlar\u0131m\u0131z\u0131n nerede oldu\u011fu,  g\u00f6rev yeri, ileti\u015fim bilgileri vs. hususlarda detayl\u0131 bir veritaban\u0131 olu\u015fturulamam\u0131\u015ft\u0131r. Bu ama\u00e7la \u00f6nceki d\u00f6nemde yap\u0131lan \u00e7al\u0131\u015fmalar devam ettirilerek k\u0131sa zamanda t\u00fcm mezunlar\u0131m\u0131z\u0131 kapsayan verilerin tamamlanaca\u011f\u0131n\u0131 belirtmek istiyorum. Mezunlar\u0131m\u0131zca talep edildi\u011fi takdirde \u00fcyelerimiz aras\u0131nda Derne\u011fimiz k\u00f6pr\u00fc g\u00f6revi yapacakt\u0131r.<br \/> Yine, GSM \u00fczerinden mezunlar\u0131m\u0131za ula\u015fmak ad\u0131na SMS hizmeti veren bir firmaya \u00fcye olunmu\u015ftur. Derne\u011fimizin siz de\u011ferli mezunlar\u0131m\u0131za SMS yoluyla ula\u015faca\u011f\u0131 anlar olacakt\u0131r. <span class=\"note inset-right width25\">Ayr\u0131ca, sizlerden iste\u011fimiz \u00fcyelerimize duyurulmas\u0131 gereken mutlu ya da \u00fcz\u00fcnt\u00fcl\u00fc olaylardan haberdar edilmemizdir. Bu vesileyle \u00fcz\u00fcnt\u00fcl\u00fc anlarda ac\u0131lar\u0131m\u0131z\u0131 payla\u015farak azaltmak, mutlu anlar\u0131m\u0131z\u0131 payla\u015farak art\u0131rmak istiyoruz.<\/span><\/p>\n<p>Faaliyetlerimiz i\u00e7inde sanat\u0131n da olmas\u0131 gereklili\u011finden hareketle yakla\u015f\u0131k 1,5 y\u0131l \u00f6nce ASAF T\u00fcrk Sanat Musikisi Korosu ile birlikte \u00e7al\u0131\u015fmalara ba\u015flanm\u0131\u015ft\u0131r. Say\u0131n Av. Sava\u015f Erdem\u2019in kurucusu oldu\u011fu ve ayn\u0131 zamanda \u015fefli\u011fini yapt\u0131\u011f\u0131 koromuz haftada bir g\u00fcn Genel Merkezimizde \u00e7al\u0131\u015fma yapmaktad\u0131r. 2009 y\u0131l\u0131nda iki konser veren koromuz 2010 y\u0131l\u0131nda iki ayr\u0131 konser daha verecektir.   Derne\u011fimizin faaliyetleri i\u00e7inde olmazsa olmaz diyebilece\u011fimiz geni\u015f kat\u0131l\u0131ml\u0131 gece, kokteyl, kahvalt\u0131 programlar\u0131na a\u011f\u0131rl\u0131k vermek istiyoruz. Bu sayede mezunlar\u0131m\u0131z\u0131 bir araya getirerek aralar\u0131ndaki dayan\u0131\u015fmay\u0131 geli\u015ftirmeyi hedefliyoruz.<\/p>\n<p>Y\u00f6netim olarak birincil amac\u0131m\u0131z mezunlar\u0131m\u0131za y\u00f6nelik \u00e7al\u0131\u015fmalar yapmakt\u0131r. Ancak bu faaliyetler yan\u0131nda d\u0131\u015fa y\u00f6nelik \u00e7al\u0131\u015fmalar da bir o kadar \u00f6nemlidir. Bu ba\u011flamda, gerek Bakanl\u0131\u011f\u0131m\u0131z\u0131n maliye ve personel rejimine ili\u015fkin faaliyetleri, gerekse \u00fclkemizin ekonomik politikalar\u0131n\u0131n  olumlu ya da olumsuz yanlar\u0131 hakk\u0131ndaki d\u00fc\u015f\u00fcncelerimizi dile getirmeliyiz. Bu ama\u00e7la, duruma g\u00f6re panel, bas\u0131n toplant\u0131s\u0131, bas\u0131n bildirisi ile sesimizi duyurmay\u0131 ama\u00e7l\u0131yoruz.   Y\u00f6netim kurulu olarak sorumlulu\u011fu olan \u00f6nemli bir g\u00f6rev \u00fcstlendi\u011fimizin fark\u0131nday\u0131z. Ancak, \u00e7al\u0131\u015fma ve ba\u015far\u0131n\u0131n yakalanmas\u0131 sadece y\u00f6netim ile de\u011fil, t\u00fcm mezunlar\u0131m\u0131z\u0131n kat\u0131l\u0131m\u0131yla ve destekleriyle olacakt\u0131r. Bu y\u00f6n\u00fcyle, faaliyetlerimize kat\u0131l\u0131m\u0131n\u0131z\u0131 \u00f6nemsiyorum. Gelin Derne\u011fimizi elbirli\u011fiyle ya\u015fatal\u0131m.<\/p>\n<p>Bu vesileyle, ge\u00e7mi\u015f d\u00f6nemde y\u00f6netimde g\u00f6rev yapm\u0131\u015f, eme\u011fi ge\u00e7mi\u015f t\u00fcm mensuplar\u0131m\u0131za te\u015fekk\u00fcr eder,  sayg\u0131 ve sevgilerimi sunar\u0131m.<\/p>\n<p><strong>\u0130lhan Bi\u00e7er<br \/> Genel Ba\u015fkan<\/strong><\/p>\n","protected":false},"excerpt":{"rendered":"<p>{yootooltip title=[]}\u0130stanbul &#8211; 1982 mezunu{\/yootooltip} {xtypo_dropcap}D{\/xtypo_dropcap}e\u011ferli Maliye Okulu Mezunlar\u0131, 22 Kas\u0131m 2009 tarihinde yap\u0131lan genel kurulda, yeni y\u00f6netim ve denetim kurulu olu\u015fturulmu\u015f, akabinde yap\u0131lan g\u00f6rev da\u011f\u0131l\u0131m\u0131 neticesinde de arkada\u015flar\u0131m taraf\u0131ndan \u015fahs\u0131m ba\u015fkanl\u0131\u011fa lay\u0131k g\u00f6r\u00fclm\u00fc\u015ft\u00fcr. \u00d6ncelikle g\u00f6sterilen bu tevecc\u00fchten dolay\u0131 arkada\u015flar\u0131ma ve mensuplar\u0131m\u0131za minnettar\u0131m. 1924 y\u0131l\u0131nda a\u00e7\u0131lan okulumuz, maalesef 2002 y\u0131l\u0131nda e\u011fitim-\u00f6\u011fretime ara vermi\u015f, (kapat\u0131ld\u0131 demeye [&hellip;]<\/p>\n","protected":false},"author":1,"featured_media":0,"comment_status":"open","ping_status":"open","sticky":false,"template":"","format":"standard","meta":{"_eb_attr":"","_gspb_post_css":"","_crdt_document":"","footnotes":""},"categories":[107],"tags":[],"class_list":["post-4439","post","type-post","status-publish","format-standard","hentry","category-baskanlardan"],"blocksy_meta":[],"_links":{"self":[{"href":"https:\/\/yeni.maliyeokulu.org.tr\/index.php?rest_route=\/wp\/v2\/posts\/4439","targetHints":{"allow":["GET"]}}],"collection":[{"href":"https:\/\/yeni.maliyeokulu.org.tr\/index.php?rest_route=\/wp\/v2\/posts"}],"about":[{"href":"https:\/\/yeni.maliyeokulu.org.tr\/index.php?rest_route=\/wp\/v2\/types\/post"}],"author":[{"embeddable":true,"href":"https:\/\/yeni.maliyeokulu.org.tr\/index.php?rest_route=\/wp\/v2\/users\/1"}],"replies":[{"embeddable":true,"href":"https:\/\/yeni.maliyeokulu.org.tr\/index.php?rest_route=%2Fwp%2Fv2%2Fcomments&post=4439"}],"version-history":[{"count":0,"href":"https:\/\/yeni.maliyeokulu.org.tr\/index.php?rest_route=\/wp\/v2\/posts\/4439\/revisions"}],"wp:attachment":[{"href":"https:\/\/yeni.maliyeokulu.org.tr\/index.php?rest_route=%2Fwp%2Fv2%2Fmedia&parent=4439"}],"wp:term":[{"taxonomy":"category","embeddable":true,"href":"https:\/\/yeni.maliyeokulu.org.tr\/index.php?rest_route=%2Fwp%2Fv2%2Fcategories&post=4439"},{"taxonomy":"post_tag","embeddable":true,"href":"https:\/\/yeni.maliyeokulu.org.tr\/index.php?rest_route=%2Fwp%2Fv2%2Ftags&post=4439"}],"curies":[{"name":"wp","href":"https:\/\/api.w.org\/{rel}","templated":true}]}}