{"id":4466,"date":"2010-02-19T23:10:36","date_gmt":"2010-02-19T21:10:36","guid":{"rendered":"https:\/\/yeni.maliyeokulu.org.tr\/zeki-emir-resim-sergisi\/"},"modified":"2010-02-19T23:10:36","modified_gmt":"2010-02-19T21:10:36","slug":"zeki-emir-resim-sergisi","status":"publish","type":"post","link":"https:\/\/yeni.maliyeokulu.org.tr\/?p=4466","title":{"rendered":"Zeki Emir Resim Sergisi"},"content":{"rendered":"<p>\u0130stanbul Maliye Okulu (1981) mezunu Zeki EM\u0130R, 6. ki\u015fisel sergisini  \u0130stanbul Yeminli Mali M\u00fc\u015favirler Odas\u0131 Sanat Galerisinde&nbsp; a\u00e7\u0131yor.<\/p>\n<p>5-12 \u015eubat 2010 tarihleri aras\u0131nda g\u00f6r\u00fclebilecek serginin a\u00e7\u0131l\u0131\u015f\u0131  5 \u015fubat cuma g\u00fcn\u00fc saat 18.00&#8217;da \u0130stanbul YMM Odas\u0131n\u0131n \u0130stiklal Cad. No:  302 Beyo\u011flu adresindeki&nbsp; Sanat Galerisinde yap\u0131lacak.<\/p>\n<p>Ankara Devlet Resim Heykel M\u00fczesinde Nahit B\u00fcy\u00fcki\u015fleyen&#8217;den ald\u0131\u011f\u0131  resim derslerinden sonra \u00e7al\u0131\u015fmalar\u0131n\u0131 1996 y\u0131l\u0131ndan bu g\u00fcne aral\u0131ks\u0131z  s\u00fcrd\u00fcren Emir, son y\u0131llardaki \u00e7al\u0131\u015fmalar\u0131nda \u00f6zellikle spatula tekni\u011fini  benimsedi. Konusunu \u00e7o\u011funlukla ya\u015fam, do\u011fa ve sudan alan resimlerinde  sanat\u00e7\u0131 bu kez izleyenlere \u0130stanbul Bo\u011faz\u0131&#8217;n\u0131n e\u015fsiz g\u00fczelliklerini  sunuyor. Mezunumuz &#8220;A\u00e7\u0131l\u0131\u015f kokteylime ve sergime \u00f6zellikle Maliye Okulu  mezunlar\u0131n\u0131n te\u015frifi beni son derece onurland\u0131racakt\u0131r&#8221; diyor.<\/p>\n<p>Maliye Okulu Mezunlar\u0131 Derne\u011fi ve \u0130stanbul \u015eubesi olarak mezunumuzu  kutluyor ve sanat ya\u015fam\u0131nda ba\u015far\u0131lar diliyoruz.<\/p>\n<p style=\"text-align: center;\"><a href=\"https:\/\/yeni.maliyeokulu.org.tr\/wp-content\/uploads\/2010\/02\/zekiemir.jpg\" rel=\"lightbox[a];\"><\/a> <a href=\"https:\/\/yeni.maliyeokulu.org.tr\/wp-content\/uploads\/2010\/02\/zekiemir2.jpg\" rel=\"lightbox[a]\">Davetiye<\/a><\/p>\n<p style=\"text-align: center;\"><img fetchpriority=\"high\" decoding=\"async\" class=\" size-full wp-image-4464\" src=\"https:\/\/yeni.maliyeokulu.org.tr\/wp-content\/uploads\/2010\/02\/zekiemir.jpg\" title=\"Davetiye...\" width=\"451\" height=\"337\" \/><\/p>\n","protected":false},"excerpt":{"rendered":"<p>\u0130stanbul Maliye Okulu (1981) mezunu Zeki EM\u0130R, 6. ki\u015fisel sergisini \u0130stanbul Yeminli Mali M\u00fc\u015favirler Odas\u0131 Sanat Galerisinde&nbsp; a\u00e7\u0131yor. 5-12 \u015eubat 2010 tarihleri aras\u0131nda g\u00f6r\u00fclebilecek serginin a\u00e7\u0131l\u0131\u015f\u0131 5 \u015fubat cuma g\u00fcn\u00fc saat 18.00&#8217;da \u0130stanbul YMM Odas\u0131n\u0131n \u0130stiklal Cad. No: 302 Beyo\u011flu adresindeki&nbsp; Sanat Galerisinde yap\u0131lacak. Ankara Devlet Resim Heykel M\u00fczesinde Nahit B\u00fcy\u00fcki\u015fleyen&#8217;den ald\u0131\u011f\u0131 resim derslerinden sonra [&hellip;]<\/p>\n","protected":false},"author":1,"featured_media":4464,"comment_status":"open","ping_status":"open","sticky":false,"template":"","format":"standard","meta":{"_eb_attr":"","_gspb_post_css":"","_crdt_document":"","footnotes":""},"categories":[1],"tags":[],"class_list":["post-4466","post","type-post","status-publish","format-standard","has-post-thumbnail","hentry","category-uncategorized"],"blocksy_meta":[],"_links":{"self":[{"href":"https:\/\/yeni.maliyeokulu.org.tr\/index.php?rest_route=\/wp\/v2\/posts\/4466","targetHints":{"allow":["GET"]}}],"collection":[{"href":"https:\/\/yeni.maliyeokulu.org.tr\/index.php?rest_route=\/wp\/v2\/posts"}],"about":[{"href":"https:\/\/yeni.maliyeokulu.org.tr\/index.php?rest_route=\/wp\/v2\/types\/post"}],"author":[{"embeddable":true,"href":"https:\/\/yeni.maliyeokulu.org.tr\/index.php?rest_route=\/wp\/v2\/users\/1"}],"replies":[{"embeddable":true,"href":"https:\/\/yeni.maliyeokulu.org.tr\/index.php?rest_route=%2Fwp%2Fv2%2Fcomments&post=4466"}],"version-history":[{"count":0,"href":"https:\/\/yeni.maliyeokulu.org.tr\/index.php?rest_route=\/wp\/v2\/posts\/4466\/revisions"}],"wp:featuredmedia":[{"embeddable":true,"href":"https:\/\/yeni.maliyeokulu.org.tr\/index.php?rest_route=\/wp\/v2\/media\/4464"}],"wp:attachment":[{"href":"https:\/\/yeni.maliyeokulu.org.tr\/index.php?rest_route=%2Fwp%2Fv2%2Fmedia&parent=4466"}],"wp:term":[{"taxonomy":"category","embeddable":true,"href":"https:\/\/yeni.maliyeokulu.org.tr\/index.php?rest_route=%2Fwp%2Fv2%2Fcategories&post=4466"},{"taxonomy":"post_tag","embeddable":true,"href":"https:\/\/yeni.maliyeokulu.org.tr\/index.php?rest_route=%2Fwp%2Fv2%2Ftags&post=4466"}],"curies":[{"name":"wp","href":"https:\/\/api.w.org\/{rel}","templated":true}]}}