{"id":4525,"date":"2010-09-27T13:26:10","date_gmt":"2010-09-27T10:26:10","guid":{"rendered":"https:\/\/yeni.maliyeokulu.org.tr\/serbest-muhasebeci-hakknda-vergi-sucu-raporu-ve-bir-mahkeme-karar\/"},"modified":"2010-09-27T13:26:10","modified_gmt":"2010-09-27T10:26:10","slug":"serbest-muhasebeci-hakknda-vergi-sucu-raporu-ve-bir-mahkeme-karar","status":"publish","type":"post","link":"https:\/\/yeni.maliyeokulu.org.tr\/?p=4525","title":{"rendered":"Serbest Muhasebeci Hakk\u0131nda Vergi Su\u00e7u Raporu Ve Bir Mahkeme Karar\u0131"},"content":{"rendered":"<div>\n<p>Dr. Mustafa Alpaslan<br \/>SMMM<br \/>{yootooltip title=[<img decoding=\"async\" class=\"reflect\" src=\"http:\/\/www.maliyeokulu.org.tr\/images\/stories\/fotos\/drmustafaalpaslan.gif\" border=\"0\" \/>]}Ankara &#8211; 1980{\/yootooltip}<br \/>Serbest muhasebecilik hizmeti sundu\u011fu bir m\u00fckellefinin defterlerinin incelenmesi sonucunda&nbsp; bir faturan\u0131n&nbsp; iki kez&nbsp; kay\u0131tlara al\u0131nmas\u0131&nbsp; sureti ile ilgili \u015firket hakk\u0131nda yap\u0131lan cezal\u0131&nbsp; tarhiyat&nbsp; dolay\u0131s\u0131yla serbest&nbsp; muhasebeciye ka\u00e7ak\u00e7\u0131l\u0131\u011fa i\u015ftirak nedeniyle&nbsp; ceza davas\u0131 a\u00e7\u0131lm\u0131\u015ft\u0131r.<\/p>\n<p>Olay\u0131n geli\u015fimi k\u0131saca \u015f\u00f6yledir:<\/p>\n<p>Serbest muhasebecilik hizmetini sundu\u011fu bir limited \u015firketin, bir faturay\u0131 m\u00fckerrer kay\u0131t&nbsp; yaparak iki sefer deftere yazmas\u0131&nbsp; suretiyle&nbsp; ka\u00e7ak\u00e7\u0131l\u0131k su\u00e7una i\u015ftirak etti\u011fi iddias\u0131yla&nbsp; muhasebeci hakk\u0131nda&nbsp; kamu davas\u0131 a\u00e7\u0131lm\u0131\u015ft\u0131r. A\u00e7\u0131lan kamu davas\u0131n\u0131n nedeni 213 say\u0131l\u0131 VUK\u2019nun 4369 say\u0131l\u0131&nbsp; yasa ile de\u011fi\u015fik&nbsp; 344. maddesine g\u00f6re cezaland\u0131r\u0131larak&nbsp; olayda m\u00fckellefle beraber vergi su\u00e7una i\u015ftirak edildi\u011fi ileri s\u00fcr\u00fclm\u00fc\u015ft\u00fcr.<\/p>\n<p>Konuyla ilgili olarak vergi inceleme eleman\u0131&nbsp; ilgili \u015firket&nbsp; hakk\u0131nda cezal\u0131 tarhiyat \u00f6nermi\u015f, bu \u015firketin muhasebecisi hakk\u0131nda ise basit bir rapor yazarak, belgesiz gider kayd\u0131 ile muhasebe hilesi yapmak suretiyle vergi ziya\u0131na sebebiyet&nbsp; verildi\u011fi gerek\u00e7esiyle&nbsp; i\u015ftirak &nbsp;fiilinin i\u015flendi\u011fi&nbsp; iddias\u0131nda bulunmu\u015ftur.<\/p>\n<p>Konuyla ilgili olarak kendisi hakk\u0131nda kamu&nbsp; davas\u0131 a\u00e7\u0131lan meslek mensubu olay\u0131 vergi&nbsp; mahkemesinde dava konusu &nbsp;yapm\u0131\u015ft\u0131r. &nbsp;A\u00e7\u0131lan dava dolay\u0131s\u0131yla vergi mahkemesi&nbsp; a\u015fa\u011f\u0131daki gerek\u00e7eler do\u011frultusunda&nbsp; olayda&nbsp; muhasebe hilesi olmad\u0131\u011f\u0131, m\u00fckerrer muhasebe kayd\u0131n\u0131n muhasebe hilesi&nbsp; say\u0131lmayaca\u011f\u0131, i\u015ftirak fiilinin olu\u015fabilmesi i\u00e7in i\u015ftirak cezas\u0131 a\u00e7\u0131s\u0131ndan VUK 359. maddede tan\u0131mlanan bir anlamda&nbsp; ka\u00e7ak\u00e7\u0131l\u0131k fiilinin s\u00fcbut bulmad\u0131\u011f\u0131 vs nedenler do\u011frultusunda a\u00e7\u0131lan dava&nbsp; kabul edilmi\u015ftir.<\/p>\n<p>Karar\u0131n&nbsp; h\u00fck\u00fcm f\u0131kras\u0131 ve dayand\u0131\u011f\u0131 gerek\u00e7e k\u0131saca \u015f\u00f6yledir: &nbsp;<\/p>\n<p><strong><em>\u201c \u2026\u2026..<\/em><\/strong><\/p>\n<p><strong><em>Ancak, davac\u0131n\u0131n&nbsp; ad\u0131 ge\u00e7en \u015firket yetkilileriyle&nbsp; birlikte 359. maddede say\u0131lan fiilleri irtikap etti\u011fi&nbsp; veya vergi ziya\u0131na neden olan fiili bilin\u00e7li ve kas\u0131tl\u0131 olarak i\u015fledi\u011fi hakk\u0131nda somut ve hukuken ge\u00e7erli bir tespit bulunmamaktad\u0131r. Cezay\u0131 gerektiren bir fiilin t\u00fcm unsurlar\u0131&nbsp; ile olu\u015fmu\u015f bulundu\u011fu saptanmad\u0131k\u00e7a faile ceza uygulanamayaca\u011f\u0131 yolundaki genel ceza hukuku ilkesi idari cezalar i\u00e7in de ge\u00e7erli bulunmakta olup,&nbsp; aksi ispatlanmad\u0131k\u00e7a&nbsp; faturan\u0131n&nbsp; m\u00fckerrer olarak kaydedilmesinin sehven ve hata sonucu oldu\u011funun kabul\u00fc gerekmektedir. Davac\u0131n\u0131n her t\u00fcr i\u015flemleri hata boyutunu a\u015facak bi\u00e7imde itiyat halinde getirdi\u011fi ve bilin\u00e7li olarak ger\u00e7ekle\u015ftirdi\u011fi,&nbsp; as\u0131l m\u00fckellef olan \u015firketle vergiyi ziya u\u011fratma konusunda bir organizasyon i\u00e7inde bulundu\u011fu kan\u0131tl\u0131 da de\u011fildir. <\/em><\/strong><\/p>\n<p><strong><em>Bu durumda davac\u0131ya atfedilen \u201cmuhasebe hilesi yapt\u0131\u011f\u0131\u201d y\u00f6n\u00fcndeki isnad\u0131n hata sonucu ger\u00e7ekle\u015febilecek m\u00fckerrer kay\u0131t i\u015flemiyle&nbsp; \u00f6rt\u00fc\u015fmedi\u011fi, i\u015ftirak cezas\u0131 kesilebilmesi i\u00e7in 359. maddede tan\u0131mlanan anlamda&nbsp; bir ka\u00e7ak\u00e7\u0131l\u0131k fiilinin s\u00fcbut bulmad\u0131\u011f\u0131 anla\u015f\u0131ld\u0131\u011f\u0131ndan, dava konusu cezada yasal isabet g\u00f6r\u00fclmemi\u015ftir. <\/em><\/strong><\/p>\n<p><strong><em>A\u00e7\u0131klanan nedenlerle, DAVANIN KABUL\u00dcNE, dava konusu vergi ziya\u0131 cezalar\u0131n\u0131n kald\u0131r\u0131lmas\u0131na,&nbsp; a\u015fa\u011f\u0131da d\u00f6k\u00fcm\u00fc yap\u0131lan \u2026\u2026 TL yarg\u0131lama giderinin ve Avukatl\u0131k Asgari \u00dccret Tarifesi uyar\u0131nca belirlenen \u2026\u2026.. TL avukatl\u0131k \u00fccretinin daval\u0131 idare taraf\u0131ndan davac\u0131ya verilmesine, artan posta \u00fccretinin istemi halinde davac\u0131ya iadesine, karar\u0131n tebli\u011fini izleyen g\u00fcnden&nbsp;&nbsp; itibaren 30 g\u00fcn i\u00e7in \u0130zmir B\u00f6lge \u0130dare Mahkemesinde itiraz&nbsp; yolu a\u00e7\u0131k olmak \u00fczere \u2026\u2026\u2026 g\u00fcn\u00fc karar verildi.\u201d<\/em><\/strong> \u015feklinde karar verilmi\u015ftir.<a name=\"_ftnref1\" href=\"http:\/\/www.maliyeokulu.org.tr\/#_ftn1\">[1]<\/a> &nbsp;<\/p>\n<p>Bir ba\u015fka fiil nedeniyle defterini tuttu\u011fu ve muhasebecili\u011fini yapt\u0131\u011f\u0131 \u015firkete sahte fatura kullan\u0131m\u0131 dolay\u0131s\u0131yla muhasebeciye yap\u0131lan tarhiyat&nbsp; dolay\u0131s\u0131yla Dan\u0131\u015ftay 4. Dairesi meslek mensubunun davas\u0131n\u0131&nbsp; kabul etmi\u015ftir.<\/p>\n<p>Olay&nbsp; k\u0131saca \u015f\u00f6yle cereyan etmi\u015ftir:<\/p>\n<p>\u015eirketin kay\u0131tlar\u0131n\u0131n incelenmesi sonucunda sahte ve&nbsp; muhteviyat\u0131 itibariyle yan\u0131lt\u0131c\u0131 fatura d\u00fczenledi\u011fi iddias\u0131yla&nbsp; ilgili \u015firkete&nbsp; hem KDV ve hem de kurumlar vergisi y\u00f6n\u00fcnden cezal\u0131&nbsp; tarhiyat yap\u0131lm\u0131\u015ft\u0131r. bu arada ayn\u0131 \u015firketin muhasebecili\u011fini yapan meslek mensubuna da&nbsp; bu konuyla ilgili olarak VUK m\u00fck. md. 227 h\u00fckm\u00fcne g\u00f6re sorumluluk dolay\u0131s\u0131yla&nbsp; rapor d\u00fczenlenmi\u015ftir. Ve ayn\u0131 zamanda hem \u015firket ve hem de meslek&nbsp; mensubu hakk\u0131nda kamu&nbsp; davas\u0131&nbsp; a\u00e7\u0131larak olay&nbsp; ceza mahkemesine yans\u0131t\u0131lm\u0131\u015ft\u0131r.&nbsp;&nbsp;<\/p>\n<p>Daha sonra taraflar konuyu vergi&nbsp; mahkemesine yans\u0131tarak tarhiyat&nbsp; hakk\u0131nda dava a\u00e7m\u0131\u015flard\u0131r.&nbsp;<\/p>\n<p>Dan\u0131\u015ftay&nbsp; 4. Dairesi ise konuyla ilgili olarak verilen&nbsp; 9\/3\/2005 tarih ve E:2004\/1877-K:2005\/347 say\u0131l\u0131 kararlar\u0131 gere\u011fince, <strong><em>\u201cMuhasebecinin sorumlulu\u011fu, imzalad\u0131klar\u0131 beyannamelerde yer alan bilgilerin defter kay\u0131tlar\u0131na ve bu&nbsp; kay\u0131tlar\u0131n dayana\u011f\u0131n\u0131 olu\u015fturan belgelere uygun olmamas\u0131ndan&nbsp; do\u011fmakta olup, \u015firketin d\u00fczenledi\u011fi faturalar kar\u015f\u0131l\u0131\u011f\u0131nda %5 komisyon&nbsp; geliri&nbsp; elde etti\u011fi varsay\u0131m\u0131na dayan\u0131larak 213 say\u0131l\u0131 VUK\u2019nun m\u00fck. 227. maddesi uyar\u0131nca&nbsp; muhasebeci olan davac\u0131n\u0131n sorumlulu\u011funa gidilemeyece\u011fi\u201d<\/em><\/strong> \u015feklinde karar verilmi\u015ftir. <a name=\"_ftnref2\" href=\"http:\/\/www.maliyeokulu.org.tr\/#_ftn2\">[2]<\/a><\/p>\n<p>&nbsp;<\/p>\n<\/div>\n<div>\n<div>\n<p><strong>D\u0130PNOTLAR:<\/strong><br \/><a name=\"_ftn1\" href=\"http:\/\/www.maliyeokulu.org.tr\/#_ftnref1\">[1]<\/a> \u0130zmir 4. Vergi Mahkemesinin,&nbsp; 17.11.2006 g\u00fcn ve E:2006\/670-K:2006\/1086 say\u0131l\u0131 kararlar\u0131. <br \/><a name=\"_ftn2\" href=\"http:\/\/www.maliyeokulu.org.tr\/#_ftnref2\">[2]<\/a> Dan\u0131\u015ftay&nbsp; 4. Dairesinin, 9\/3\/2005 tarih ve E:2004\/1877-K:2005\/347 say\u0131l\u0131 kararlar\u0131.<\/p>\n<p>Kaynak: <a href=\"http:\/\/www.muhasebe.tr\">www.muhasebe.tr<\/a><\/p>\n<\/div>\n<\/div>\n","protected":false},"excerpt":{"rendered":"<p>Dr. Mustafa AlpaslanSMMM{yootooltip title=[]}Ankara &#8211; 1980{\/yootooltip}Serbest muhasebecilik hizmeti sundu\u011fu bir m\u00fckellefinin defterlerinin incelenmesi sonucunda&nbsp; bir faturan\u0131n&nbsp; iki kez&nbsp; kay\u0131tlara al\u0131nmas\u0131&nbsp; sureti ile ilgili \u015firket hakk\u0131nda yap\u0131lan cezal\u0131&nbsp; tarhiyat&nbsp; dolay\u0131s\u0131yla serbest&nbsp; muhasebeciye ka\u00e7ak\u00e7\u0131l\u0131\u011fa i\u015ftirak nedeniyle&nbsp; ceza davas\u0131 a\u00e7\u0131lm\u0131\u015ft\u0131r. Olay\u0131n geli\u015fimi k\u0131saca \u015f\u00f6yledir: Serbest muhasebecilik hizmetini sundu\u011fu bir limited \u015firketin, bir faturay\u0131 m\u00fckerrer kay\u0131t&nbsp; yaparak iki sefer [&hellip;]<\/p>\n","protected":false},"author":1,"featured_media":0,"comment_status":"open","ping_status":"open","sticky":false,"template":"","format":"standard","meta":{"_eb_attr":"","_gspb_post_css":"","_crdt_document":"","footnotes":""},"categories":[93],"tags":[],"class_list":["post-4525","post","type-post","status-publish","format-standard","hentry","category-tax"],"blocksy_meta":[],"_links":{"self":[{"href":"https:\/\/yeni.maliyeokulu.org.tr\/index.php?rest_route=\/wp\/v2\/posts\/4525","targetHints":{"allow":["GET"]}}],"collection":[{"href":"https:\/\/yeni.maliyeokulu.org.tr\/index.php?rest_route=\/wp\/v2\/posts"}],"about":[{"href":"https:\/\/yeni.maliyeokulu.org.tr\/index.php?rest_route=\/wp\/v2\/types\/post"}],"author":[{"embeddable":true,"href":"https:\/\/yeni.maliyeokulu.org.tr\/index.php?rest_route=\/wp\/v2\/users\/1"}],"replies":[{"embeddable":true,"href":"https:\/\/yeni.maliyeokulu.org.tr\/index.php?rest_route=%2Fwp%2Fv2%2Fcomments&post=4525"}],"version-history":[{"count":0,"href":"https:\/\/yeni.maliyeokulu.org.tr\/index.php?rest_route=\/wp\/v2\/posts\/4525\/revisions"}],"wp:attachment":[{"href":"https:\/\/yeni.maliyeokulu.org.tr\/index.php?rest_route=%2Fwp%2Fv2%2Fmedia&parent=4525"}],"wp:term":[{"taxonomy":"category","embeddable":true,"href":"https:\/\/yeni.maliyeokulu.org.tr\/index.php?rest_route=%2Fwp%2Fv2%2Fcategories&post=4525"},{"taxonomy":"post_tag","embeddable":true,"href":"https:\/\/yeni.maliyeokulu.org.tr\/index.php?rest_route=%2Fwp%2Fv2%2Ftags&post=4525"}],"curies":[{"name":"wp","href":"https:\/\/api.w.org\/{rel}","templated":true}]}}