{"id":4539,"date":"2011-03-15T23:31:16","date_gmt":"2011-03-15T21:31:16","guid":{"rendered":"https:\/\/yeni.maliyeokulu.org.tr\/vergi-ncelemesi-devam-eden-muekellefler-yoenuenden-af-yasasna-mueracaat-sueresi-kacrlmamaldr\/"},"modified":"2023-12-22T23:52:58","modified_gmt":"2023-12-22T20:52:58","slug":"vergi-ncelemesi-devam-eden-muekellefler-yoenuenden-af-yasasna-mueracaat-sueresi-kacrlmamaldr","status":"publish","type":"post","link":"https:\/\/yeni.maliyeokulu.org.tr\/?p=4539","title":{"rendered":"Vergi \u0130ncelemes\u0130 Devam Eden M\u00fckellefler Y\u00f6n\u00fcnden Af Yasas\u0131na M\u00fcracaat S\u00fcres\u0130 Ka\u00e7\u0131r\u0131lmamal\u0131d\u0131r"},"content":{"rendered":"\t\t<div data-elementor-type=\"wp-post\" data-elementor-id=\"4539\" class=\"elementor elementor-4539\" data-elementor-settings=\"{&quot;element_pack_global_tooltip_width&quot;:{&quot;unit&quot;:&quot;px&quot;,&quot;size&quot;:&quot;&quot;,&quot;sizes&quot;:[]},&quot;element_pack_global_tooltip_width_tablet&quot;:{&quot;unit&quot;:&quot;px&quot;,&quot;size&quot;:&quot;&quot;,&quot;sizes&quot;:[]},&quot;element_pack_global_tooltip_width_mobile&quot;:{&quot;unit&quot;:&quot;px&quot;,&quot;size&quot;:&quot;&quot;,&quot;sizes&quot;:[]},&quot;element_pack_global_tooltip_padding&quot;:{&quot;unit&quot;:&quot;px&quot;,&quot;top&quot;:&quot;&quot;,&quot;right&quot;:&quot;&quot;,&quot;bottom&quot;:&quot;&quot;,&quot;left&quot;:&quot;&quot;,&quot;isLinked&quot;:true},&quot;element_pack_global_tooltip_padding_tablet&quot;:{&quot;unit&quot;:&quot;px&quot;,&quot;top&quot;:&quot;&quot;,&quot;right&quot;:&quot;&quot;,&quot;bottom&quot;:&quot;&quot;,&quot;left&quot;:&quot;&quot;,&quot;isLinked&quot;:true},&quot;element_pack_global_tooltip_padding_mobile&quot;:{&quot;unit&quot;:&quot;px&quot;,&quot;top&quot;:&quot;&quot;,&quot;right&quot;:&quot;&quot;,&quot;bottom&quot;:&quot;&quot;,&quot;left&quot;:&quot;&quot;,&quot;isLinked&quot;:true},&quot;element_pack_global_tooltip_border_radius&quot;:{&quot;unit&quot;:&quot;px&quot;,&quot;top&quot;:&quot;&quot;,&quot;right&quot;:&quot;&quot;,&quot;bottom&quot;:&quot;&quot;,&quot;left&quot;:&quot;&quot;,&quot;isLinked&quot;:true},&quot;element_pack_global_tooltip_border_radius_tablet&quot;:{&quot;unit&quot;:&quot;px&quot;,&quot;top&quot;:&quot;&quot;,&quot;right&quot;:&quot;&quot;,&quot;bottom&quot;:&quot;&quot;,&quot;left&quot;:&quot;&quot;,&quot;isLinked&quot;:true},&quot;element_pack_global_tooltip_border_radius_mobile&quot;:{&quot;unit&quot;:&quot;px&quot;,&quot;top&quot;:&quot;&quot;,&quot;right&quot;:&quot;&quot;,&quot;bottom&quot;:&quot;&quot;,&quot;left&quot;:&quot;&quot;,&quot;isLinked&quot;:true}}\" data-elementor-post-type=\"post\">\n\t\t\t\t<div data-particle_enable=\"false\" data-particle-mobile-disabled=\"false\" class=\"elementor-element elementor-element-61310572 animated-slow e-flex e-con-boxed e-con e-parent\" data-id=\"61310572\" data-element_type=\"container\" data-settings=\"{&quot;background_background&quot;:&quot;gradient&quot;,&quot;animation&quot;:&quot;none&quot;}\">\n\t\t\t\t\t<div class=\"e-con-inner\">\n\t\t<div data-particle_enable=\"false\" data-particle-mobile-disabled=\"false\" class=\"elementor-element elementor-element-1a9b07b2 e-con-full e-flex elementor-invisible e-con e-parent\" data-id=\"1a9b07b2\" data-element_type=\"container\" data-settings=\"{&quot;animation&quot;:&quot;fadeInLeft&quot;,&quot;animation_delay&quot;:500}\">\n\t\t\t\t<div class=\"elementor-element elementor-element-15082bc elementor-widget elementor-widget-heading\" data-id=\"15082bc\" data-element_type=\"widget\" data-widget_type=\"heading.default\">\n\t\t\t\t<div class=\"elementor-widget-container\">\n\t\t\t\t\t<h1 class=\"elementor-heading-title elementor-size-default\">Vergi \u0130ncelemes\u0130 Devam Eden M\u00fckellefler Y\u00f6n\u00fcnden Af Yasas\u0131na M\u00fcracaat S\u00fcres\u0130 Ka\u00e7\u0131r\u0131lmamal\u0131d\u0131r<\/h1>\t\t\t\t<\/div>\n\t\t\t\t<\/div>\n\t\t\t\t<\/div>\n\t\t\t\t\t<\/div>\n\t\t\t\t<\/div>\n\t\t\t\t<section data-particle_enable=\"false\" data-particle-mobile-disabled=\"false\" class=\"elementor-section elementor-top-section elementor-element elementor-element-49565bc0 animated-slow elementor-section-boxed elementor-section-height-default elementor-section-height-default\" data-id=\"49565bc0\" data-element_type=\"section\" data-settings=\"{&quot;background_background&quot;:&quot;gradient&quot;,&quot;animation&quot;:&quot;none&quot;}\">\n\t\t\t\t\t\t\t<div class=\"elementor-background-overlay\"><\/div>\n\t\t\t\t\t\t\t<div class=\"elementor-container elementor-column-gap-default\">\n\t\t\t\t\t<div class=\"elementor-column elementor-col-100 elementor-top-column elementor-element elementor-element-37a7e0b9\" data-id=\"37a7e0b9\" data-element_type=\"column\" data-settings=\"{&quot;background_background&quot;:&quot;classic&quot;}\">\n\t\t\t<div class=\"elementor-widget-wrap elementor-element-populated\">\n\t\t\t\t\t\t<section data-particle_enable=\"false\" data-particle-mobile-disabled=\"false\" class=\"elementor-section elementor-inner-section elementor-element elementor-element-6e0a28a0 elementor-section-height-min-height elementor-section-content-top elementor-section-boxed elementor-section-height-default\" data-id=\"6e0a28a0\" data-element_type=\"section\" data-settings=\"{&quot;background_background&quot;:&quot;classic&quot;,&quot;shape_divider_bottom&quot;:&quot;book&quot;}\">\n\t\t\t\t\t<div class=\"elementor-shape elementor-shape-bottom\" aria-hidden=\"true\" data-negative=\"false\">\n\t\t\t<svg xmlns=\"http:\/\/www.w3.org\/2000\/svg\" viewBox=\"0 0 1000 100\" preserveAspectRatio=\"none\">\n\t<path class=\"elementor-shape-fill\" d=\"M194,99c186.7,0.7,305-78.3,306-97.2c1,18.9,119.3,97.9,306,97.2c114.3-0.3,194,0.3,194,0.3s0-91.7,0-100c0,0,0,0,0-0 L0,0v99.3C0,99.3,79.7,98.7,194,99z\"\/>\n<\/svg>\t\t<\/div>\n\t\t\t\t\t<div class=\"elementor-container elementor-column-gap-default\">\n\t\t\t\t\t<div class=\"elementor-column elementor-col-100 elementor-inner-column elementor-element elementor-element-1738b9c\" data-id=\"1738b9c\" data-element_type=\"column\">\n\t\t\t<div class=\"elementor-widget-wrap\">\n\t\t\t\t\t\t\t<\/div>\n\t\t<\/div>\n\t\t\t\t\t<\/div>\n\t\t<\/section>\n\t\t\t\t<div class=\"elementor-element elementor-element-69003914 elementor-widget elementor-widget-heading\" data-id=\"69003914\" data-element_type=\"widget\" data-widget_type=\"heading.default\">\n\t\t\t\t<div class=\"elementor-widget-container\">\n\t\t\t\t\t<h5 class=\"elementor-heading-title elementor-size-default\">Dr. Mustafa Alpaslan<\/h5>\t\t\t\t<\/div>\n\t\t\t\t<\/div>\n\t\t\t\t<div class=\"elementor-element elementor-element-47b0d74b elementor-widget elementor-widget-text-editor\" data-id=\"47b0d74b\" data-element_type=\"widget\" data-widget_type=\"text-editor.default\">\n\t\t\t\t<div class=\"elementor-widget-container\">\n\t\t\t\t\t\t\t\t\t<p style=\"text-align: center;\">Ankara Maliye Okulu &#8211; 1980<\/p>\t\t\t\t\t\t\t\t<\/div>\n\t\t\t\t<\/div>\n\t\t\t\t<div class=\"elementor-element elementor-element-3796a410 elementor-align-center elementor-widget elementor-widget-button\" data-id=\"3796a410\" data-element_type=\"widget\" data-widget_type=\"button.default\">\n\t\t\t\t<div class=\"elementor-widget-container\">\n\t\t\t\t\t\t\t\t\t<div class=\"elementor-button-wrapper\">\n\t\t\t\t\t<a class=\"elementor-button elementor-button-link elementor-size-sm\" href=\"https:\/\/www.mustafaalpaslan.com\" target=\"_blank\">\n\t\t\t\t\t\t<span class=\"elementor-button-content-wrapper\">\n\t\t\t\t\t\t\t\t\t<span class=\"elementor-button-text\">mustafaalpaslan.com<\/span>\n\t\t\t\t\t<\/span>\n\t\t\t\t\t<\/a>\n\t\t\t\t<\/div>\n\t\t\t\t\t\t\t\t<\/div>\n\t\t\t\t<\/div>\n\t\t\t\t\t<\/div>\n\t\t<\/div>\n\t\t\t\t\t<\/div>\n\t\t<\/section>\n\t\t\t\t<section data-particle_enable=\"false\" data-particle-mobile-disabled=\"false\" class=\"elementor-section elementor-top-section elementor-element elementor-element-66b75cda elementor-section-boxed elementor-section-height-default elementor-section-height-default\" data-id=\"66b75cda\" data-element_type=\"section\">\n\t\t\t\t\t\t<div class=\"elementor-container elementor-column-gap-default\">\n\t\t\t\t\t<div class=\"elementor-column elementor-col-100 elementor-top-column elementor-element elementor-element-41702f4a\" data-id=\"41702f4a\" data-element_type=\"column\">\n\t\t\t<div class=\"elementor-widget-wrap elementor-element-populated\">\n\t\t\t\t\t\t<div class=\"elementor-element elementor-element-19a3bd5c elementor-widget elementor-widget-text-editor\" data-id=\"19a3bd5c\" data-element_type=\"widget\" data-widget_type=\"text-editor.default\">\n\t\t\t\t<div class=\"elementor-widget-container\">\n\t\t\t\t\t\t\t\t\t<p>Bilindi\u011fi \u00fczere, 6111 say\u0131l\u0131 torba kanunun 4. madde h\u00fckm\u00fc gere\u011fi vergi incelemesine ba\u015flanm\u0131\u015f olan dosyalarda vergi incelemesinin 1 ay i\u00e7erisinde sonu\u00e7land\u0131r\u0131lmas\u0131 zorunludur. Aksi takdirde, vergi incelemesi kendili\u011finden sonlanm\u0131\u015f ve hi\u00e7bir h\u00fckm\u00fc kalmam\u0131\u015f olacakt\u0131r.[1]<\/p><p>Bilindi\u011fi gibi, 6111 say\u0131l\u0131 yasa 25 \u015eubat 2011 tarihinde y\u00fcr\u00fcrl\u00fc\u011fe girmi\u015ftir. Bu kanunun 4. maddesine g\u00f6re, kanunun kapsad\u0131\u011f\u0131 d\u00f6nemlere ili\u015fkin olarak, kanunun yay\u0131nland\u0131\u011f\u0131 tarihten \u00f6nce ba\u015flan\u0131ld\u0131\u011f\u0131 halde bu tarihe kadar tamamlanamam\u0131\u015f olan vergi incelemeleri ile takdir, tarh ve tahakkuk i\u015flemlerine devam edilecektir.<\/p><p>Bu i\u015flemlerin tamamlanmas\u0131ndan sonra tarh edilecek vergi, ceza ve gecikme faizi i\u00e7in kanunun 4. maddesinde yer alan ve a\u015fa\u011f\u0131da a\u00e7\u0131klanacak olan olanaklardan yararlanmak m\u00fcmk\u00fcnd\u00fcr. Bu madde h\u00fckm\u00fcnden yararlan\u0131lmak istenmesi durumunda \u00f6denecek ve silinecek vergi, ceza ve gecikme faizi tutarlar\u0131 a\u015fa\u011f\u0131daki tabloda yer almaktad\u0131r.<\/p><p>\u00d6te yandan, Kanun\u2019un yay\u0131mland\u0131\u011f\u0131 tarihten \u00f6nce tamamland\u0131\u011f\u0131 halde, bu tarihte ya da bu tarihten sonra vergi dairesi kay\u0131tlar\u0131na intikal eden takdir komisyonu kararlar\u0131 ve vergi inceleme raporlar\u0131 \u00fczerine de gerekli tarh ve tebli\u011f i\u015flemleri yap\u0131lacakt\u0131r. Yap\u0131lan tarhiyat i\u00e7in de Kanun\u2019un 4. maddesi h\u00fckm\u00fcnden a\u015fa\u011f\u0131da belirtilen \u015fekilde yararlan\u0131labilecektir.<\/p><table id=\"table1\" border=\"1\" cellspacing=\"0\" cellpadding=\"0\"><tbody><tr><td valign=\"top\" width=\"307\"><strong>\u00d6denecek Tutarlar<\/strong><\/td><td valign=\"top\" width=\"307\"><strong>Silinecek Tutarlar<\/strong><\/td><\/tr><tr><td valign=\"top\" width=\"307\"><p><strong>a) <\/strong>Tarh edilen verginin %50\u2019si,<\/p><p><strong>b) <\/strong>Vergi asl\u0131na ba\u011fl\u0131 olmayan cezalar\u0131n %25\u2019i,<\/p><p><strong>c) <\/strong>Gecikme faizi yerine kanunun yay\u0131mland\u0131\u011f\u0131 tarihe kadar \u00f6denecek tutar \u00fczerinden TEFE\/\u00dcFE esas al\u0131narak hesaplanacak tutar,<\/p><p><strong>d) <\/strong>Kanunun yay\u0131mland\u0131\u011f\u0131 tarihten sonra ihbarnamenin tebli\u011fi \u00fczerine belirlenen dava a\u00e7ma s\u00fcresinin bitim tarihine kadar hesaplanacak gecikme faizinin tamam\u0131<\/p><\/td><td valign=\"top\" width=\"307\"><p><strong>a) <\/strong>Tarh edilen verginin kalan %50\u2019si,<\/p><p><strong>b) <\/strong>Vergi asl\u0131na ba\u011fl\u0131 cezalar\u0131n tamam\u0131,<\/p><p><strong>c) <\/strong>Vergi asl\u0131na ba\u011fl\u0131 olmayan cezalar\u0131n %75\u2019i,<\/p><p><strong>d) <\/strong>Gecikme faizinin tamam\u0131,<\/p><\/td><\/tr><tr><td valign=\"top\" width=\"307\">\u0130\u015ftirak nedeniyle kesilen cezalarda cezan\u0131n %25\u2019i<\/td><td valign=\"top\" width=\"307\">\u0130\u015ftirak nedeniyle kesilen cezalarda cezan\u0131n kalan %75\u2019i<\/td><\/tr><\/tbody><\/table><p>Di\u011fer yandan, Kanun\u2019un yay\u0131mland\u0131\u011f\u0131 tarih itibariyle inceleme ve tarhiyat a\u015famas\u0131nda bulunan i\u015flerle ilgili olarak yap\u0131lan tarhiyatlar i\u00e7in Kanun\u2019un 4. maddesinden yararlanabilmek i\u00e7in;<\/p><p><strong>a) <\/strong>\u0130hbarnamenin tebli\u011f tarihinden itibaren 30 g\u00fcn i\u00e7erisinde yaz\u0131l\u0131 ba\u015fvuruda bulunulmas\u0131,<\/p><p><strong>b) <\/strong>\u0130hbarnamenin tebli\u011fini izleyen aydan ba\u015flamak \u00fczere iki\u015fer ayl\u0131k d\u00f6nemler halinde alt\u0131 e\u015fit taksitte \u00f6deme yap\u0131lmas\u0131<\/p><p>zorunludur.<\/p><p>A\u015fa\u011f\u0131daki tabloda devam eden vergi incelemeleri ile ilgili \u00f6nemli m\u00fcddetlerin oldu\u011fu dikkat edilirse 31 Mart 2011 tarihi bu a\u00e7\u0131dan \u00f6nemli bir tarih olacakt\u0131r.[2]<\/p><table id=\"table2\" border=\"1\" cellspacing=\"0\" cellpadding=\"0\"><tbody><tr><td valign=\"top\" width=\"246\"><strong>Konu<\/strong><\/td><td valign=\"top\" width=\"368\"><strong>S\u00fcre<\/strong><\/td><\/tr><tr><td valign=\"top\" width=\"246\">\u0130nceleme en son bitirme s\u00fcresi<\/td><td valign=\"top\" width=\"368\"><p><strong>a) <\/strong>Matrah art\u0131r\u0131m\u0131nda bulunulmas\u0131 halinde, Kanun\u2019un yay\u0131m\u0131 tarihini izleyen ay\u0131n ba\u015f\u0131ndan itibaren bir ay bitirilmeyen incelemelere devam edilmez.<\/p><p><strong>b) <\/strong>Matrah art\u0131r\u0131m\u0131 yap\u0131lmamas\u0131 durumunda, incelemenin bitirilmesi i\u00e7in belirli bir s\u00fcre s\u0131n\u0131r\u0131 yoktur.<\/p><\/td><\/tr><tr><td valign=\"top\" width=\"246\">M\u00fcracaat s\u00fcresi<\/td><td valign=\"top\" width=\"368\"><p>\u0130hbarnamenin tebli\u011fi tarihinden<\/p><p>itibaren 30 g\u00fcn i\u00e7inde yaz\u0131l\u0131 ba\u015fvuru<\/p><\/td><\/tr><tr><td valign=\"top\" width=\"246\">\u00d6deme vadesi<\/td><td valign=\"top\" width=\"368\"><p>\u0130lk taksit ihbarnamenin tebli\u011fini<\/p><p>izleyen aydan ba\u015flamak \u00fczere iki\u015fer ayl\u0131k<\/p><p>d\u00f6nemler halinde alt\u0131 e\u015fit taksit.<\/p><\/td><\/tr><\/tbody><\/table><p>\u00d6te yandan, matrah art\u0131r\u0131m\u0131nda bulunan m\u00fckellefler a\u00e7\u0131s\u0131ndan yap\u0131lan vergi incelemesi neticelendi\u011finde, inceleme sonucu bulunan matrah farklar\u0131 dolay\u0131s\u0131yla yap\u0131lacak olan tarhiyatlarda uygulama a\u015fa\u011f\u0131daki \u015fekilde olacakt\u0131r.<\/p><p>Kanun\u2019un yay\u0131m\u0131 tarihi 25 \u015eubat 2011 tarihinde \u00f6nce; ba\u015flanan ve s\u00fcresi i\u00e7inde tamamlanan vergi incelemesi sonucu tarhiyata konu matrah fark\u0131 bulunmas\u0131 halinde, inceleme raporlar\u0131n\u0131n vergi dairesi kay\u0131tlar\u0131na intikal etti\u011fi tarihten \u00f6nce matrah art\u0131r\u0131m\u0131nda bulunulmu\u015f olmas\u0131 \u015fart\u0131yla,<\/p><p>inceleme sonucu bulunan fark, art\u0131r\u0131lan matrahla kar\u015f\u0131la\u015ft\u0131r\u0131lacakt\u0131r.<\/p><p>Yap\u0131lacak olan mukayese neticesinde;<\/p><p><strong>a) <\/strong>\u0130lgili y\u0131llarda art\u0131r\u0131lan matrah tutarlar\u0131n\u0131n, inceleme ve takdir sonucu bulunan matrah fark\u0131 tutarlar\u0131ndan fazla veya bu tutar kadar olmas\u0131 durumunda, vergi incelemeleri ve takdir komisyonu kararlar\u0131na g\u00f6re vergi tarhiyat\u0131 yap\u0131lmayacak ve ceza uygulanmayacakt\u0131r.<\/p><p><strong>b) <\/strong>Vergi incelemeleri ve takdir sonucu belirlenen tarhiyata konu matrah fark\u0131n\u0131n, ilgili y\u0131l i\u00e7in art\u0131r\u0131lan matrah tutar\u0131ndan fazla olmas\u0131 halinde, aradaki fark tutar kadar matrah fark\u0131 \u00fczerinden vergi tarhiyat\u0131 yap\u0131l\u0131p (<sub>ve<\/sub>) ceza uygulanacakt\u0131r.<\/p><hr size=\"1\" \/><p>[1] Bkz. RG 25 \u015eubat 2011 g\u00fcn ve M\u00fckerrer say\u0131l\u0131 27857 say\u0131l\u0131. Madde 4: \u201c\u0130nceleme ve Tarhiyat Safhas\u0131nda Bulunan \u0130\u015flemler\u201d.<span style=\"font-size: inherit; text-align: inherit; background-color: var(--palettecolor7); color: var(--theme-text-color); font-style: var(--fontStyle, inherit); font-weight: var(--fontWeight); letter-spacing: var(--letterSpacing); text-transform: var(--textTransform);\">[2] Bu tablo 6111 say\u0131l\u0131 kanunun 4. maddesine g\u00f6re d\u00fczenlenmi\u015ftir.<\/span><\/p><p><strong>Kaynak: <a href=\"http:\/\/www.muhasebetr.com\" target=\"_blank\" rel=\"noopener\">www.muhasebetr.com<\/a>\u00a0<br \/><\/strong><\/p>\t\t\t\t\t\t\t\t<\/div>\n\t\t\t\t<\/div>\n\t\t\t\t\t<\/div>\n\t\t<\/div>\n\t\t\t\t\t<\/div>\n\t\t<\/section>\n\t\t<div data-particle_enable=\"false\" data-particle-mobile-disabled=\"false\" class=\"elementor-element elementor-element-120d6a52 e-flex e-con-boxed e-con e-parent\" data-id=\"120d6a52\" data-element_type=\"container\" data-settings=\"{&quot;background_background&quot;:&quot;gradient&quot;}\">\n\t\t\t\t\t<div class=\"e-con-inner\">\n\t\t<div data-particle_enable=\"false\" data-particle-mobile-disabled=\"false\" class=\"elementor-element elementor-element-472c6a6a e-flex e-con-boxed e-con e-parent\" data-id=\"472c6a6a\" data-element_type=\"container\">\n\t\t\t\t\t<div class=\"e-con-inner\">\n\t\t\t\t<div class=\"elementor-element elementor-element-17982e6 elementor-post-navigation-borders-yes elementor-widget elementor-widget-post-navigation\" data-id=\"17982e6\" data-element_type=\"widget\" data-widget_type=\"post-navigation.default\">\n\t\t\t\t<div class=\"elementor-widget-container\">\n\t\t\t\t\t\t\t<div class=\"elementor-post-navigation\" role=\"navigation\" aria-label=\"Post Navigation\">\n\t\t\t<div class=\"elementor-post-navigation__prev elementor-post-navigation__link\">\n\t\t\t\t<a href=\"https:\/\/yeni.maliyeokulu.org.tr\/?p=4534\" rel=\"prev\"><span class=\"post-navigation__arrow-wrapper post-navigation__arrow-prev\"><svg aria-hidden=\"true\" class=\"e-font-icon-svg e-fas-angle-left\" viewBox=\"0 0 256 512\" xmlns=\"http:\/\/www.w3.org\/2000\/svg\"><path d=\"M31.7 239l136-136c9.4-9.4 24.6-9.4 33.9 0l22.6 22.6c9.4 9.4 9.4 24.6 0 33.9L127.9 256l96.4 96.4c9.4 9.4 9.4 24.6 0 33.9L201.7 409c-9.4 9.4-24.6 9.4-33.9 0l-136-136c-9.5-9.4-9.5-24.6-.1-34z\"><\/path><\/svg><span class=\"elementor-screen-only\">Prev<\/span><\/span><span class=\"elementor-post-navigation__link__prev\"><span class=\"post-navigation__prev--label\">\u00d6nceki<\/span><span class=\"post-navigation__prev--title\">Yasal Olarak \u0130mhalar\u0131 Zorunlu Mallar\u0131n KDV Sorunu<\/span><\/span><\/a>\t\t\t<\/div>\n\t\t\t\t\t\t\t<div class=\"elementor-post-navigation__separator-wrapper\">\n\t\t\t\t\t<div class=\"elementor-post-navigation__separator\"><\/div>\n\t\t\t\t<\/div>\n\t\t\t\t\t\t<div class=\"elementor-post-navigation__next elementor-post-navigation__link\">\n\t\t\t\t<a href=\"https:\/\/yeni.maliyeokulu.org.tr\/?p=4588\" rel=\"next\"><span class=\"elementor-post-navigation__link__next\"><span class=\"post-navigation__next--label\">Sonraki<\/span><span class=\"post-navigation__next--title\">Havayolu \u0130le \u0130hracatta KDV \u0130adesi<\/span><\/span><span class=\"post-navigation__arrow-wrapper post-navigation__arrow-next\"><svg aria-hidden=\"true\" class=\"e-font-icon-svg e-fas-angle-right\" viewBox=\"0 0 256 512\" xmlns=\"http:\/\/www.w3.org\/2000\/svg\"><path d=\"M224.3 273l-136 136c-9.4 9.4-24.6 9.4-33.9 0l-22.6-22.6c-9.4-9.4-9.4-24.6 0-33.9l96.4-96.4-96.4-96.4c-9.4-9.4-9.4-24.6 0-33.9L54.3 103c9.4-9.4 24.6-9.4 33.9 0l136 136c9.5 9.4 9.5 24.6.1 34z\"><\/path><\/svg><span class=\"elementor-screen-only\">Next<\/span><\/span><\/a>\t\t\t<\/div>\n\t\t<\/div>\n\t\t\t\t\t\t<\/div>\n\t\t\t\t<\/div>\n\t\t\t\t\t<\/div>\n\t\t\t\t<\/div>\n\t\t\t\t\t<\/div>\n\t\t\t\t<\/div>\n\t\t\t\t<\/div>\n\t\t","protected":false},"excerpt":{"rendered":"<p>Dr. Mustafa Alpaslan Ankara Maliye Okulu &#8211; 1980 mustafaalpaslan.com Bilindi\u011fi \u00fczere, 6111 say\u0131l\u0131 torba kanunun 4. madde h\u00fckm\u00fc gere\u011fi vergi incelemesine ba\u015flanm\u0131\u015f olan dosyalarda vergi incelemesinin 1 ay i\u00e7erisinde sonu\u00e7land\u0131r\u0131lmas\u0131 zorunludur. Aksi takdirde, vergi incelemesi kendili\u011finden sonlanm\u0131\u015f ve hi\u00e7bir h\u00fckm\u00fc kalmam\u0131\u015f olacakt\u0131r.[1] Bilindi\u011fi gibi, 6111 say\u0131l\u0131 yasa 25 \u015eubat 2011 tarihinde y\u00fcr\u00fcrl\u00fc\u011fe girmi\u015ftir. Bu kanunun [&hellip;]<\/p>\n","protected":false},"author":1,"featured_media":4353,"comment_status":"open","ping_status":"open","sticky":false,"template":"elementor_header_footer","format":"standard","meta":{"_eb_attr":"","_gspb_post_css":"","_crdt_document":"","footnotes":""},"categories":[93],"tags":[],"class_list":["post-4539","post","type-post","status-publish","format-standard","has-post-thumbnail","hentry","category-tax"],"blocksy_meta":[],"_links":{"self":[{"href":"https:\/\/yeni.maliyeokulu.org.tr\/index.php?rest_route=\/wp\/v2\/posts\/4539","targetHints":{"allow":["GET"]}}],"collection":[{"href":"https:\/\/yeni.maliyeokulu.org.tr\/index.php?rest_route=\/wp\/v2\/posts"}],"about":[{"href":"https:\/\/yeni.maliyeokulu.org.tr\/index.php?rest_route=\/wp\/v2\/types\/post"}],"author":[{"embeddable":true,"href":"https:\/\/yeni.maliyeokulu.org.tr\/index.php?rest_route=\/wp\/v2\/users\/1"}],"replies":[{"embeddable":true,"href":"https:\/\/yeni.maliyeokulu.org.tr\/index.php?rest_route=%2Fwp%2Fv2%2Fcomments&post=4539"}],"version-history":[{"count":24,"href":"https:\/\/yeni.maliyeokulu.org.tr\/index.php?rest_route=\/wp\/v2\/posts\/4539\/revisions"}],"predecessor-version":[{"id":11431,"href":"https:\/\/yeni.maliyeokulu.org.tr\/index.php?rest_route=\/wp\/v2\/posts\/4539\/revisions\/11431"}],"wp:featuredmedia":[{"embeddable":true,"href":"https:\/\/yeni.maliyeokulu.org.tr\/index.php?rest_route=\/wp\/v2\/media\/4353"}],"wp:attachment":[{"href":"https:\/\/yeni.maliyeokulu.org.tr\/index.php?rest_route=%2Fwp%2Fv2%2Fmedia&parent=4539"}],"wp:term":[{"taxonomy":"category","embeddable":true,"href":"https:\/\/yeni.maliyeokulu.org.tr\/index.php?rest_route=%2Fwp%2Fv2%2Fcategories&post=4539"},{"taxonomy":"post_tag","embeddable":true,"href":"https:\/\/yeni.maliyeokulu.org.tr\/index.php?rest_route=%2Fwp%2Fv2%2Ftags&post=4539"}],"curies":[{"name":"wp","href":"https:\/\/api.w.org\/{rel}","templated":true}]}}