{"id":4564,"date":"2011-06-04T23:43:45","date_gmt":"2011-06-04T20:43:45","guid":{"rendered":"https:\/\/yeni.maliyeokulu.org.tr\/bu-okul-bizim\/"},"modified":"2011-06-04T23:43:45","modified_gmt":"2011-06-04T20:43:45","slug":"bu-okul-bizim","status":"publish","type":"post","link":"https:\/\/yeni.maliyeokulu.org.tr\/?p=4564","title":{"rendered":"Bu Okul Bizim"},"content":{"rendered":"<h6><span>BU OKUL B\u0130Z\u0130M<\/p>\n<p>Bu okul T\u00fcrkiye&#8217;nin ana ba\u011fr\u0131nda,<br \/><span>\u0130stanbul, \u0130zmir ve Ankara&#8217;n\u0131nd\u0131r..<br \/>Paras\u0131z yat\u0131l\u0131 \u00fc\u00e7 y\u0131l okuyup<br \/>Kaza-i R\u00fc\u015ft ile memur olanlar\u0131nd\u0131r.<\/p>\n<p>K\u00fc\u00e7\u00fck ya\u015fta gurbet ellere gelip<br \/>\u00dc\u00e7 y\u0131lda say\u0131s\u0131z yasa \u00f6\u011frenip,<br \/>G\u00fczel an\u0131larla kendine gelip<br \/>Ben Maliye Okulluyum diyenlerindir.<\/p>\n<p>Uzun y\u0131llar boyu ayn\u0131 gururla<br \/>Y\u00fczlerce mezunu ayn\u0131 onurla,<br \/>Okullu olman\u0131n verdi\u011fi \u015fanla<br \/>Y\u00fcrekleri ayn\u0131 atanlar\u0131nd\u0131r.<\/p>\n<p>Kimse birbirini tan\u0131masa da<br \/>Abi, abla, karde\u015f ayn\u0131 \u00e7at\u0131da,<br \/>Y\u0131llar aram\u0131za engel koysa da<br \/>Rozeti beynine kazanlar\u0131nd\u0131r.<\/p>\n<p>Ya\u015fan\u0131r; bilir t\u00fcm arkada\u015flar<br \/>\u015eansl\u0131d\u0131r okuldan mezun olanlar,<br \/>Bu dostluk anlat\u0131lmaz, anlatamazlar<br \/>E\u015finden bu y\u00fczden korkanlar\u0131nd\u0131r.<\/p>\n<p>\u015eiiri tebess\u00fcmle Face&#8217;de okuyup<br \/>Kendisini \u015fair yerine koyup,<br \/>Ka\u011f\u0131d\u0131, kalemi eline al\u0131p<br \/>Bu m\u0131sralar\u0131 yazanlar\u0131nd\u0131r&#8230;<\/span><\/span><\/h6>\n","protected":false},"excerpt":{"rendered":"<p>BU OKUL B\u0130Z\u0130M Bu okul T\u00fcrkiye&#8217;nin ana ba\u011fr\u0131nda,\u0130stanbul, \u0130zmir ve Ankara&#8217;n\u0131nd\u0131r..Paras\u0131z yat\u0131l\u0131 \u00fc\u00e7 y\u0131l okuyupKaza-i R\u00fc\u015ft ile memur olanlar\u0131nd\u0131r. K\u00fc\u00e7\u00fck ya\u015fta gurbet ellere gelip\u00dc\u00e7 y\u0131lda say\u0131s\u0131z yasa \u00f6\u011frenip,G\u00fczel an\u0131larla kendine gelipBen Maliye Okulluyum diyenlerindir. Uzun y\u0131llar boyu ayn\u0131 gururlaY\u00fczlerce mezunu ayn\u0131 onurla,Okullu olman\u0131n verdi\u011fi \u015fanlaY\u00fcrekleri ayn\u0131 atanlar\u0131nd\u0131r. Kimse birbirini tan\u0131masa daAbi, abla, karde\u015f ayn\u0131 \u00e7at\u0131da,Y\u0131llar [&hellip;]<\/p>\n","protected":false},"author":1,"featured_media":0,"comment_status":"open","ping_status":"open","sticky":false,"template":"","format":"standard","meta":{"_eb_attr":"","_gspb_post_css":"","_crdt_document":"","footnotes":""},"categories":[121],"tags":[],"class_list":["post-4564","post","type-post","status-publish","format-standard","hentry","category-haber-arsivi"],"blocksy_meta":[],"_links":{"self":[{"href":"https:\/\/yeni.maliyeokulu.org.tr\/index.php?rest_route=\/wp\/v2\/posts\/4564","targetHints":{"allow":["GET"]}}],"collection":[{"href":"https:\/\/yeni.maliyeokulu.org.tr\/index.php?rest_route=\/wp\/v2\/posts"}],"about":[{"href":"https:\/\/yeni.maliyeokulu.org.tr\/index.php?rest_route=\/wp\/v2\/types\/post"}],"author":[{"embeddable":true,"href":"https:\/\/yeni.maliyeokulu.org.tr\/index.php?rest_route=\/wp\/v2\/users\/1"}],"replies":[{"embeddable":true,"href":"https:\/\/yeni.maliyeokulu.org.tr\/index.php?rest_route=%2Fwp%2Fv2%2Fcomments&post=4564"}],"version-history":[{"count":0,"href":"https:\/\/yeni.maliyeokulu.org.tr\/index.php?rest_route=\/wp\/v2\/posts\/4564\/revisions"}],"wp:attachment":[{"href":"https:\/\/yeni.maliyeokulu.org.tr\/index.php?rest_route=%2Fwp%2Fv2%2Fmedia&parent=4564"}],"wp:term":[{"taxonomy":"category","embeddable":true,"href":"https:\/\/yeni.maliyeokulu.org.tr\/index.php?rest_route=%2Fwp%2Fv2%2Fcategories&post=4564"},{"taxonomy":"post_tag","embeddable":true,"href":"https:\/\/yeni.maliyeokulu.org.tr\/index.php?rest_route=%2Fwp%2Fv2%2Ftags&post=4564"}],"curies":[{"name":"wp","href":"https:\/\/api.w.org\/{rel}","templated":true}]}}