{"id":4613,"date":"2011-11-16T03:27:40","date_gmt":"2011-11-16T01:27:40","guid":{"rendered":"https:\/\/yeni.maliyeokulu.org.tr\/bakanlar-kurulu-karar\/"},"modified":"2011-11-16T03:27:40","modified_gmt":"2011-11-16T01:27:40","slug":"bakanlar-kurulu-karar","status":"publish","type":"post","link":"https:\/\/yeni.maliyeokulu.org.tr\/?p=4613","title":{"rendered":"Bakanlar Kurulu Karar\u0131"},"content":{"rendered":"<p><html><br \/>\n<head><br \/>\n<\/head><br \/>\n<body><\/p>\n<p><img fetchpriority=\"high\" decoding=\"async\" class=\" size-full wp-image-4612\" style=\"vertical-align: middle; display: block; margin-left: auto; margin-right: auto;\" src=\"https:\/\/yeni.maliyeokulu.org.tr\/wp-content\/uploads\/2011\/11\/aslanmaliyeokulu-set-4_01.png\" alt=\"aslanmaliyeokulu-set-4 01\" width=\"419\" height=\"281\" srcset=\"https:\/\/yeni.maliyeokulu.org.tr\/wp-content\/uploads\/2011\/11\/aslanmaliyeokulu-set-4_01.png 419w, https:\/\/yeni.maliyeokulu.org.tr\/wp-content\/uploads\/2011\/11\/aslanmaliyeokulu-set-4_01-300x201.png 300w\" sizes=\"(max-width: 419px) 100vw, 419px\" \/><\/p>\n<p>Maliye Okulunun Kurulu\u015funa ili\u015fkin Bakanlar Kurulu Karar\u0131<\/p>\n<p>T.C. BA\u015eVEKALET<br \/>Kalemi Mahsus M\u00fcdiriyeti <\/p>\n<p>Adet:6\/4634 <\/p>\n<p>Memurini maliyenin vukuf ve m\u00fcmaresi ilmiyelerini ve tecr\u00fcbelerini tezyid etmek ve muktedir mal memuru yeti\u015ftirmek gayesile senei sab\u0131kada Ankarada k\u00fc\u015fad edilmi\u015f olan maliye tatbikat mektebi alisi i\u00e7in maliye vekaleti celilesince tanzim ve beray\u0131tasdik tevdi edilmi\u015f olan merbut talimatnamenin mevkii meriyete vaz\u0131, vekalet m\u00fc\u015far\u00fcnileyhan\u0131n 24\/A\u011fustos\/314 tarih ve memurin m\u00fcdiriyeti 5669 numorolu tezkeresile vuku bulan teklif \u00fczerine \u0130cra Vekilleri Heyetinin 16\/Eyl\u00fcl\/341 tarihli i\u00e7tima\u0131nda tasvip ve kabul olunmu\u015ftur. 16\/Eyl\u00fcl\/341 <\/p>\n<p>T\u00dcRK\u0130YE RE\u0130S\u0130 CUMHURU <br \/>GAZ\u0130 MUSTAFA KEMAL <\/p>\n<p>Ba\u015f Vekil&nbsp;&nbsp;&nbsp;&nbsp;&nbsp;&nbsp;&nbsp;&nbsp;&nbsp;&nbsp;&nbsp;&nbsp;&nbsp;&nbsp;&nbsp;&nbsp;&nbsp;&nbsp;&nbsp;&nbsp;&nbsp; Adliye Vekili&nbsp;&nbsp;&nbsp;&nbsp;&nbsp;&nbsp;&nbsp;&nbsp;&nbsp;&nbsp; M\u00fcdafai Milliye Vekili&nbsp;&nbsp;&nbsp;&nbsp;&nbsp; Bahriye Vekili <br \/>\u0130smet&nbsp;&nbsp;&nbsp;&nbsp;&nbsp;&nbsp;&nbsp;&nbsp;&nbsp;&nbsp;&nbsp;&nbsp;&nbsp;&nbsp;&nbsp;&nbsp;&nbsp;&nbsp;&nbsp;&nbsp;&nbsp;&nbsp;&nbsp;&nbsp;&nbsp;&nbsp;&nbsp; Mahmut Esat&nbsp;&nbsp;&nbsp;&nbsp;&nbsp;&nbsp;&nbsp;&nbsp;&nbsp;&nbsp;&nbsp;&nbsp;&nbsp;&nbsp;&nbsp;&nbsp;&nbsp; Recep&nbsp;&nbsp;&nbsp;&nbsp;&nbsp;&nbsp;&nbsp;&nbsp;&nbsp;&nbsp;&nbsp;&nbsp;&nbsp;&nbsp;&nbsp;&nbsp;&nbsp;&nbsp;&nbsp;&nbsp;&nbsp;&nbsp;&nbsp;&nbsp;&nbsp;&nbsp;&nbsp;&nbsp; \u0130hsan <\/p>\n<p>Dahiliye Vekili&nbsp;&nbsp;&nbsp;&nbsp;&nbsp;&nbsp;&nbsp;&nbsp;&nbsp;&nbsp;&nbsp;&nbsp;&nbsp; Hariciye V.Vekili&nbsp;&nbsp;&nbsp;&nbsp;&nbsp;&nbsp;&nbsp;&nbsp;&nbsp;&nbsp;&nbsp; Maliye Vekili&nbsp;&nbsp;&nbsp;&nbsp;&nbsp;&nbsp;&nbsp; Maarif Vekili <br \/>Cemil&nbsp;&nbsp;&nbsp;&nbsp;&nbsp;&nbsp;&nbsp;&nbsp;&nbsp;&nbsp;&nbsp;&nbsp;&nbsp;&nbsp;&nbsp;&nbsp;&nbsp;&nbsp;&nbsp;&nbsp;&nbsp;&nbsp;&nbsp;&nbsp;&nbsp;&nbsp;&nbsp; Mahmut Esat&nbsp;&nbsp;&nbsp;&nbsp;&nbsp;&nbsp;&nbsp;&nbsp;&nbsp;&nbsp;&nbsp;&nbsp;&nbsp;&nbsp; Hasan H\u00fcsn\u00fc&nbsp;&nbsp;&nbsp;&nbsp;&nbsp;&nbsp; Hamdullah Suphi <\/p>\n<p>Nafia V.Vekili&nbsp;&nbsp;&nbsp;&nbsp;&nbsp;&nbsp;&nbsp;&nbsp;&nbsp;&nbsp;&nbsp;&nbsp;&nbsp;&nbsp;&nbsp; Ziraat V.Vekili&nbsp;&nbsp;&nbsp;&nbsp;&nbsp;&nbsp;&nbsp;&nbsp;&nbsp;&nbsp;&nbsp;&nbsp;&nbsp;&nbsp;&nbsp;&nbsp; Ticaret Vekili&nbsp;&nbsp;&nbsp;&nbsp;&nbsp;&nbsp;&nbsp;&nbsp;&nbsp; S\u0131hhiye ve M.\u0130\u00e7.Vekili <br \/>Dr.Refik&nbsp;&nbsp;&nbsp;&nbsp;&nbsp;&nbsp;&nbsp;&nbsp;&nbsp;&nbsp;&nbsp;&nbsp;&nbsp;&nbsp;&nbsp;&nbsp;&nbsp;&nbsp;&nbsp;&nbsp;&nbsp;&nbsp;&nbsp;&nbsp;&nbsp;&nbsp; Ali Cenani&nbsp;&nbsp;&nbsp;&nbsp;&nbsp;&nbsp;&nbsp;&nbsp;&nbsp;&nbsp;&nbsp;&nbsp;&nbsp;&nbsp;&nbsp;&nbsp;&nbsp;&nbsp;&nbsp;&nbsp;&nbsp;&nbsp; Ali Cenani&nbsp;&nbsp;&nbsp;&nbsp;&nbsp;&nbsp;&nbsp;&nbsp;&nbsp;&nbsp;&nbsp;&nbsp;&nbsp; Dr.Refik<\/p>\n<p><\/body><br \/>\n<\/html><\/p>\n","protected":false},"excerpt":{"rendered":"<p>Maliye Okulunun Kurulu\u015funa ili\u015fkin Bakanlar Kurulu Karar\u0131 T.C. BA\u015eVEKALETKalemi Mahsus M\u00fcdiriyeti Adet:6\/4634 Memurini maliyenin vukuf ve m\u00fcmaresi ilmiyelerini ve tecr\u00fcbelerini tezyid etmek ve muktedir mal memuru yeti\u015ftirmek gayesile senei sab\u0131kada Ankarada k\u00fc\u015fad edilmi\u015f olan maliye tatbikat mektebi alisi i\u00e7in maliye vekaleti celilesince tanzim ve beray\u0131tasdik tevdi edilmi\u015f olan merbut talimatnamenin mevkii meriyete vaz\u0131, vekalet m\u00fc\u015far\u00fcnileyhan\u0131n [&hellip;]<\/p>\n","protected":false},"author":1,"featured_media":4612,"comment_status":"open","ping_status":"open","sticky":false,"template":"","format":"standard","meta":{"_eb_attr":"","_gspb_post_css":"","_crdt_document":"","footnotes":""},"categories":[92],"tags":[],"class_list":["post-4613","post","type-post","status-publish","format-standard","has-post-thumbnail","hentry","category-duragan"],"blocksy_meta":[],"_links":{"self":[{"href":"https:\/\/yeni.maliyeokulu.org.tr\/index.php?rest_route=\/wp\/v2\/posts\/4613","targetHints":{"allow":["GET"]}}],"collection":[{"href":"https:\/\/yeni.maliyeokulu.org.tr\/index.php?rest_route=\/wp\/v2\/posts"}],"about":[{"href":"https:\/\/yeni.maliyeokulu.org.tr\/index.php?rest_route=\/wp\/v2\/types\/post"}],"author":[{"embeddable":true,"href":"https:\/\/yeni.maliyeokulu.org.tr\/index.php?rest_route=\/wp\/v2\/users\/1"}],"replies":[{"embeddable":true,"href":"https:\/\/yeni.maliyeokulu.org.tr\/index.php?rest_route=%2Fwp%2Fv2%2Fcomments&post=4613"}],"version-history":[{"count":0,"href":"https:\/\/yeni.maliyeokulu.org.tr\/index.php?rest_route=\/wp\/v2\/posts\/4613\/revisions"}],"wp:featuredmedia":[{"embeddable":true,"href":"https:\/\/yeni.maliyeokulu.org.tr\/index.php?rest_route=\/wp\/v2\/media\/4612"}],"wp:attachment":[{"href":"https:\/\/yeni.maliyeokulu.org.tr\/index.php?rest_route=%2Fwp%2Fv2%2Fmedia&parent=4613"}],"wp:term":[{"taxonomy":"category","embeddable":true,"href":"https:\/\/yeni.maliyeokulu.org.tr\/index.php?rest_route=%2Fwp%2Fv2%2Fcategories&post=4613"},{"taxonomy":"post_tag","embeddable":true,"href":"https:\/\/yeni.maliyeokulu.org.tr\/index.php?rest_route=%2Fwp%2Fv2%2Ftags&post=4613"}],"curies":[{"name":"wp","href":"https:\/\/api.w.org\/{rel}","templated":true}]}}