{"id":4617,"date":"2011-11-16T03:38:34","date_gmt":"2011-11-16T01:38:34","guid":{"rendered":"https:\/\/yeni.maliyeokulu.org.tr\/acl-onay\/"},"modified":"2011-11-16T03:38:34","modified_gmt":"2011-11-16T01:38:34","slug":"acl-onay","status":"publish","type":"post","link":"https:\/\/yeni.maliyeokulu.org.tr\/?p=4617","title":{"rendered":"A\u00e7\u0131l\u0131\u015f Onay\u0131"},"content":{"rendered":"<p><!DOCTYPE html PUBLIC \"-\/\/W3C\/\/DTD XHTML 1.0 Transitional\/\/EN\" \"http:\/\/www.w3.org\/TR\/xhtml1\/DTD\/xhtml1-transitional.dtd\"><br \/>\n<html><br \/>\n<head><br \/>\n<\/head><br \/>\n<body><\/p>\n<p><img fetchpriority=\"high\" decoding=\"async\" class=\" size-full wp-image-4616\" style=\"display: block; margin-left: auto; margin-right: auto;\" src=\"https:\/\/yeni.maliyeokulu.org.tr\/wp-content\/uploads\/2011\/11\/aslanmaliyeokulu_01.png\" alt=\"aslanmaliyeokulu 01\" width=\"419\" height=\"281\" srcset=\"https:\/\/yeni.maliyeokulu.org.tr\/wp-content\/uploads\/2011\/11\/aslanmaliyeokulu_01.png 419w, https:\/\/yeni.maliyeokulu.org.tr\/wp-content\/uploads\/2011\/11\/aslanmaliyeokulu_01-300x201.png 300w\" sizes=\"(max-width: 419px) 100vw, 419px\" \/><\/p>\n<p>Maliye Okulunun Kurulu\u015fu ile ilgili Bakanlar Kurulu Onay\u0131n\u0131n ve Talimatnamesinin Maliye Bakanl\u0131\u011f\u0131na g\u00f6nderilmesi <\/p>\n<p>T.C. BA\u015eVEKALET <br \/>Kalemi Mahsus M\u00fcdiriyeti <br \/>Adet:6\/4634 <\/p>\n<p>Maliye Vekaleti Celilesine 24\/A\u011fustos\/341 tarih ve memurin m\u00fcdiriyeti 5669 numorolu tezrei vekalet penahlar\u0131 cevab\u0131d\u0131r : <\/p>\n<p>Maliye Tatbikat Mektebi Alisi i\u00e7in vekaleti celilelerince tanzim edilmi\u015f olan talimatnamenin mevkii meriyete vaz\u0131 hakk\u0131nda \u0130cra Vekilleri Heyetinin 16\/Eyl\u00fcl\/341 tarihli i\u00e7tima\u0131nda m\u00fcttehaz karar \u00fczerine tanzim edilmi\u015f olan kararnamenin ve talimatnamenin musaddak sureti leffen takdim olunmu\u015ftur efendim. <\/p>\n<p>Ba\u015fvekil <br \/>\u0130smet<\/p>\n<p><\/body><br \/>\n<\/html><\/p>\n","protected":false},"excerpt":{"rendered":"<p>Maliye Okulunun Kurulu\u015fu ile ilgili Bakanlar Kurulu Onay\u0131n\u0131n ve Talimatnamesinin Maliye Bakanl\u0131\u011f\u0131na g\u00f6nderilmesi T.C. BA\u015eVEKALET Kalemi Mahsus M\u00fcdiriyeti Adet:6\/4634 Maliye Vekaleti Celilesine 24\/A\u011fustos\/341 tarih ve memurin m\u00fcdiriyeti 5669 numorolu tezrei vekalet penahlar\u0131 cevab\u0131d\u0131r : Maliye Tatbikat Mektebi Alisi i\u00e7in vekaleti celilelerince tanzim edilmi\u015f olan talimatnamenin mevkii meriyete vaz\u0131 hakk\u0131nda \u0130cra Vekilleri Heyetinin 16\/Eyl\u00fcl\/341 tarihli i\u00e7tima\u0131nda [&hellip;]<\/p>\n","protected":false},"author":1,"featured_media":4616,"comment_status":"open","ping_status":"open","sticky":false,"template":"","format":"standard","meta":{"_eb_attr":"","_gspb_post_css":"","_crdt_document":"","footnotes":""},"categories":[92],"tags":[],"class_list":["post-4617","post","type-post","status-publish","format-standard","has-post-thumbnail","hentry","category-duragan"],"blocksy_meta":[],"_links":{"self":[{"href":"https:\/\/yeni.maliyeokulu.org.tr\/index.php?rest_route=\/wp\/v2\/posts\/4617","targetHints":{"allow":["GET"]}}],"collection":[{"href":"https:\/\/yeni.maliyeokulu.org.tr\/index.php?rest_route=\/wp\/v2\/posts"}],"about":[{"href":"https:\/\/yeni.maliyeokulu.org.tr\/index.php?rest_route=\/wp\/v2\/types\/post"}],"author":[{"embeddable":true,"href":"https:\/\/yeni.maliyeokulu.org.tr\/index.php?rest_route=\/wp\/v2\/users\/1"}],"replies":[{"embeddable":true,"href":"https:\/\/yeni.maliyeokulu.org.tr\/index.php?rest_route=%2Fwp%2Fv2%2Fcomments&post=4617"}],"version-history":[{"count":0,"href":"https:\/\/yeni.maliyeokulu.org.tr\/index.php?rest_route=\/wp\/v2\/posts\/4617\/revisions"}],"wp:featuredmedia":[{"embeddable":true,"href":"https:\/\/yeni.maliyeokulu.org.tr\/index.php?rest_route=\/wp\/v2\/media\/4616"}],"wp:attachment":[{"href":"https:\/\/yeni.maliyeokulu.org.tr\/index.php?rest_route=%2Fwp%2Fv2%2Fmedia&parent=4617"}],"wp:term":[{"taxonomy":"category","embeddable":true,"href":"https:\/\/yeni.maliyeokulu.org.tr\/index.php?rest_route=%2Fwp%2Fv2%2Fcategories&post=4617"},{"taxonomy":"post_tag","embeddable":true,"href":"https:\/\/yeni.maliyeokulu.org.tr\/index.php?rest_route=%2Fwp%2Fv2%2Ftags&post=4617"}],"curies":[{"name":"wp","href":"https:\/\/api.w.org\/{rel}","templated":true}]}}