{"id":4620,"date":"2011-11-16T11:06:13","date_gmt":"2011-11-16T09:06:13","guid":{"rendered":"https:\/\/yeni.maliyeokulu.org.tr\/vizyon\/"},"modified":"2011-11-16T11:06:13","modified_gmt":"2011-11-16T09:06:13","slug":"vizyon","status":"publish","type":"post","link":"https:\/\/yeni.maliyeokulu.org.tr\/?p=4620","title":{"rendered":"Vizyon"},"content":{"rendered":"<p><!DOCTYPE html PUBLIC \"-\/\/W3C\/\/DTD XHTML 1.0 Transitional\/\/EN\" \"http:\/\/www.w3.org\/TR\/xhtml1\/DTD\/xhtml1-transitiona<html xmlns:fb=\"http:\/\/www.facebook.com\/2008\/fbml\"\"><br \/>\n<html><br \/>\n<head><br \/>\n<\/head><br \/>\n<body><\/p>\n<p><img decoding=\"async\" class=\" size-full wp-image-4619\" style=\"border-style: initial; border-color: initial; text-align: center; display: block; margin-left: auto; margin-right: auto;\" src=\"https:\/\/yeni.maliyeokulu.org.tr\/wp-content\/uploads\/2011\/11\/mo_trans.png\" alt=\"Maliye Okulu\" width=\"75\" height=\"100\" border=\"0\" \/><\/p>\n<p>&#8211;&nbsp;<span>Dostluklar\u0131 peki\u015ftiren,<\/p>\n<p>&#8211; Mezunlar\u0131 bulu\u015fturan,<\/p>\n<p>&#8211; Gen\u00e7lik y\u0131llar\u0131n\u0131 ayn\u0131 heyecanla tekrar ya\u015fatan,<\/p>\n<p>&#8211; Mezunlar\u0131n tamam\u0131n\u0131n kat\u0131l\u0131m\u0131n\u0131 sa\u011flayarak, birlikte belirlenen hedefin ger\u00e7ekle\u015ftirilmesine zemin haz\u0131rlayan,<\/p>\n<p>&#8211; Arand\u0131\u011f\u0131nda, okul s\u0131ralar\u0131nda b\u0131rak\u0131lan her \u015feyin bulunabildi\u011fi,<\/p>\n<p>&#8211; Hedefi ger\u00e7ekle\u015ftirmede en ba\u015far\u0131l\u0131,<\/p>\n<p>Dernek olma vizyonuyla misyonunu \u00fcstlendik.<\/p>\n<p>Bu ama\u00e7la t\u00fcm mezunlar\u0131m\u0131z\u0131 sitemize \u00fcye olmaya; mesleki ve k\u00fclt\u00fcrel birikimlerini hepimizle payla\u015fmaya davet ediyoruz.<\/p>\n<p><span style=\"color: #0000ff; font-family: 'book antiqua', palatino;\"><br \/><\/span><\/span><\/p>\n<h4 style=\"text-align: center;\">Maliye Okulu Mezunlar\u0131 Derne\u011fi<\/h4>\n<div style=\"text-align: center;\">Genel Merkezi&nbsp;<br \/>\u0130stanbul \u015eubesi<br \/>\u0130zmir \u015eubesi&nbsp;<\/div>\n<div style=\"text-align: center;\">\n<table style=\"background-color: #000000; width: 603px; height: 224px;\" border=\"0\">\n<tbody>\n<tr>\n<td>\n<div style=\"text-align: center;\"><img fetchpriority=\"high\" decoding=\"async\" class=\" size-full wp-image-4614\" style=\"vertical-align: top;\" src=\"https:\/\/yeni.maliyeokulu.org.tr\/wp-content\/uploads\/2011\/11\/aslanmaliyeokulu-set-5_01.png\" alt=\"aslanmaliyeokulu-set-5 01\" width=\"319\" height=\"214\" srcset=\"https:\/\/yeni.maliyeokulu.org.tr\/wp-content\/uploads\/2011\/11\/aslanmaliyeokulu-set-5_01.png 419w, https:\/\/yeni.maliyeokulu.org.tr\/wp-content\/uploads\/2011\/11\/aslanmaliyeokulu-set-5_01-300x201.png 300w\" sizes=\"(max-width: 319px) 100vw, 319px\" \/><\/div>\n<\/td>\n<\/tr>\n<\/tbody>\n<\/table>\n<\/div>\n<p><\/body><br \/>\n<\/html><\/p>\n","protected":false},"excerpt":{"rendered":"<p>&#8211;&nbsp;Dostluklar\u0131 peki\u015ftiren, &#8211; Mezunlar\u0131 bulu\u015fturan, &#8211; Gen\u00e7lik y\u0131llar\u0131n\u0131 ayn\u0131 heyecanla tekrar ya\u015fatan, &#8211; Mezunlar\u0131n tamam\u0131n\u0131n kat\u0131l\u0131m\u0131n\u0131 sa\u011flayarak, birlikte belirlenen hedefin ger\u00e7ekle\u015ftirilmesine zemin haz\u0131rlayan, &#8211; Arand\u0131\u011f\u0131nda, okul s\u0131ralar\u0131nda b\u0131rak\u0131lan her \u015feyin bulunabildi\u011fi, &#8211; Hedefi ger\u00e7ekle\u015ftirmede en ba\u015far\u0131l\u0131, Dernek olma vizyonuyla misyonunu \u00fcstlendik. Bu ama\u00e7la t\u00fcm mezunlar\u0131m\u0131z\u0131 sitemize \u00fcye olmaya; mesleki ve k\u00fclt\u00fcrel birikimlerini hepimizle payla\u015fmaya davet [&hellip;]<\/p>\n","protected":false},"author":1,"featured_media":4619,"comment_status":"open","ping_status":"open","sticky":false,"template":"","format":"standard","meta":{"_eb_attr":"","_gspb_post_css":"","_crdt_document":"","footnotes":""},"categories":[92],"tags":[],"class_list":["post-4620","post","type-post","status-publish","format-standard","has-post-thumbnail","hentry","category-duragan"],"blocksy_meta":[],"_links":{"self":[{"href":"https:\/\/yeni.maliyeokulu.org.tr\/index.php?rest_route=\/wp\/v2\/posts\/4620","targetHints":{"allow":["GET"]}}],"collection":[{"href":"https:\/\/yeni.maliyeokulu.org.tr\/index.php?rest_route=\/wp\/v2\/posts"}],"about":[{"href":"https:\/\/yeni.maliyeokulu.org.tr\/index.php?rest_route=\/wp\/v2\/types\/post"}],"author":[{"embeddable":true,"href":"https:\/\/yeni.maliyeokulu.org.tr\/index.php?rest_route=\/wp\/v2\/users\/1"}],"replies":[{"embeddable":true,"href":"https:\/\/yeni.maliyeokulu.org.tr\/index.php?rest_route=%2Fwp%2Fv2%2Fcomments&post=4620"}],"version-history":[{"count":0,"href":"https:\/\/yeni.maliyeokulu.org.tr\/index.php?rest_route=\/wp\/v2\/posts\/4620\/revisions"}],"wp:featuredmedia":[{"embeddable":true,"href":"https:\/\/yeni.maliyeokulu.org.tr\/index.php?rest_route=\/wp\/v2\/media\/4619"}],"wp:attachment":[{"href":"https:\/\/yeni.maliyeokulu.org.tr\/index.php?rest_route=%2Fwp%2Fv2%2Fmedia&parent=4620"}],"wp:term":[{"taxonomy":"category","embeddable":true,"href":"https:\/\/yeni.maliyeokulu.org.tr\/index.php?rest_route=%2Fwp%2Fv2%2Fcategories&post=4620"},{"taxonomy":"post_tag","embeddable":true,"href":"https:\/\/yeni.maliyeokulu.org.tr\/index.php?rest_route=%2Fwp%2Fv2%2Ftags&post=4620"}],"curies":[{"name":"wp","href":"https:\/\/api.w.org\/{rel}","templated":true}]}}