{"id":4659,"date":"2012-05-20T13:54:40","date_gmt":"2012-05-20T10:54:40","guid":{"rendered":"https:\/\/yeni.maliyeokulu.org.tr\/kartepe-2\/"},"modified":"2012-05-20T13:54:40","modified_gmt":"2012-05-20T10:54:40","slug":"kartepe-2","status":"publish","type":"post","link":"https:\/\/yeni.maliyeokulu.org.tr\/?p=4659","title":{"rendered":"Kartepe"},"content":{"rendered":"<p><!DOCTYPE html PUBLIC \"-\/\/W3C\/\/DTD XHTML 1.0 Transitional\/\/EN\" \"http:\/\/www.w3.org\/TR\/xhtml1\/DTD\/xhtml1-transitional.dtd\"><br \/>\n<html><br \/>\n<head><br \/>\n<\/head><br \/>\n<body><\/p>\n<p style=\"margin: 6pt 0cm 0pt; text-align: center; text-indent: 0cm;\" align=\"center\"><strong><span style=\"font-size: 14pt;\"><span style=\"font-family: Calibri;\"><span class=\"il\">MAL\u0130YE<\/span> <span class=\"il\">OKULU<\/span> MEZUNLARI DERNE\u011e\u0130<\/span><\/span><\/strong><\/p>\n<p style=\"margin: 6pt 0cm 0pt; text-align: center; text-indent: 0cm;\" align=\"center\"><strong><span style=\"font-size: 14pt;\"><span style=\"font-family: Calibri;\">\u0130STANBUL \u015eUBES\u0130<\/span><\/span><\/strong><\/p>\n<p style=\"margin: 6pt 0cm 0pt; text-align: center; text-indent: 0cm;\" align=\"center\"><strong><span style=\"font-size: 14pt;\"><span style=\"font-family: Calibri;\">&nbsp;<\/span><\/span><\/strong><\/p>\n<p style=\"margin: 6pt 0cm 0pt; text-align: center; text-indent: 0cm;\" align=\"center\"><strong><span style=\"font-size: 14pt;\"><a href=\"mailto:maliyeokuluistanbul@gmail.com\">maliyeokuluistanbul@gmail.com<\/a><\/span><\/strong><\/p>\n<p style=\"margin: 6pt 0cm 0pt; text-align: center; text-indent: 0cm;\" align=\"center\"><strong><span style=\"font-size: 14pt;\"><span style=\"font-family: Calibri;\">0533-463-8121&nbsp; Celal \u00c7elik<\/span><\/span><\/strong><\/p>\n<p style=\"margin: 6pt 0cm 0pt; text-align: center; text-indent: 0cm;\" align=\"center\"><strong><span style=\"font-size: 14pt;\"><span style=\"font-family: Calibri;\">0532-353-6216 Dilek Ta\u015f\u00f6ren<\/span><\/span><\/strong><\/p>\n<p style=\"margin: 6pt 0cm 0pt; text-align: center; text-indent: 0cm;\" align=\"center\"><strong><span style=\"font-size: 14pt;\"><span style=\"font-family: Calibri;\">&nbsp; <br \/><\/span><\/span><\/strong><\/p>\n<p style=\"margin: 6pt 0cm 0pt; text-align: center; text-indent: 0cm;\" align=\"center\"><strong><span style=\"font-size: 14pt;\"><span style=\"font-family: Calibri;\">TASLAK PROGRAM<\/span><\/span><\/strong><\/p>\n<p style=\"margin: 6pt 0cm 0pt; text-align: center; text-indent: 0cm;\" align=\"center\"><strong><span style=\"font-size: 14pt;\"><span style=\"font-family: Calibri;\"><br \/><\/span><\/span><\/strong><\/p>\n<p style=\"margin: 6pt 0cm 0pt 21.3pt; text-indent: 0cm;\"><strong><span style=\"font-size: 12pt;\"><span style=\"font-family: Calibri;\">09.06.2012 g\u00fcn\u00fc program\u0131<\/span><\/span><\/strong><\/p>\n<p style=\"margin: 6pt 0cm 0pt 21.3pt; text-indent: 0cm;\"><span style=\"font-size: small;\"><span style=\"font-family: Calibri;\">Saat 10.00-13.00 Toplanma ve otele giri\u015f<\/span><\/span><\/p>\n<p style=\"margin: 6pt 0cm 0pt 21.3pt; text-indent: 0cm;\"><span style=\"font-size: small;\"><span style=\"font-family: Calibri;\">Saat 14.00 \u2013 17.00 Mezunlarla barbek\u00fc<\/span><\/span><\/p>\n<p style=\"margin: 6pt 0cm 0pt 21.3pt; text-indent: 0cm;\"><span style=\"font-size: small;\"><span style=\"font-family: Calibri;\">Saat 20.00 \u2013 24.00 Gala yeme\u011fi<\/span><\/span><\/p>\n<p style=\"margin: 6pt 0cm 0pt 21.3pt; text-indent: 0cm;\"><span style=\"font-family: Calibri; font-size: small;\">&nbsp;<\/span><\/p>\n<p style=\"margin: 6pt 0cm 0pt 21.3pt; text-indent: 0cm;\"><strong><span style=\"font-size: 12pt;\"><span style=\"font-family: Calibri;\">10.06.2012 program\u0131<\/span><\/span><\/strong><\/p>\n<p style=\"margin: 6pt 0cm 0pt 21.3pt; text-indent: 0cm;\"><span style=\"font-size: small;\"><span style=\"font-family: Calibri;\">Saat 08.00 \u2013 11.00 Kahvalt\u0131<\/span><\/span><\/p>\n<p style=\"margin: 6pt 0cm 0pt 21.3pt; text-indent: 0cm;\"><span style=\"font-size: small;\"><span style=\"font-family: Calibri;\">11.00 \u2013 14.00 Serbest zaman<\/span><\/span><\/p>\n<p style=\"margin: 6pt 0cm 0pt 21.3pt; text-indent: 0cm;\"><span style=\"font-size: small;\"><span style=\"font-family: Calibri;\">14.00 Ayr\u0131l\u0131k vakti<\/span><\/span><\/p>\n<p style=\"margin: 6pt 0cm 0pt 21.3pt; text-indent: 0cm;\"><span style=\"font-family: Calibri; font-size: small;\">&nbsp;<\/span><\/p>\n<p style=\"margin: 6pt 0cm 0pt 21.3pt; text-indent: 0cm;\"><strong><span style=\"font-size: small;\"><span style=\"font-family: Calibri;\">KATILIM \u00dcCRET\u0130<\/span><\/span><\/strong><\/p>\n<p style=\"margin: 6pt 0cm 0pt 21.3pt; text-indent: 0cm;\"><span style=\"font-size: small;\"><span style=\"font-family: Calibri;\">\u0130ki ki\u015filik odada kal\u0131nmas\u0131 halinde oda fiyat\u0131 270 TL (KDV Dahil)<\/span><\/span><\/p>\n<p style=\"margin: 6pt 0cm 0pt 21.3pt; text-indent: 0cm;\"><span style=\"font-size: small;\"><span style=\"font-family: Calibri;\">Tek ki\u015filik odada kal\u0131nmas\u0131 halinde ki\u015fi ba\u015f\u0131 190 TL(KDV Dahil)<\/span><\/span><\/p>\n<p style=\"margin: 6pt 0cm 0pt 21.3pt; text-indent: 0cm;\"><span style=\"font-size: small;\"><span style=\"font-family: Calibri;\"><strong><span style=\"font-size: small;\"><span style=\"font-family: Calibri;\">DI\u015e KATILIMCI \u00dcCRET\u0130<\/span><\/span><\/strong><\/span><\/span><\/p>\n<p style=\"margin: 6pt 0cm 0pt 21.3pt; text-indent: 0cm;\"><span style=\"font-size: small;\"><span style=\"font-family: Calibri;\"><span style=\"font-size: small;\"><span style=\"font-family: Calibri;\">Gala yeme\u011fi 60 TL. (KDV dahil)<\/span><\/span><\/span><\/span><\/p>\n<p style=\"margin: 6pt 0cm 0pt 21.3pt; text-indent: 0cm;\"><span style=\"font-size: small;\"><span style=\"font-family: Calibri;\"><span style=\"font-size: small;\"><span style=\"font-family: Calibri;\">Barbek\u00fc 60 TL. (KDV dahil)<\/span><\/span><strong><span style=\"font-size: small;\"><span style=\"font-family: Calibri;\"><br \/><\/span><\/span><\/strong><\/span><\/span><\/p>\n<p style=\"margin: 6pt 0cm 0pt 21.3pt; text-indent: 0cm;\"><span style=\"font-size: small;\"><span style=\"font-family: Calibri;\">Bu fiyatlara fiyat\u0131na oda, a\u00e7\u0131k b\u00fcfe kahvalt\u0131, a\u00e7\u0131k b\u00fcfe \u00f6\u011fle ve ak\u015fam yeme\u011fi, yemeklerde al\u0131nacak birer adet me\u015frubat, limitli yerli i\u00e7ki (2 kadeh), kurabiyeli be\u015f \u00e7ay\u0131, sa\u011fl\u0131k kul\u00fcb\u00fc kullan\u0131m\u0131 (kapal\u0131 y\u00fczme havuzu, hamam, sauna, buhar odas\u0131) d\u00e2hil, % 8 KDV hari\u00e7tir.<\/span><\/span><\/p>\n<p style=\"margin: 6pt 0cm 0pt 21.3pt; text-align: center; text-indent: 0cm;\" align=\"center\"><strong><span style=\"font-size: 14pt;\"><span style=\"font-family: Calibri;\">&nbsp;<\/span><\/span><\/strong><\/p>\n<p><\/body><br \/>\n<\/html><\/p>\n","protected":false},"excerpt":{"rendered":"<p>MAL\u0130YE OKULU MEZUNLARI DERNE\u011e\u0130 \u0130STANBUL \u015eUBES\u0130 &nbsp; maliyeokuluistanbul@gmail.com 0533-463-8121&nbsp; Celal \u00c7elik 0532-353-6216 Dilek Ta\u015f\u00f6ren &nbsp; TASLAK PROGRAM 09.06.2012 g\u00fcn\u00fc program\u0131 Saat 10.00-13.00 Toplanma ve otele giri\u015f Saat 14.00 \u2013 17.00 Mezunlarla barbek\u00fc Saat 20.00 \u2013 24.00 Gala yeme\u011fi &nbsp; 10.06.2012 program\u0131 Saat 08.00 \u2013 11.00 Kahvalt\u0131 11.00 \u2013 14.00 Serbest zaman 14.00 Ayr\u0131l\u0131k vakti &nbsp; [&hellip;]<\/p>\n","protected":false},"author":1,"featured_media":0,"comment_status":"open","ping_status":"open","sticky":false,"template":"","format":"standard","meta":{"_eb_attr":"","_gspb_post_css":"","_crdt_document":"","footnotes":""},"categories":[92],"tags":[],"class_list":["post-4659","post","type-post","status-publish","format-standard","hentry","category-duragan"],"blocksy_meta":[],"_links":{"self":[{"href":"https:\/\/yeni.maliyeokulu.org.tr\/index.php?rest_route=\/wp\/v2\/posts\/4659","targetHints":{"allow":["GET"]}}],"collection":[{"href":"https:\/\/yeni.maliyeokulu.org.tr\/index.php?rest_route=\/wp\/v2\/posts"}],"about":[{"href":"https:\/\/yeni.maliyeokulu.org.tr\/index.php?rest_route=\/wp\/v2\/types\/post"}],"author":[{"embeddable":true,"href":"https:\/\/yeni.maliyeokulu.org.tr\/index.php?rest_route=\/wp\/v2\/users\/1"}],"replies":[{"embeddable":true,"href":"https:\/\/yeni.maliyeokulu.org.tr\/index.php?rest_route=%2Fwp%2Fv2%2Fcomments&post=4659"}],"version-history":[{"count":0,"href":"https:\/\/yeni.maliyeokulu.org.tr\/index.php?rest_route=\/wp\/v2\/posts\/4659\/revisions"}],"wp:attachment":[{"href":"https:\/\/yeni.maliyeokulu.org.tr\/index.php?rest_route=%2Fwp%2Fv2%2Fmedia&parent=4659"}],"wp:term":[{"taxonomy":"category","embeddable":true,"href":"https:\/\/yeni.maliyeokulu.org.tr\/index.php?rest_route=%2Fwp%2Fv2%2Fcategories&post=4659"},{"taxonomy":"post_tag","embeddable":true,"href":"https:\/\/yeni.maliyeokulu.org.tr\/index.php?rest_route=%2Fwp%2Fv2%2Ftags&post=4659"}],"curies":[{"name":"wp","href":"https:\/\/api.w.org\/{rel}","templated":true}]}}