{"id":4663,"date":"2012-06-04T09:12:21","date_gmt":"2012-06-04T06:12:21","guid":{"rendered":"https:\/\/yeni.maliyeokulu.org.tr\/mezunlarmzn-etkinlikleri\/"},"modified":"2025-08-02T18:26:10","modified_gmt":"2025-08-02T15:26:10","slug":"mezunlarmzn-etkinlikleri","status":"publish","type":"post","link":"https:\/\/yeni.maliyeokulu.org.tr\/?p=4663","title":{"rendered":"Mezunlar\u0131m\u0131z\u0131n Etkinlikleri"},"content":{"rendered":"<h3 style=\"text-align: center;\">MAL\u0130YE OKULU MEZUNLARIMIZIN <br \/>KUTLAMA ETK\u0130NL\u0130KLER\u0130<\/h3>\n<p><center>{loadposition etkinlik}<\/center><\/p>\n<ul>\n<li style=\"text-align: justify;\">Maliye Okulu 1962 mezunlar\u0131m\u0131z, mezuniyetlerinin 50. Alt\u0131n Y\u0131l\u0131n\u0131 kutlamak i\u00e7in 17-18-19 May\u0131s 2012 tarihlerinde \u0130zmir&#8217;de,<\/li>\n<li style=\"text-align: justify;\">1977 mezunlar\u0131m\u0131z 35. Ye\u015fim Y\u0131l\u0131n\u0131 kutlamak i\u00e7in ayn\u0131 tarihlerde Afyon&#8217;da,<\/li>\n<li style=\"text-align: justify;\">1981 Ankara mezunlar\u0131m\u0131z 21-23 Nisan 2012 tarihlerinde Alanya&#8217;da,<\/li>\n<li style=\"text-align: justify;\">1981 \u0130zmir ve \u0130stanbul mezunlar\u0131m\u0131z 21-23 Nisan 2012 tarihlerinde Kemer&#8217;de<\/li>\n<\/ul>\n<ul>\n<li style=\"text-align: justify;\">1987 mezunlar\u0131m\u0131z 25. G\u00fcm\u00fc\u015f Y\u0131l\u0131n\u0131 30 May\u0131s-03 Haziran 2012 tarihlerinde Ayd\u0131n Ku\u015fadas\u0131&#8217;nda,<\/li>\n<li style=\"text-align: justify;\">1992 mezunlar\u0131m\u0131z 20. Z\u00fcmr\u00fct Y\u0131l\u0131n\u0131 02 Haziran 2012 tarihinde Mersin&#8217;de<\/li>\n<\/ul>\n<p style=\"text-align: justify;\">topland\u0131lar.&nbsp;<\/p>\n<p><!--more--><\/p>\n<p style=\"text-align: justify;\">Bulu\u015fmalar\u0131&nbsp; an\u0131larda tutan foto\u011fraf ve video g\u00f6r\u00fcnt\u00fcleri mezunlar\u0131m\u0131z taraf\u0131ndan Facebook ortam\u0131ndaki Maliye Okulu platformunda payla\u015f\u0131l\u0131yor.<\/p>\n<p style=\"text-align: justify;\">Kutlama programlar\u0131na t\u00fcm Maliye Okulu mezunlar\u0131 davetlidir.&nbsp;<\/p>\n<p style=\"text-align: center;\">\u221e\u00a7\u221e\u00a7\u221e\u00a7\u221e\u00a7\u221e\u00a7\u221e\u00a7\u221e\u00a7\u221e<\/p>\n","protected":false},"excerpt":{"rendered":"<p>MAL\u0130YE OKULU MEZUNLARIMIZIN KUTLAMA ETK\u0130NL\u0130KLER\u0130 {loadposition etkinlik} Maliye Okulu 1962 mezunlar\u0131m\u0131z, mezuniyetlerinin 50. Alt\u0131n Y\u0131l\u0131n\u0131 kutlamak i\u00e7in 17-18-19 May\u0131s 2012 tarihlerinde \u0130zmir&#8217;de, 1977 mezunlar\u0131m\u0131z 35. Ye\u015fim Y\u0131l\u0131n\u0131 kutlamak i\u00e7in ayn\u0131 tarihlerde Afyon&#8217;da, 1981 Ankara mezunlar\u0131m\u0131z 21-23 Nisan 2012 tarihlerinde Alanya&#8217;da, 1981 \u0130zmir ve \u0130stanbul mezunlar\u0131m\u0131z 21-23 Nisan 2012 tarihlerinde Kemer&#8217;de 1987 mezunlar\u0131m\u0131z 25. G\u00fcm\u00fc\u015f Y\u0131l\u0131n\u0131 [&hellip;]<\/p>\n","protected":false},"author":1,"featured_media":0,"comment_status":"open","ping_status":"open","sticky":false,"template":"","format":"standard","meta":{"_eb_attr":"","_gspb_post_css":"","_crdt_document":"","footnotes":""},"categories":[121],"tags":[],"class_list":["post-4663","post","type-post","status-publish","format-standard","hentry","category-haber-arsivi"],"blocksy_meta":[],"_links":{"self":[{"href":"https:\/\/yeni.maliyeokulu.org.tr\/index.php?rest_route=\/wp\/v2\/posts\/4663","targetHints":{"allow":["GET"]}}],"collection":[{"href":"https:\/\/yeni.maliyeokulu.org.tr\/index.php?rest_route=\/wp\/v2\/posts"}],"about":[{"href":"https:\/\/yeni.maliyeokulu.org.tr\/index.php?rest_route=\/wp\/v2\/types\/post"}],"author":[{"embeddable":true,"href":"https:\/\/yeni.maliyeokulu.org.tr\/index.php?rest_route=\/wp\/v2\/users\/1"}],"replies":[{"embeddable":true,"href":"https:\/\/yeni.maliyeokulu.org.tr\/index.php?rest_route=%2Fwp%2Fv2%2Fcomments&post=4663"}],"version-history":[{"count":1,"href":"https:\/\/yeni.maliyeokulu.org.tr\/index.php?rest_route=\/wp\/v2\/posts\/4663\/revisions"}],"predecessor-version":[{"id":18395,"href":"https:\/\/yeni.maliyeokulu.org.tr\/index.php?rest_route=\/wp\/v2\/posts\/4663\/revisions\/18395"}],"wp:attachment":[{"href":"https:\/\/yeni.maliyeokulu.org.tr\/index.php?rest_route=%2Fwp%2Fv2%2Fmedia&parent=4663"}],"wp:term":[{"taxonomy":"category","embeddable":true,"href":"https:\/\/yeni.maliyeokulu.org.tr\/index.php?rest_route=%2Fwp%2Fv2%2Fcategories&post=4663"},{"taxonomy":"post_tag","embeddable":true,"href":"https:\/\/yeni.maliyeokulu.org.tr\/index.php?rest_route=%2Fwp%2Fv2%2Ftags&post=4663"}],"curies":[{"name":"wp","href":"https:\/\/api.w.org\/{rel}","templated":true}]}}