{"id":4682,"date":"2012-10-16T11:24:54","date_gmt":"2012-10-16T08:24:54","guid":{"rendered":"https:\/\/yeni.maliyeokulu.org.tr\/oezel-esaslara-alnan-muekelleflere-durumun-yaz-le-bildirilmesi-zorunluluu\/"},"modified":"2012-10-16T11:24:54","modified_gmt":"2012-10-16T08:24:54","slug":"oezel-esaslara-alnan-muekelleflere-durumun-yaz-le-bildirilmesi-zorunluluu","status":"publish","type":"post","link":"https:\/\/yeni.maliyeokulu.org.tr\/?p=4682","title":{"rendered":"\u00d6zel Esaslara Al\u0131nan M\u00fckelleflere Durumun Yaz\u0131 \u0130le Bildirilmesi Zorunlulu\u011fu"},"content":{"rendered":"<p><!DOCTYPE html PUBLIC \"-\/\/W3C\/\/DTD XHTML 1.0 Transitional\/\/EN\" \"http:\/\/www.w3.org\/TR\/xhtml1\/DTD\/xhtml1-transitional.dtd\"><br \/>\n<html><br \/>\n<head><br \/>\n<\/head><br \/>\n<body><\/p>\n<p style=\"margin-top: 0px; margin-bottom: 0px; border: 0px; outline: 0px; vertical-align: baseline; font-family: tahoma; line-height: normal;\" align=\"center\"><strong style=\"margin: 0px; padding: 0px; border: 0px; outline: 0px; vertical-align: baseline;\">VERG\u0130 \u0130DARES\u0130 \u00d6ZEL ESASLARA ALDI\u011eI M\u00dcKELLEFLERE BU DURUMU YAZILI OLARAK B\u0130LD\u0130RMEK ZORUNDA MIDIR?<\/strong><\/p>\n<p style=\"margin-top: 0px; margin-bottom: 0px; border: 0px; outline: 0px; vertical-align: baseline; font-family: tahoma; line-height: normal;\"><strong style=\"margin: 0px; padding: 0px; border: 0px; outline: 0px; vertical-align: baseline;\">Dr. Mustafa ALPASLAN &nbsp; &nbsp; &nbsp; &nbsp; &nbsp; &nbsp; &nbsp; &nbsp; &nbsp; &nbsp; &nbsp; &nbsp; &nbsp; &nbsp; &nbsp; &nbsp; &nbsp; &nbsp; &nbsp; &nbsp; &nbsp; &nbsp; &nbsp; &nbsp; &nbsp; &nbsp; &nbsp; &nbsp; &nbsp;&nbsp;<\/strong><\/p>\n<p style=\"margin-top: 0px; margin-bottom: 0px; border: 0px; outline: 0px; vertical-align: baseline; font-family: tahoma; line-height: normal;\"><strong style=\"margin: 0px; padding: 0px; border: 0px; outline: 0px; vertical-align: baseline;\">SMMM<\/strong><\/p>\n<p style=\"margin-top: 0px; margin-bottom: 0px; border: 0px; outline: 0px; vertical-align: baseline; font-family: tahoma; line-height: normal;\"><strong style=\"margin: 0px; padding: 0px; border: 0px; outline: 0px; vertical-align: baseline;\"><\/strong><strong style=\"margin: 0px; padding: 0px; border: 0px; outline: 0px; vertical-align: baseline;\"><\/strong><strong style=\"margin: 0px; padding: 0px; border: 0px; outline: 0px; vertical-align: baseline;\">Eda KAYA<\/strong><\/p>\n<p style=\"margin-top: 0px; margin-bottom: 0px; border: 0px; outline: 0px; vertical-align: baseline; font-family: tahoma; line-height: normal;\"><strong style=\"margin: 0px; padding: 0px; border: 0px; outline: 0px; vertical-align: baseline;\"><\/strong><strong style=\"margin: 0px; padding: 0px; border: 0px; outline: 0px; vertical-align: baseline;\"><\/strong>Denet\u00e7i<\/p>\n<p style=\"margin-top: 0px; margin-bottom: 0px; border: 0px; outline: 0px; vertical-align: baseline; font-family: tahoma; line-height: normal;\"><strong style=\"margin: 0px; padding: 0px; border: 0px; outline: 0px; vertical-align: baseline;\">&nbsp;<\/strong><\/p>\n<p style=\"margin-top: 0px; margin-bottom: 0px; border: 0px; outline: 0px; vertical-align: baseline; font-family: tahoma; line-height: normal;\"><em style=\"margin: 0px; padding: 0px; border: 0px; outline: 0px; vertical-align: baseline;\"><strong style=\"margin: 0px; padding: 0px; border: 0px; outline: 0px; vertical-align: baseline;\">(VERG\u0130C\u0130 VE MUHASEBEC\u0130YLE &nbsp;D\u0130YALOG DERG\u0130S\u0130, SAYI:294, EK\u0130M 2012 SAYISINDA YAYINLANMI\u015eTIR)<\/strong><\/em><\/p>\n<p style=\"margin-top: 0px; margin-bottom: 0px; border: 0px; outline: 0px; vertical-align: baseline; font-family: tahoma; line-height: normal;\">\u00d6nceki ad\u0131yla KOD uygulamas\u0131, yeni&nbsp; versiyonu ile \u00f6zel esaslar&nbsp; uygulamas\u0131&nbsp; 2010\/2 say\u0131l\u0131&nbsp; uygulama i\u00e7 genelgesi ile devam ettirilmektedir.<a style=\"margin: 0px; padding: 0px; border: 0px; outline: 0px; vertical-align: baseline; color: #333333;\" title=\"\" href=\"file:\/\/\/C:\/Documents%20and%20Settings\/Administrator\/Desktop\/2009-2012%20MAKALELER\/VERG%C4%B0%20%C4%B0DARES%C4%B0%20%C3%96ZEL%20ESASLARA%20ALDI%C4%9EI%20M%C3%9CKELLEFLERE%20BU%20DURUMU%20YAZILI%20OLARAK%20B%C4%B0LD%C4%B0RMEK%20ZORUNDA%20MIDIR.doc#_ftn1\">[1]<\/a>&nbsp; Uygulamada bir\u00e7ok&nbsp; vergi m\u00fckellefi, kendisinin&nbsp; \u00f6zel&nbsp; esaslara&nbsp; al\u0131nd\u0131\u011f\u0131n\u0131 bir \u015fekilde \u00f6\u011frenebilmektedir.<a style=\"margin: 0px; padding: 0px; border: 0px; outline: 0px; vertical-align: baseline; color: #333333;\" title=\"\" href=\"file:\/\/\/C:\/Documents%20and%20Settings\/Administrator\/Desktop\/2009-2012%20MAKALELER\/VERG%C4%B0%20%C4%B0DARES%C4%B0%20%C3%96ZEL%20ESASLARA%20ALDI%C4%9EI%20M%C3%9CKELLEFLERE%20BU%20DURUMU%20YAZILI%20OLARAK%20B%C4%B0LD%C4%B0RMEK%20ZORUNDA%20MIDIR.doc#_ftn2\">[2]<\/a>&nbsp; \u00d6zel&nbsp; esaslara al\u0131nan m\u00fckellefler hakk\u0131nda&nbsp; idarenin&nbsp; bu durumu&nbsp;&nbsp; m\u00fckellefe yaz\u0131l\u0131 olarak&nbsp; tebli\u011f etmesi zorunludur.&nbsp; \u00c7\u00fcnk\u00fc, m\u00fckellefin vergi idaresi taraf\u0131ndan \u00f6zel&nbsp; esaslara al\u0131nd\u0131\u011f\u0131n\u0131n&nbsp; m\u00fckellefe &nbsp;tebli\u011f edilmemesi halinde&nbsp; telafisi g\u00fc\u00e7 ve tamiri imkans\u0131z maddi ve manevi bir\u00e7ok zararlara&nbsp; u\u011framas\u0131 olas\u0131d\u0131r.<\/p>\n<p style=\"margin-top: 0px; margin-bottom: 0px; border: 0px; outline: 0px; vertical-align: baseline; font-family: tahoma; line-height: normal;\">Mevcut uygulamalara g\u00f6re&nbsp; sahte veya muhteviyat\u0131 itibariyle yan\u0131lt\u0131c\u0131&nbsp; fatura d\u00fczenleyen bir m\u00fckellef hakk\u0131nda vergi incelemesi&nbsp; sonucu&nbsp; hem&nbsp; vergi inceleme raporu ve hem de&nbsp; \u201cteknik rapor\u201d diye adland\u0131r\u0131lan&nbsp; VTR (vergi tekni\u011fi raporu) &nbsp;d\u00fczenlenmektedir.&nbsp;&nbsp; Bu teknik rapora g\u00f6re sahte fatura d\u00fczenleyen firmadan&nbsp;&nbsp; fatura alan b\u00fct\u00fcn m\u00fckelleflerin&nbsp; ba\u011fl\u0131 bulundu\u011fu vergi daireleri taraf\u0131ndan&nbsp; kullan\u0131c\u0131 durumunda olan bu&nbsp; m\u00fckelleflere cezal\u0131 tarhiyatlar yap\u0131labilmektedir.&nbsp; Ya da bu kullan\u0131c\u0131 durumunda olan&nbsp; m\u00fckelleflerin ilgili&nbsp; vergi daireleri&nbsp; m\u00fckellefleri telefonla arayarak ilgili KDV beyannamelerini d\u00fczeltmeleri istenmektedir.<a style=\"margin: 0px; padding: 0px; border: 0px; outline: 0px; vertical-align: baseline; color: #333333;\" title=\"\" href=\"file:\/\/\/C:\/Documents%20and%20Settings\/Administrator\/Desktop\/2009-2012%20MAKALELER\/VERG%C4%B0%20%C4%B0DARES%C4%B0%20%C3%96ZEL%20ESASLARA%20ALDI%C4%9EI%20M%C3%9CKELLEFLERE%20BU%20DURUMU%20YAZILI%20OLARAK%20B%C4%B0LD%C4%B0RMEK%20ZORUNDA%20MIDIR.doc#_ftn3\">[3]<\/a>&nbsp;Kimi zaman bu&nbsp; d\u00fczeltme ile ilgili&nbsp; yaz\u0131&nbsp; ilgili vergi dairelerinden kullan\u0131c\u0131&nbsp; m\u00fckelleflere yaz\u0131l\u0131 olarak da tebli\u011f edilebilmektedir.&nbsp;<a style=\"margin: 0px; padding: 0px; border: 0px; outline: 0px; vertical-align: baseline; color: #333333;\" title=\"\" href=\"file:\/\/\/C:\/Documents%20and%20Settings\/Administrator\/Desktop\/2009-2012%20MAKALELER\/VERG%C4%B0%20%C4%B0DARES%C4%B0%20%C3%96ZEL%20ESASLARA%20ALDI%C4%9EI%20M%C3%9CKELLEFLERE%20BU%20DURUMU%20YAZILI%20OLARAK%20B%C4%B0LD%C4%B0RMEK%20ZORUNDA%20MIDIR.doc#_ftn4\">[4]<\/a><\/p>\n<p style=\"margin-top: 0px; margin-bottom: 0px; border: 0px; outline: 0px; vertical-align: baseline; font-family: tahoma; line-height: normal;\">KOD\u2019a giren&nbsp; m\u00fckellef, (gerek kullan\u0131c\u0131 olarak ve gerekse d\u00fczenleyici olarak) KOD\u2019dan \u00e7\u0131kmas\u0131&nbsp;&nbsp; olduk\u00e7a&nbsp; g\u00fc\u00e7 ve bir\u00e7ok m\u00fccadele vermesi gereken&nbsp;&nbsp; i\u015flemlere maruz kalabilmektedir.&nbsp; KOD\u2019a giren \u015firketlerin&nbsp; ticari itibarlar\u0131 zedelendi gibi piyasada hem m\u00fc\u015fteri kaybetmekte ve hem de ticari prestiji \u00f6nemli \u00f6l\u00e7\u00fcde&nbsp; zedelenmektedir.<\/p>\n<p style=\"margin-top: 0px; margin-bottom: 0px; border: 0px; outline: 0px; vertical-align: baseline; font-family: tahoma; line-height: normal;\"><strong style=\"margin: 0px; padding: 0px; border: 0px; outline: 0px; vertical-align: baseline;\">\u00d6zel Esaslara Alma (KOD 4 veya 5\u2019e D\u00fc\u015fme) \u0130\u015flemi Nedir?<\/strong><\/p>\n<p style=\"margin-top: 0px; margin-bottom: 0px; border: 0px; outline: 0px; vertical-align: baseline; font-family: tahoma; line-height: normal;\">Bilindi\u011fi gibi, sahte ve muhteviyat\u0131 itibariyle yan\u0131lt\u0131c\u0131 belge (SM\u0130YB) kullan\u0131lmas\u0131 veya d\u00fczenlenmesi fiilleri ile do\u011frudan veya dolayl\u0131 olarak ilgisi&nbsp; bulunan m\u00fckelleflerin KDV iade talepleri 84 KDV Tebli\u011fi&nbsp; kapsam\u0131nda ve \u201c\u00f6zel esaslar\u201d b\u00f6l\u00fcm\u00fcnde yap\u0131lan a\u00e7\u0131klamalar&nbsp; \u00e7er\u00e7evesinde yerine getirilmektedir.<a style=\"margin: 0px; padding: 0px; border: 0px; outline: 0px; vertical-align: baseline; color: #333333;\" title=\"\" href=\"file:\/\/\/C:\/Documents%20and%20Settings\/Administrator\/Desktop\/2009-2012%20MAKALELER\/VERG%C4%B0%20%C4%B0DARES%C4%B0%20%C3%96ZEL%20ESASLARA%20ALDI%C4%9EI%20M%C3%9CKELLEFLERE%20BU%20DURUMU%20YAZILI%20OLARAK%20B%C4%B0LD%C4%B0RMEK%20ZORUNDA%20MIDIR.doc#_ftn5\">[5]<\/a><\/p>\n<p style=\"margin-top: 0px; margin-bottom: 0px; border: 0px; outline: 0px; vertical-align: baseline; font-family: tahoma; line-height: normal;\">1.1.2010 tarihinden itibaren&nbsp; KDV iadelerinde merkezi&nbsp; otorizasyon \u00fczerinde 53 Seri Nolu KDV Sirk\u00fclerine g\u00f6re elektronik ortamda KDV iadesi talep etme uygulamas\u0131&nbsp; ba\u015flam\u0131\u015ft\u0131r. Burada, elektronik ortamda 53 S\u0131ra Nolu KDV Sirk\u00fcleri&nbsp; gere\u011fince i\u015flem yap\u0131lmaktad\u0131r.<\/p>\n<p style=\"margin-top: 0px; margin-bottom: 0px; border: 0px; outline: 0px; vertical-align: baseline; font-family: tahoma; line-height: normal;\">Maliye Bakanl\u0131\u011f\u0131 taraf\u0131ndan&nbsp; 7\/1\/2010 tarihinde yay\u0131mlanan 53 Seri Nolu KDV Sirk\u00fclerinin uygulamaya konulmas\u0131ndan sonra&nbsp; yakla\u015f\u0131k 8 ay ge\u00e7mi\u015ftir.&nbsp; \u0130nternet vergi dairesi sistemine konulan&nbsp; yeni iade&nbsp; mekanizmas\u0131 ile beraber&nbsp; bilhassa imalat\u00e7\u0131lar y\u00f6n\u00fcnden&nbsp; iade istenmesi i\u015flemleri&nbsp; zorla\u015ft\u0131r\u0131lm\u0131\u015ft\u0131r.<\/p>\n<p style=\"margin-top: 0px; margin-bottom: 0px; border: 0px; outline: 0px; vertical-align: baseline; font-family: tahoma; line-height: normal;\">Maliye Bakanl\u0131\u011f\u0131, Gelir \u0130daresi Ba\u015fkanl\u0131\u011f\u0131&nbsp; taraf\u0131ndan&nbsp; 2010\/2 say\u0131l\u0131 KDV \u0130\u00e7 Genelgesi yay\u0131nlanm\u0131\u015ft\u0131r.&nbsp; Bu i\u00e7 genelgeye g\u00f6re&nbsp; \u00f6zel esaslardan genel esaslara&nbsp; ge\u00e7i\u015f&nbsp; ile ilgili konulara a\u00e7\u0131kl\u0131k getirilmi\u015ftir. S\u00f6z konusu genelgede&nbsp; idarenin kendi i\u00e7 b\u00fcnyesel i\u015flemleri ayr\u0131nt\u0131l\u0131 olarak&nbsp; a\u00e7\u0131klanm\u0131\u015ft\u0131r.&nbsp; Bu genelge 2010 y\u0131l\u0131ndan itibaren sahte fatura d\u00fczenleyen&nbsp; ve kullananlar bak\u0131m\u0131ndan&nbsp; genel ve \u00f6zel esaslar\u0131 yeniden d\u00fczenlemi\u015ftir. \u00d6zellikle \u00f6zel esaslardan&nbsp; genel esaslara ge\u00e7i\u015fler, haklar\u0131nda KDV a\u00e7\u0131s\u0131ndan ihtiyati tahakkuk ve ihtiyati haciz uygulanan m\u00fckelleflerle ilgili a\u00e7\u0131klamalara yer&nbsp; verilmi\u015ftir.&nbsp; 2010 y\u0131l\u0131 \u00f6ncesi&nbsp; uygulanmakta olan&nbsp; KOD\u2019a&nbsp; giri\u015f ve \u00e7\u0131k\u0131\u015flar 2010 y\u0131l\u0131ndan sonra&nbsp; yeni bir sisteme entegre edilmeye \u00e7al\u0131\u015f\u0131lmaktad\u0131r.&nbsp;<a style=\"margin: 0px; padding: 0px; border: 0px; outline: 0px; vertical-align: baseline; color: #333333;\" title=\"\" href=\"file:\/\/\/C:\/Documents%20and%20Settings\/Administrator\/Desktop\/2009-2012%20MAKALELER\/VERG%C4%B0%20%C4%B0DARES%C4%B0%20%C3%96ZEL%20ESASLARA%20ALDI%C4%9EI%20M%C3%9CKELLEFLERE%20BU%20DURUMU%20YAZILI%20OLARAK%20B%C4%B0LD%C4%B0RMEK%20ZORUNDA%20MIDIR.doc#_ftn6\">[6]<\/a><\/p>\n<p style=\"margin-top: 0px; margin-bottom: 0px; border: 0px; outline: 0px; vertical-align: baseline; font-family: tahoma; line-height: normal;\">Sahte fatura kullananlar ve d\u00fczenleyenlerle ilgili olarak temelde KDV Genel Tebli\u011fi 84 baz al\u0131nm\u0131\u015ft\u0131r. Bu tebli\u011fe dayal\u0131 olarak&nbsp; inceleme s\u0131ras\u0131nda sahte fatura kullananlar ve d\u00fczenleyenlerle ilgili olarak inceleme elemanlar\u0131 taraf\u0131ndan yap\u0131lmas\u0131 gerekli&nbsp; i\u015flemler&nbsp; ve d\u00fczenlenecek&nbsp; formlar\u0131n d\u00fczenleni\u015f \u015fekli a\u00e7\u0131klanmaktad\u0131r.<a style=\"margin: 0px; padding: 0px; border: 0px; outline: 0px; vertical-align: baseline; color: #333333;\" title=\"\" href=\"file:\/\/\/C:\/Documents%20and%20Settings\/Administrator\/Desktop\/2009-2012%20MAKALELER\/VERG%C4%B0%20%C4%B0DARES%C4%B0%20%C3%96ZEL%20ESASLARA%20ALDI%C4%9EI%20M%C3%9CKELLEFLERE%20BU%20DURUMU%20YAZILI%20OLARAK%20B%C4%B0LD%C4%B0RMEK%20ZORUNDA%20MIDIR.doc#_ftn7\">[7]<\/a><\/p>\n<p style=\"margin-top: 0px; margin-bottom: 0px; border: 0px; outline: 0px; vertical-align: baseline; font-family: tahoma; line-height: normal;\">Vergi inceleme elemanlar\u0131 taraf\u0131ndan, inceleme s\u0131ras\u0131nda sahte fatura kulland\u0131\u011f\u0131 tespit edilen&nbsp; m\u00fckelleflerle ilgili olarak&nbsp;<strong style=\"margin: 0px; padding: 0px; border: 0px; outline: 0px; vertical-align: baseline;\">\u201cvergi inceleme raporlar\u0131na eklenecek \u00f6zel esaslara tabi olacak m\u00fckelleflere ili\u015fkin tablo\u201d<\/strong>eklenmektedir.&nbsp; Bu tabloda \u00f6zel esaslar tablosu&nbsp; bulunmaktad\u0131r.&nbsp; Burada rapora ili\u015fkin bilgilere yer verilmi\u015ftir. Raporu d\u00fczenleyenin ad\u0131 soyad\u0131, unvan\u0131, raporun tarih ve numaras\u0131, raporun ait oldu\u011fu d\u00f6nemler, raporun t\u00fcr\u00fc,&nbsp;&nbsp; vergi t\u00fcr\u00fc ve tarhiyat tutar\u0131,&nbsp; sahte veya muhteviyat\u0131 itibariyle yan\u0131lt\u0131c\u0131 belge&nbsp; d\u00fczenlenen d\u00f6nemler,&nbsp; yine SM\u0130YB kullan\u0131lan d\u00f6nemler yer almaktad\u0131r.&nbsp; Daha sonra hakk\u0131nda rapor d\u00fczenlenen m\u00fckellefe ili\u015fkin bilgiler,&nbsp; rapora dayanarak \u00f6zel esaslar kapsam\u0131na al\u0131nacak m\u00fckellefler, SM\u0130YB d\u00fczenleme raporlar\u0131nda; hakk\u0131nda rapor d\u00fczenlenen m\u00fckellefin ortaklar\u0131&nbsp; ve kanuni temsilcileri ile kurdu\u011fu veya ortak oldu\u011fu di\u011fer firmalar (1.seviye) olarak yer almaktad\u0131r.&nbsp; Ve en son olarak ise bu tablonun alt\u0131nda 1. seviye kapsam\u0131ndakilerin kurduklar\u0131&nbsp; veya ortak olduklar\u0131 firmalar 2. seviye bazl\u0131&nbsp; tablo halinde ad\u0131 soyad\u0131, unvan\u0131, TC no, vergi no,&nbsp; vergi dairesi, ve ili\u015fki t\u00fcr\u00fc&nbsp; bulunmaktad\u0131r.<a style=\"margin: 0px; padding: 0px; border: 0px; outline: 0px; vertical-align: baseline; color: #333333;\" title=\"\" href=\"file:\/\/\/C:\/Documents%20and%20Settings\/Administrator\/Desktop\/2009-2012%20MAKALELER\/VERG%C4%B0%20%C4%B0DARES%C4%B0%20%C3%96ZEL%20ESASLARA%20ALDI%C4%9EI%20M%C3%9CKELLEFLERE%20BU%20DURUMU%20YAZILI%20OLARAK%20B%C4%B0LD%C4%B0RMEK%20ZORUNDA%20MIDIR.doc#_ftn8\">[8]<\/a><\/p>\n<p style=\"margin-top: 0px; margin-bottom: 0px; border: 0px; outline: 0px; vertical-align: baseline; font-family: tahoma; line-height: normal;\">\u00d6zet olarak,&nbsp; sahte fatura d\u00fczenlenmesi veya kullan\u0131lmas\u0131 ile ilgili olarak KOD uygulamas\u0131 sonlanm\u0131\u015ft\u0131r. Bunun yerine&nbsp;<strong style=\"margin: 0px; padding: 0px; border: 0px; outline: 0px; vertical-align: baseline;\">\u201cKDV \u0130adesi Risk Analizi Projesi\u201d<\/strong>&nbsp;kapsam\u0131nda&nbsp; yeni bir uygulama ba\u015flam\u0131\u015ft\u0131r. Di\u011fer taraftan, d\u00fczenlenen&nbsp; vergi inceleme raporlar\u0131na&nbsp; ek 1 diye adland\u0131r\u0131lan&nbsp; ve iki sayfadan olu\u015fan&nbsp; \u00f6zel esaslara ge\u00e7i\u015fe ili\u015fkin bir tablo&nbsp; eklenmektedir.&nbsp; Bu tablo&nbsp; vergi inceleme raporlar\u0131n\u0131n ekinde&nbsp; yer almaktad\u0131r.<a style=\"margin: 0px; padding: 0px; border: 0px; outline: 0px; vertical-align: baseline; color: #333333;\" title=\"\" href=\"file:\/\/\/C:\/Documents%20and%20Settings\/Administrator\/Desktop\/2009-2012%20MAKALELER\/VERG%C4%B0%20%C4%B0DARES%C4%B0%20%C3%96ZEL%20ESASLARA%20ALDI%C4%9EI%20M%C3%9CKELLEFLERE%20BU%20DURUMU%20YAZILI%20OLARAK%20B%C4%B0LD%C4%B0RMEK%20ZORUNDA%20MIDIR.doc#_ftn9\">[9]<\/a><\/p>\n<p style=\"margin-top: 0px; margin-bottom: 0px; border: 0px; outline: 0px; vertical-align: baseline; font-family: tahoma; line-height: normal;\">Di\u011fer yandan, haklar\u0131nda olumsuz tespitlere veya ihtiyati tahakkuk ve hacze&nbsp; ili\u015fkin&nbsp; ayr\u0131 bir tabloda (EK:2 olumsuz tespitlere ili\u015fkin bildirim formu) bu m\u00fckellefler internet ortam\u0131nda yer alacakt\u0131r.<\/p>\n<p style=\"margin-top: 0px; margin-bottom: 0px; border: 0px; outline: 0px; vertical-align: baseline; font-family: tahoma; line-height: normal;\">Ek 3 olarak ise,&nbsp;<strong style=\"margin: 0px; padding: 0px; border: 0px; outline: 0px; vertical-align: baseline;\">\u201chakk\u0131nda olumsuz rapor veya tespit bulunanlardan&nbsp; mal\/hizmet alanlara ait form\u201d<\/strong>&nbsp;yer alm\u0131\u015ft\u0131r.&nbsp; Bu form&nbsp; gere\u011fince olumsuz rapor veya tespit bulunanlardan mal alanlar\u0131n&nbsp; bildirimi ile ilgili&nbsp; ayr\u0131nt\u0131l\u0131 tablo d\u00fczenlenmi\u015ftir.<\/p>\n<p style=\"margin-top: 0px; margin-bottom: 0px; border: 0px; outline: 0px; vertical-align: baseline; font-family: tahoma; line-height: normal;\">Son olarak, ek 4 form&nbsp;<strong style=\"margin: 0px; padding: 0px; border: 0px; outline: 0px; vertical-align: baseline;\">\u201c\u00f6zel&nbsp; esaslardan \u00e7\u0131k\u0131\u015f yaz\u0131s\u0131\u201d<\/strong>&nbsp;olup, bu form \u00f6zel esaslardan genel esaslara ge\u00e7i\u015fi g\u00f6steren&nbsp; ve 84 Nolu Tebli\u011fin 2. b\u00f6l\u00fcm\u00fcnde belirtilen olumsuz durumlar nedeniyle&nbsp;<strong style=\"margin: 0px; padding: 0px; border: 0px; outline: 0px; vertical-align: baseline;\">\u201c\u00f6zel esaslara tabi\u201d<\/strong>tutulan&nbsp; m\u00fckellefin genel esaslara d\u00f6n\u00fc\u015f\u00fcn\u00fc temin etmektedir.<\/p>\n<p style=\"margin-top: 0px; margin-bottom: 0px; border: 0px; outline: 0px; vertical-align: baseline; font-family: tahoma; line-height: normal;\">\u00d6zel esaslardan \u00e7\u0131k\u0131\u015f yaz\u0131s\u0131nda 3 adet s\u00fctun&nbsp; yer alm\u0131\u015ft\u0131r.&nbsp; Bu s\u00fctunlarda \u00e7\u0131k\u0131\u015fla ilgili&nbsp; olumsuz raporda yer alan&nbsp;&nbsp; vergi, ceza, gecikme zamm\u0131 ve faizlerin \u00f6denip\/\u00f6denmedi\u011fi, teminat g\u00f6sterilip\/g\u00f6sterilmedi\u011fi, en son d\u00fczenlenen olumsuz raporun ilgili oldu\u011fu d\u00f6nemden&nbsp;&nbsp; itibaren&nbsp; (5) y\u0131ll\u0131k tarh zamana\u015f\u0131m\u0131 kadarl\u0131k bir s\u00fcre ge\u00e7ip\/ge\u00e7medi\u011fi gibi bilgiler yer almaktad\u0131r.&nbsp;<a style=\"margin: 0px; padding: 0px; border: 0px; outline: 0px; vertical-align: baseline; color: #333333;\" title=\"\" href=\"file:\/\/\/C:\/Documents%20and%20Settings\/Administrator\/Desktop\/2009-2012%20MAKALELER\/VERG%C4%B0%20%C4%B0DARES%C4%B0%20%C3%96ZEL%20ESASLARA%20ALDI%C4%9EI%20M%C3%9CKELLEFLERE%20BU%20DURUMU%20YAZILI%20OLARAK%20B%C4%B0LD%C4%B0RMEK%20ZORUNDA%20MIDIR.doc#_ftn10\">[10]<\/a><\/p>\n<p style=\"margin-top: 0px; margin-bottom: 0px; border: 0px; outline: 0px; vertical-align: baseline; font-family: tahoma; line-height: normal;\">\u00d6te yandan, mahkeme karar\u0131na dayal\u0131 olarak&nbsp;<strong style=\"margin: 0px; padding: 0px; border: 0px; outline: 0px; vertical-align: baseline;\">\u201cgenel esaslara ge\u00e7me talebi\u201d<\/strong>&nbsp;olanlar i\u00e7in ise, bu&nbsp; konuda&nbsp; ne gibi i\u015flem yap\u0131laca\u011f\u0131 konusunda a\u00e7\u0131kl\u0131k&nbsp; bulunmamaktad\u0131r.&nbsp;&nbsp; Sahte fatura kulland\u0131\u011f\u0131 iddias\u0131yla kendisine tarhiyat yap\u0131lan m\u00fckellefler bu durumu&nbsp; inceleme raporuna ekli tablodan (EK:1-Tablo)&nbsp; \u00f6\u011frenir \u00f6\u011frenmez ilgili vergi dairesini muhatap alarak&nbsp; vergi mahkemesinde dava a\u00e7ma haklar\u0131 vard\u0131r.<a style=\"margin: 0px; padding: 0px; border: 0px; outline: 0px; vertical-align: baseline; color: #333333;\" title=\"\" href=\"file:\/\/\/C:\/Documents%20and%20Settings\/Administrator\/Desktop\/2009-2012%20MAKALELER\/VERG%C4%B0%20%C4%B0DARES%C4%B0%20%C3%96ZEL%20ESASLARA%20ALDI%C4%9EI%20M%C3%9CKELLEFLERE%20BU%20DURUMU%20YAZILI%20OLARAK%20B%C4%B0LD%C4%B0RMEK%20ZORUNDA%20MIDIR.doc#_ftn11\">[11]<\/a>&nbsp;&nbsp;Burada raporun ekindeki&nbsp; \u00f6zel esaslara ge\u00e7i\u015f tablosunun rapor ile m\u00fckellefe tebli\u011f tarihinden itibaren&nbsp; 30 g\u00fcn i\u00e7erisinde dava a\u00e7\u0131lmas\u0131 ve y\u00fcr\u00fctmenin durdurulmas\u0131 talep edilmelidir.<a style=\"margin: 0px; padding: 0px; border: 0px; outline: 0px; vertical-align: baseline; color: #333333;\" title=\"\" href=\"file:\/\/\/C:\/Documents%20and%20Settings\/Administrator\/Desktop\/2009-2012%20MAKALELER\/VERG%C4%B0%20%C4%B0DARES%C4%B0%20%C3%96ZEL%20ESASLARA%20ALDI%C4%9EI%20M%C3%9CKELLEFLERE%20BU%20DURUMU%20YAZILI%20OLARAK%20B%C4%B0LD%C4%B0RMEK%20ZORUNDA%20MIDIR.doc#_ftn12\">[12]<\/a>&nbsp; 2010 y\u0131l\u0131ndan \u00f6nceki KOD uygulamas\u0131nda&nbsp; KOD 4 yada 5\u2019e al\u0131nan&nbsp; m\u00fckellefler&nbsp; vergi mahkemelerinde veya&nbsp; s\u00f6z konusu&nbsp; tebli\u011f esas al\u0131narak Dan\u0131\u015ftay da dava a\u00e7t\u0131klar\u0131 g\u00f6r\u00fclm\u00fc\u015ft\u00fcr.<a style=\"margin: 0px; padding: 0px; border: 0px; outline: 0px; vertical-align: baseline; color: #333333;\" title=\"\" href=\"file:\/\/\/C:\/Documents%20and%20Settings\/Administrator\/Desktop\/2009-2012%20MAKALELER\/VERG%C4%B0%20%C4%B0DARES%C4%B0%20%C3%96ZEL%20ESASLARA%20ALDI%C4%9EI%20M%C3%9CKELLEFLERE%20BU%20DURUMU%20YAZILI%20OLARAK%20B%C4%B0LD%C4%B0RMEK%20ZORUNDA%20MIDIR.doc#_ftn13\">[13]<\/a>&nbsp;Bu m\u00fckellefler, sahte fatura kullananlarla ilgili&nbsp;&nbsp; KOD uygulamas\u0131n\u0131 iptal&nbsp; ettirmi\u015flerdir.<a style=\"margin: 0px; padding: 0px; border: 0px; outline: 0px; vertical-align: baseline; color: #333333;\" title=\"\" href=\"file:\/\/\/C:\/Documents%20and%20Settings\/Administrator\/Desktop\/2009-2012%20MAKALELER\/VERG%C4%B0%20%C4%B0DARES%C4%B0%20%C3%96ZEL%20ESASLARA%20ALDI%C4%9EI%20M%C3%9CKELLEFLERE%20BU%20DURUMU%20YAZILI%20OLARAK%20B%C4%B0LD%C4%B0RMEK%20ZORUNDA%20MIDIR.doc#_ftn14\">[14]<\/a><\/p>\n<p style=\"margin-top: 0px; margin-bottom: 0px; border: 0px; outline: 0px; vertical-align: baseline; font-family: tahoma; line-height: normal;\">A\u00e7\u0131lan bir dava dolay\u0131s\u0131yla&nbsp; KOD uygulamas\u0131&nbsp; nedeniyle KOD 4\u2019e al\u0131nan \u015firket, Dan\u0131\u015ftay 3. Dairesi taraf\u0131ndan Maliye Bakanl\u0131\u011f\u0131n\u0131n bu&nbsp; uygulamas\u0131 hakk\u0131nda&nbsp; y\u00fcr\u00fctmenin durdurulmas\u0131na karar&nbsp; verilmi\u015ftir.&nbsp; Karar Dan\u0131\u015ftay 3. Dairesinin E:2009\/6111 say\u0131l\u0131 karar\u0131 ile&nbsp; durdurulmu\u015ftur. Bu&nbsp; \u00e7er\u00e7evede maliye idaresi&nbsp; s\u00f6z konusu&nbsp; m\u00fckellef hakk\u0131nda yapm\u0131\u015f oldu\u011fu&nbsp; uygulamalar\u0131 kald\u0131rm\u0131\u015ft\u0131r.&nbsp; Konuyla ilgili olarak Maliye Bakanl\u0131\u011f\u0131&nbsp; Gelir \u0130daresi Ba\u015fkanl\u0131\u011f\u0131 taraf\u0131ndan 9\/6\/2010 g\u00fcn ve 1013 say\u0131l\u0131 yaz\u0131 ile&nbsp; m\u00fckellef Form 21 ile EVDO sistemi \u00fczerinden KOD\u2019dan \u00e7\u0131kart\u0131lm\u0131\u015ft\u0131r.<a style=\"margin: 0px; padding: 0px; border: 0px; outline: 0px; vertical-align: baseline; color: #333333;\" title=\"\" href=\"file:\/\/\/C:\/Documents%20and%20Settings\/Administrator\/Desktop\/2009-2012%20MAKALELER\/VERG%C4%B0%20%C4%B0DARES%C4%B0%20%C3%96ZEL%20ESASLARA%20ALDI%C4%9EI%20M%C3%9CKELLEFLERE%20BU%20DURUMU%20YAZILI%20OLARAK%20B%C4%B0LD%C4%B0RMEK%20ZORUNDA%20MIDIR.doc#_ftn15\">[15]<\/a><\/p>\n<p style=\"margin-top: 0px; margin-bottom: 0px; border: 0px; outline: 0px; vertical-align: baseline; font-family: tahoma; line-height: normal;\">Yine a\u00e7\u0131lan bir ba\u015fka davada ise,&nbsp; Dan\u0131\u015ftay 3. Dairesi&nbsp; taraf\u0131ndan verilen kararda; KOD\u2019dan \u00e7\u0131kar\u0131lmayan bir m\u00fckellefin tazminat talep edece\u011fine h\u00fckmedilmi\u015ftir.<a style=\"margin: 0px; padding: 0px; border: 0px; outline: 0px; vertical-align: baseline; color: #333333;\" title=\"\" href=\"file:\/\/\/C:\/Documents%20and%20Settings\/Administrator\/Desktop\/2009-2012%20MAKALELER\/VERG%C4%B0%20%C4%B0DARES%C4%B0%20%C3%96ZEL%20ESASLARA%20ALDI%C4%9EI%20M%C3%9CKELLEFLERE%20BU%20DURUMU%20YAZILI%20OLARAK%20B%C4%B0LD%C4%B0RMEK%20ZORUNDA%20MIDIR.doc#_ftn16\">[16]<\/a>&nbsp; An\u0131lan kararda:&nbsp;<strong style=\"margin: 0px; padding: 0px; border: 0px; outline: 0px; vertical-align: baseline;\">\u201cKOD\u2019dan \u00e7\u0131kar\u0131lmas\u0131,&nbsp; \u00e7\u0131kar\u0131lmas\u0131n\u0131n&nbsp; m\u00fcmk\u00fcn g\u00f6r\u00fclmemesi halinde&nbsp; sebep ve yasal&nbsp; dayanaklar\u0131n\u0131n bildirilmesini talep eden&nbsp; m\u00fckellefin, bu talebinin vergi dairesince yerine getirilmemesi halinde manevi tazminata h\u00fckmedilebilece\u011fi\u201d<\/strong>&nbsp;\u015feklinde karar verilmi\u015ftir.<\/p>\n<div style=\"border: 0px; outline: 0px; vertical-align: baseline; font-family: tahoma; line-height: normal;\"><br clear=\"all\" \/><\/p>\n<hr style=\"border-width: 1px 0px 0px; border-top-style: solid; border-top-color: #cfcfcf;\" align=\"left\" size=\"1\" width=\"33%\" \/>\n<div style=\"border: 0px; outline: 0px; vertical-align: baseline;\">\n<p style=\"margin-top: 0px; margin-bottom: 0px; border: 0px; outline: 0px; vertical-align: baseline;\"><a style=\"margin: 0px; padding: 0px; border: 0px; outline: 0px; vertical-align: baseline; color: #333333;\" title=\"\" href=\"file:\/\/\/C:\/Documents%20and%20Settings\/Administrator\/Desktop\/2009-2012%20MAKALELER\/VERG%C4%B0%20%C4%B0DARES%C4%B0%20%C3%96ZEL%20ESASLARA%20ALDI%C4%9EI%20M%C3%9CKELLEFLERE%20BU%20DURUMU%20YAZILI%20OLARAK%20B%C4%B0LD%C4%B0RMEK%20ZORUNDA%20MIDIR.doc#_ftnref1\">[1]<\/a>&nbsp;KOD uygulamas\u0131 2010 y\u0131l\u0131ndan itibaren&nbsp; bir i\u00e7 genelge ile 2010\/2&nbsp; \u00f6zel esaslara alma \u015feklinde yeniden d\u00fczenlenmi\u015ftir.<\/p>\n<\/div>\n<div style=\"border: 0px; outline: 0px; vertical-align: baseline;\">\n<p style=\"margin-top: 0px; margin-bottom: 0px; border: 0px; outline: 0px; vertical-align: baseline;\"><a style=\"margin: 0px; padding: 0px; border: 0px; outline: 0px; vertical-align: baseline; color: #333333;\" title=\"\" href=\"file:\/\/\/C:\/Documents%20and%20Settings\/Administrator\/Desktop\/2009-2012%20MAKALELER\/VERG%C4%B0%20%C4%B0DARES%C4%B0%20%C3%96ZEL%20ESASLARA%20ALDI%C4%9EI%20M%C3%9CKELLEFLERE%20BU%20DURUMU%20YAZILI%20OLARAK%20B%C4%B0LD%C4%B0RMEK%20ZORUNDA%20MIDIR.doc#_ftnref2\">[2]<\/a>&nbsp;\u00d6zel esaslara alma i\u015flemi genellikle m\u00fckelleflerin g\u0131yab\u0131nda idarenin kendi uygulad\u0131\u011f\u0131 bir i\u00e7 i\u015flemdir.&nbsp; M\u00fckellefler bu durumu&nbsp; \u00e7e\u015fitli&nbsp; \u015fekillerde \u00f6\u011frenebilirler. \u00d6rne\u011fin, mal satt\u0131\u011f\u0131 firmalardan gelen \u015fikayetler \u00fczerine \u00f6\u011frenebilir.&nbsp; Ya da&nbsp; ba\u011fl\u0131&nbsp; bulundu\u011fu vergi dairesi taraf\u0131ndan bir \u015fekilde bu&nbsp; m\u00fckelleflere&nbsp; KOD\u2019a girdi\u011fi&nbsp; \u00f6\u011frenilebilir.&nbsp; Veya&nbsp; vergi inceleme raporlar\u0131n\u0131n&nbsp; ekindeki&nbsp; tablodan&nbsp; muttali olabilirler.<\/p>\n<\/div>\n<div style=\"border: 0px; outline: 0px; vertical-align: baseline;\">\n<p style=\"margin-top: 0px; margin-bottom: 0px; border: 0px; outline: 0px; vertical-align: baseline;\"><a style=\"margin: 0px; padding: 0px; border: 0px; outline: 0px; vertical-align: baseline; color: #333333;\" title=\"\" href=\"file:\/\/\/C:\/Documents%20and%20Settings\/Administrator\/Desktop\/2009-2012%20MAKALELER\/VERG%C4%B0%20%C4%B0DARES%C4%B0%20%C3%96ZEL%20ESASLARA%20ALDI%C4%9EI%20M%C3%9CKELLEFLERE%20BU%20DURUMU%20YAZILI%20OLARAK%20B%C4%B0LD%C4%B0RMEK%20ZORUNDA%20MIDIR.doc#_ftnref3\">[3]<\/a>&nbsp;Konuyla ilgili&nbsp; Bakanl\u0131\u011f\u0131n&nbsp; yay\u0131mlad\u0131\u011f\u0131&nbsp; 21.04.2009 g\u00fcn ve 934 say\u0131l\u0131 yaz\u0131dan&nbsp; KOD\u2019a giri\u015f ve \u00e7\u0131k\u0131\u015flar\u0131n&nbsp; nas\u0131l olaca\u011f\u0131 a\u00e7\u0131klanm\u0131\u015ft\u0131r.<\/p>\n<\/div>\n<div style=\"border: 0px; outline: 0px; vertical-align: baseline;\">\n<p style=\"margin-top: 0px; margin-bottom: 0px; border: 0px; outline: 0px; vertical-align: baseline;\"><a style=\"margin: 0px; padding: 0px; border: 0px; outline: 0px; vertical-align: baseline; color: #333333;\" title=\"\" href=\"file:\/\/\/C:\/Documents%20and%20Settings\/Administrator\/Desktop\/2009-2012%20MAKALELER\/VERG%C4%B0%20%C4%B0DARES%C4%B0%20%C3%96ZEL%20ESASLARA%20ALDI%C4%9EI%20M%C3%9CKELLEFLERE%20BU%20DURUMU%20YAZILI%20OLARAK%20B%C4%B0LD%C4%B0RMEK%20ZORUNDA%20MIDIR.doc#_ftnref4\">[4]<\/a>&nbsp;Bir k\u0131s\u0131m vergi daireleri&nbsp; kendilerine gelen vergi inceleme raporu ekinde yer alan, Vergi inceleme elemanlar\u0131 taraf\u0131ndan, inceleme s\u0131ras\u0131nda sahte fatura kulland\u0131\u011f\u0131 tespit edilen&nbsp; m\u00fckelleflerle ilgili olarak&nbsp;<strong style=\"margin: 0px; padding: 0px; border: 0px; outline: 0px; vertical-align: baseline;\">\u201cvergi inceleme raporlar\u0131<\/strong><strong style=\"margin: 0px; padding: 0px; border: 0px; outline: 0px; vertical-align: baseline;\">na eklenecek \u00f6zel esaslara tabi olacak m\u00fckelleflere ili\u015fkin tablo\u201d<\/strong>&nbsp;eklenmektedir. Tabloda ismi g\u00f6z\u00fcken&nbsp;&nbsp; m\u00fckelleflere&nbsp; ya telefon ile ya da&nbsp; bir yaz\u0131 tebli\u011f ederek&nbsp; ilgili&nbsp; y\u0131l\u0131n ilgili&nbsp; ay\u0131n\u0131n&nbsp; KDV beyannamesini d\u00fczeltilmesini talep etmektedir.&nbsp; Bu durum kar\u015f\u0131s\u0131nda&nbsp; gider ya da&nbsp; al\u0131\u015fla ilgili \u00f6denen KDV (191) hesaplardan \u00e7ekilerek KDV beyannamesinin d\u00fczeltilmesi sonucunda ortaya \u00f6denecek KDV \u00e7\u0131kabilir.&nbsp; Sonu\u00e7ta kullan\u0131c\u0131 durumunda olan&nbsp; m\u00fckellefler ile&nbsp; sat\u0131c\u0131&nbsp; firma aras\u0131nda&nbsp; \u00f6nemli s\u00fcrt\u00fc\u015fmelere neden olmaktad\u0131r.<\/p>\n<\/div>\n<div style=\"border: 0px; outline: 0px; vertical-align: baseline;\">\n<p style=\"margin-top: 0px; margin-bottom: 0px; border: 0px; outline: 0px; vertical-align: baseline;\"><a style=\"margin: 0px; padding: 0px; border: 0px; outline: 0px; vertical-align: baseline; color: #333333;\" title=\"\" href=\"file:\/\/\/C:\/Documents%20and%20Settings\/Administrator\/Desktop\/2009-2012%20MAKALELER\/VERG%C4%B0%20%C4%B0DARES%C4%B0%20%C3%96ZEL%20ESASLARA%20ALDI%C4%9EI%20M%C3%9CKELLEFLERE%20BU%20DURUMU%20YAZILI%20OLARAK%20B%C4%B0LD%C4%B0RMEK%20ZORUNDA%20MIDIR.doc#_ftnref5\">[5]<\/a>&nbsp;S\u00f6z konusu&nbsp; tebli\u011f&nbsp; 23.11.2001 tarih ve 24592 say\u0131l\u0131 Resmi Gazetede yay\u0131nlanm\u0131\u015ft\u0131r.<\/p>\n<\/div>\n<div style=\"border: 0px; outline: 0px; vertical-align: baseline;\">\n<p style=\"margin-top: 0px; margin-bottom: 0px; border: 0px; outline: 0px; vertical-align: baseline;\"><a style=\"margin: 0px; padding: 0px; border: 0px; outline: 0px; vertical-align: baseline; color: #333333;\" title=\"\" href=\"file:\/\/\/C:\/Documents%20and%20Settings\/Administrator\/Desktop\/2009-2012%20MAKALELER\/VERG%C4%B0%20%C4%B0DARES%C4%B0%20%C3%96ZEL%20ESASLARA%20ALDI%C4%9EI%20M%C3%9CKELLEFLERE%20BU%20DURUMU%20YAZILI%20OLARAK%20B%C4%B0LD%C4%B0RMEK%20ZORUNDA%20MIDIR.doc#_ftnref6\">[6]<\/a>&nbsp;KOD uygulamalar\u0131 2010 y\u0131l\u0131ndan&nbsp; itibaren yeni bir d\u00fczen i\u00e7erisinde y\u00fcr\u00fct\u00fclmektedir. Eski uygulamaya g\u00f6re KOD\u2019a d\u00fc\u015fenlerin&nbsp; buradan&nbsp; \u00e7\u0131k\u0131\u015f\u0131nda&nbsp; ise vergi asl\u0131, ceza ve gecikme zamm\u0131 toplam\u0131 kadar teminat g\u00f6stermesi veya \u00f6deme&nbsp; yapmas\u0131&nbsp; veya&nbsp; yarg\u0131 karar\u0131 ile KOD\u2019dan \u00e7\u0131kmas\u0131&nbsp; m\u00fcmk\u00fcn olabilmektedir.&nbsp; 2010\/1 say\u0131l\u0131&nbsp; i\u00e7 genelge 13.04.2010 g\u00fcn ve&nbsp; 33812&nbsp; say\u0131l\u0131 genelge&nbsp; bi\u00e7iminde Maliye Bakanl\u0131\u011f\u0131n\u0131n&nbsp; kendi te\u015fkilat\u0131na i\u00e7 genelge olarak yollanm\u0131\u015ft\u0131r.<\/p>\n<\/div>\n<div style=\"border: 0px; outline: 0px; vertical-align: baseline;\">\n<p style=\"margin-top: 0px; margin-bottom: 0px; border: 0px; outline: 0px; vertical-align: baseline;\"><a style=\"margin: 0px; padding: 0px; border: 0px; outline: 0px; vertical-align: baseline; color: #333333;\" title=\"\" href=\"file:\/\/\/C:\/Documents%20and%20Settings\/Administrator\/Desktop\/2009-2012%20MAKALELER\/VERG%C4%B0%20%C4%B0DARES%C4%B0%20%C3%96ZEL%20ESASLARA%20ALDI%C4%9EI%20M%C3%9CKELLEFLERE%20BU%20DURUMU%20YAZILI%20OLARAK%20B%C4%B0LD%C4%B0RMEK%20ZORUNDA%20MIDIR.doc#_ftnref7\">[7]<\/a>&nbsp;Bkz. SAKAL Mustafa \u2013 ALPASLAN Mustafa, Vergi Hukuku Uygulamas\u0131-I, \u0130zmir, Ocak 2008, s.77-132.<\/p>\n<\/div>\n<div style=\"border: 0px; outline: 0px; vertical-align: baseline;\">\n<p style=\"margin-top: 0px; margin-bottom: 0px; border: 0px; outline: 0px; vertical-align: baseline;\"><a style=\"margin: 0px; padding: 0px; border: 0px; outline: 0px; vertical-align: baseline; color: #333333;\" title=\"\" href=\"file:\/\/\/C:\/Documents%20and%20Settings\/Administrator\/Desktop\/2009-2012%20MAKALELER\/VERG%C4%B0%20%C4%B0DARES%C4%B0%20%C3%96ZEL%20ESASLARA%20ALDI%C4%9EI%20M%C3%9CKELLEFLERE%20BU%20DURUMU%20YAZILI%20OLARAK%20B%C4%B0LD%C4%B0RMEK%20ZORUNDA%20MIDIR.doc#_ftnref8\">[8]<\/a>&nbsp;ALPASLAN Mustafa \u2013 KAYA Eda, \u201cKDV\u2019de KOD\u2019a D\u00fc\u015fen \u015eirketlerin Yarg\u0131 Karar\u0131 \u0130le \u00c7\u0131k\u0131\u015f\u0131\u201d, Vergici ve Muhasebeciyle Diyalog Dergisi, Say\u0131:273, Y\u0131l:26, Ocak 2011, s. 177-180.<\/p>\n<\/div>\n<div style=\"border: 0px; outline: 0px; vertical-align: baseline;\">\n<p style=\"margin-top: 0px; margin-bottom: 0px; border: 0px; outline: 0px; vertical-align: baseline;\"><a style=\"margin: 0px; padding: 0px; border: 0px; outline: 0px; vertical-align: baseline; color: #333333;\" title=\"\" href=\"file:\/\/\/C:\/Documents%20and%20Settings\/Administrator\/Desktop\/2009-2012%20MAKALELER\/VERG%C4%B0%20%C4%B0DARES%C4%B0%20%C3%96ZEL%20ESASLARA%20ALDI%C4%9EI%20M%C3%9CKELLEFLERE%20BU%20DURUMU%20YAZILI%20OLARAK%20B%C4%B0LD%C4%B0RMEK%20ZORUNDA%20MIDIR.doc#_ftnref9\">[9]<\/a>&nbsp;Ayr\u0131nt\u0131l\u0131 a\u00e7\u0131klamalar i\u00e7in bkz. VURAL Mahmut,&nbsp; Katma De\u011fer Vergisi \u0130ade Rehberi, 4. Bask\u0131, Nisan 2008, HUD Yay\u0131nlar\u0131, \u0130stanbul, s.506-525.<\/p>\n<\/div>\n<div style=\"border: 0px; outline: 0px; vertical-align: baseline;\">\n<p style=\"margin-top: 0px; margin-bottom: 0px; border: 0px; outline: 0px; vertical-align: baseline;\"><a style=\"margin: 0px; padding: 0px; border: 0px; outline: 0px; vertical-align: baseline; color: #333333;\" title=\"\" href=\"file:\/\/\/C:\/Documents%20and%20Settings\/Administrator\/Desktop\/2009-2012%20MAKALELER\/VERG%C4%B0%20%C4%B0DARES%C4%B0%20%C3%96ZEL%20ESASLARA%20ALDI%C4%9EI%20M%C3%9CKELLEFLERE%20BU%20DURUMU%20YAZILI%20OLARAK%20B%C4%B0LD%C4%B0RMEK%20ZORUNDA%20MIDIR.doc#_ftnref10\">[10]<\/a>&nbsp;\u00c7\u00f6z\u00fcm Ortakl\u0131\u011f\u0131 Platformu PWC \u0130stanbul 7 Aral\u0131k 2010, Swissotel,&nbsp; KDV Sunumlar\u0131.<\/p>\n<\/div>\n<div style=\"border: 0px; outline: 0px; vertical-align: baseline;\">\n<p style=\"margin-top: 0px; margin-bottom: 0px; border: 0px; outline: 0px; vertical-align: baseline;\"><a style=\"margin: 0px; padding: 0px; border: 0px; outline: 0px; vertical-align: baseline; color: #333333;\" title=\"\" href=\"file:\/\/\/C:\/Documents%20and%20Settings\/Administrator\/Desktop\/2009-2012%20MAKALELER\/VERG%C4%B0%20%C4%B0DARES%C4%B0%20%C3%96ZEL%20ESASLARA%20ALDI%C4%9EI%20M%C3%9CKELLEFLERE%20BU%20DURUMU%20YAZILI%20OLARAK%20B%C4%B0LD%C4%B0RMEK%20ZORUNDA%20MIDIR.doc#_ftnref11\">[11]<\/a>&nbsp;Dn\u015f. 4. D.&nbsp; 14\/1\/2008 g\u00fcn ve E.2007\/4095-K:2008\/1 say\u0131l\u0131 kararlar\u0131.&nbsp; Bu karar,&nbsp; KIZILOT&nbsp; \u015e\u00fckr\u00fc \u2013 KIZILOT Zuhal, \u201cKa\u00e7ak\u00e7\u0131l\u0131k Su\u00e7lar\u0131 ve Naylon Fatura \u0130htilaflar\u0131\u201d, Yakla\u015f\u0131m Yay\u0131nc\u0131l\u0131k, Ekim 2009, s. 338-339<\/p>\n<\/div>\n<div style=\"border: 0px; outline: 0px; vertical-align: baseline;\">\n<p style=\"margin-top: 0px; margin-bottom: 0px; border: 0px; outline: 0px; vertical-align: baseline;\"><a style=\"margin: 0px; padding: 0px; border: 0px; outline: 0px; vertical-align: baseline; color: #333333;\" title=\"\" href=\"file:\/\/\/C:\/Documents%20and%20Settings\/Administrator\/Desktop\/2009-2012%20MAKALELER\/VERG%C4%B0%20%C4%B0DARES%C4%B0%20%C3%96ZEL%20ESASLARA%20ALDI%C4%9EI%20M%C3%9CKELLEFLERE%20BU%20DURUMU%20YAZILI%20OLARAK%20B%C4%B0LD%C4%B0RMEK%20ZORUNDA%20MIDIR.doc#_ftnref12\">[12]<\/a>&nbsp;Ayr\u0131nt\u0131l\u0131 a\u00e7\u0131klamalar i\u00e7in bkz. KIZILOT&nbsp; \u015e\u00fckr\u00fc \u2013 KIZILOT Zuhal, \u201cKa\u00e7ak\u00e7\u0131l\u0131k Su\u00e7lar\u0131 ve Naylon Fatura \u0130htilaflar\u0131\u201d, Yakla\u015f\u0131m Yay\u0131nc\u0131l\u0131k, Ekim 2009, s.339<\/p>\n<\/div>\n<div style=\"border: 0px; outline: 0px; vertical-align: baseline;\">\n<p style=\"margin-top: 0px; margin-bottom: 0px; border: 0px; outline: 0px; vertical-align: baseline;\"><a style=\"margin: 0px; padding: 0px; border: 0px; outline: 0px; vertical-align: baseline; color: #333333;\" title=\"\" href=\"file:\/\/\/C:\/Documents%20and%20Settings\/Administrator\/Desktop\/2009-2012%20MAKALELER\/VERG%C4%B0%20%C4%B0DARES%C4%B0%20%C3%96ZEL%20ESASLARA%20ALDI%C4%9EI%20M%C3%9CKELLEFLERE%20BU%20DURUMU%20YAZILI%20OLARAK%20B%C4%B0LD%C4%B0RMEK%20ZORUNDA%20MIDIR.doc#_ftnref13\">[13]<\/a>&nbsp;Dn\u015f. 3. Dairesinin bu konuda&nbsp; bir y\u00fcr\u00fctmeyi durdurma karar\u0131 bulunmaktad\u0131r.&nbsp; 9\/2\/2010 g\u00fcn ve E:2009\/6111 say\u0131l\u0131 karar.<\/p>\n<\/div>\n<div style=\"border: 0px; outline: 0px; vertical-align: baseline;\">\n<p style=\"margin-top: 0px; margin-bottom: 0px; border: 0px; outline: 0px; vertical-align: baseline;\"><a style=\"margin: 0px; padding: 0px; border: 0px; outline: 0px; vertical-align: baseline; color: #333333;\" title=\"\" href=\"file:\/\/\/C:\/Documents%20and%20Settings\/Administrator\/Desktop\/2009-2012%20MAKALELER\/VERG%C4%B0%20%C4%B0DARES%C4%B0%20%C3%96ZEL%20ESASLARA%20ALDI%C4%9EI%20M%C3%9CKELLEFLERE%20BU%20DURUMU%20YAZILI%20OLARAK%20B%C4%B0LD%C4%B0RMEK%20ZORUNDA%20MIDIR.doc#_ftnref14\">[14]<\/a>&nbsp;Dn\u015f. 9. Dairesi taraf\u0131ndan verilen 10\/02\/2010 g\u00fcn ve E:2008\/4610-K:2010\/702 say\u0131l\u0131 kararlar\u0131 ile<strong style=\"margin: 0px; padding: 0px; border: 0px; outline: 0px; vertical-align: baseline;\"><em style=\"margin: 0px; padding: 0px; border: 0px; outline: 0px; vertical-align: baseline;\">\u201cbedelleri banka&nbsp; vas\u0131tas\u0131 ile \u00f6denen faturalarda yer alan KDV\u2019lerin&nbsp; s\u0131rf KOD\u2019a al\u0131nan firmalar\u0131n&nbsp; SM\u0130YB kullanmalar\u0131n\u0131n muhtemel oldu\u011fu&nbsp; gerek\u00e7esi ile&nbsp; indirimin kabul edilmemesinin m\u00fcmk\u00fcn olmad\u0131\u011f\u0131\u201d<\/em><\/strong>&nbsp;hakk\u0131nda karar&nbsp; verilmi\u015ftir.&nbsp; Ayr\u0131nt\u0131lar i\u00e7in bkz.&nbsp; G\u00dcND\u00dcZ Zeki,&nbsp; \u201cKOD Uygulamas\u0131 Kapsam\u0131nda \u0130htirazi Kay\u0131tla KDV Beyan\u0131\u201d, D\u00fcnya Gazetesi, 23\/4\/2010.<\/p>\n<\/div>\n<div style=\"border: 0px; outline: 0px; vertical-align: baseline;\">\n<p style=\"margin-top: 0px; margin-bottom: 0px; border: 0px; outline: 0px; vertical-align: baseline;\"><a style=\"margin: 0px; padding: 0px; border: 0px; outline: 0px; vertical-align: baseline; color: #333333;\" title=\"\" href=\"file:\/\/\/C:\/Documents%20and%20Settings\/Administrator\/Desktop\/2009-2012%20MAKALELER\/VERG%C4%B0%20%C4%B0DARES%C4%B0%20%C3%96ZEL%20ESASLARA%20ALDI%C4%9EI%20M%C3%9CKELLEFLERE%20BU%20DURUMU%20YAZILI%20OLARAK%20B%C4%B0LD%C4%B0RMEK%20ZORUNDA%20MIDIR.doc#_ftnref15\">[15]<\/a>&nbsp;\u0130zmir Vergi Dairesi Ba\u015fkanl\u0131\u011f\u0131, 12\/6\/2010 g\u00fcn ve G\u0130B.1035 say\u0131l\u0131 yaz\u0131lar\u0131.<\/p>\n<\/div>\n<div style=\"border: 0px; outline: 0px; vertical-align: baseline;\">\n<p style=\"margin-top: 0px; margin-bottom: 0px; border: 0px; outline: 0px; vertical-align: baseline;\"><a style=\"margin: 0px; padding: 0px; border: 0px; outline: 0px; vertical-align: baseline; color: #333333;\" title=\"\" href=\"file:\/\/\/C:\/Documents%20and%20Settings\/Administrator\/Desktop\/2009-2012%20MAKALELER\/VERG%C4%B0%20%C4%B0DARES%C4%B0%20%C3%96ZEL%20ESASLARA%20ALDI%C4%9EI%20M%C3%9CKELLEFLERE%20BU%20DURUMU%20YAZILI%20OLARAK%20B%C4%B0LD%C4%B0RMEK%20ZORUNDA%20MIDIR.doc#_ftnref16\">[16]<\/a>&nbsp;Dn\u015f. 3. D.nin, 26.05.2010 g\u00fcn ve E:2007\/4267-K:2010\/1716 say\u0131l\u0131 kararlar\u0131.<\/p>\n<\/div>\n<\/div>\n<p><\/body><br \/>\n<\/html><\/p>\n","protected":false},"excerpt":{"rendered":"<p>VERG\u0130 \u0130DARES\u0130 \u00d6ZEL ESASLARA ALDI\u011eI M\u00dcKELLEFLERE BU DURUMU YAZILI OLARAK B\u0130LD\u0130RMEK ZORUNDA MIDIR? Dr. Mustafa ALPASLAN &nbsp; &nbsp; &nbsp; &nbsp; &nbsp; &nbsp; &nbsp; &nbsp; &nbsp; &nbsp; &nbsp; &nbsp; &nbsp; &nbsp; &nbsp; &nbsp; &nbsp; &nbsp; &nbsp; &nbsp; &nbsp; &nbsp; &nbsp; &nbsp; &nbsp; &nbsp; &nbsp; &nbsp; &nbsp;&nbsp; SMMM Eda KAYA Denet\u00e7i &nbsp; (VERG\u0130C\u0130 VE MUHASEBEC\u0130YLE &nbsp;D\u0130YALOG DERG\u0130S\u0130, [&hellip;]<\/p>\n","protected":false},"author":1,"featured_media":0,"comment_status":"open","ping_status":"open","sticky":false,"template":"","format":"standard","meta":{"_eb_attr":"","_gspb_post_css":"","_crdt_document":"","footnotes":""},"categories":[93],"tags":[],"class_list":["post-4682","post","type-post","status-publish","format-standard","hentry","category-tax"],"blocksy_meta":[],"_links":{"self":[{"href":"https:\/\/yeni.maliyeokulu.org.tr\/index.php?rest_route=\/wp\/v2\/posts\/4682","targetHints":{"allow":["GET"]}}],"collection":[{"href":"https:\/\/yeni.maliyeokulu.org.tr\/index.php?rest_route=\/wp\/v2\/posts"}],"about":[{"href":"https:\/\/yeni.maliyeokulu.org.tr\/index.php?rest_route=\/wp\/v2\/types\/post"}],"author":[{"embeddable":true,"href":"https:\/\/yeni.maliyeokulu.org.tr\/index.php?rest_route=\/wp\/v2\/users\/1"}],"replies":[{"embeddable":true,"href":"https:\/\/yeni.maliyeokulu.org.tr\/index.php?rest_route=%2Fwp%2Fv2%2Fcomments&post=4682"}],"version-history":[{"count":0,"href":"https:\/\/yeni.maliyeokulu.org.tr\/index.php?rest_route=\/wp\/v2\/posts\/4682\/revisions"}],"wp:attachment":[{"href":"https:\/\/yeni.maliyeokulu.org.tr\/index.php?rest_route=%2Fwp%2Fv2%2Fmedia&parent=4682"}],"wp:term":[{"taxonomy":"category","embeddable":true,"href":"https:\/\/yeni.maliyeokulu.org.tr\/index.php?rest_route=%2Fwp%2Fv2%2Fcategories&post=4682"},{"taxonomy":"post_tag","embeddable":true,"href":"https:\/\/yeni.maliyeokulu.org.tr\/index.php?rest_route=%2Fwp%2Fv2%2Ftags&post=4682"}],"curies":[{"name":"wp","href":"https:\/\/api.w.org\/{rel}","templated":true}]}}