{"id":4715,"date":"2013-10-29T13:26:37","date_gmt":"2013-10-29T11:26:37","guid":{"rendered":"https:\/\/yeni.maliyeokulu.org.tr\/yueksek-miktarda-kasa-hesabnda-tutulan-paralarn-akbeti\/"},"modified":"2013-10-29T13:26:37","modified_gmt":"2013-10-29T11:26:37","slug":"yueksek-miktarda-kasa-hesabnda-tutulan-paralarn-akbeti","status":"publish","type":"post","link":"https:\/\/yeni.maliyeokulu.org.tr\/?p=4715","title":{"rendered":"Y\u00fcksek Miktarda Kasa Hesab\u0131nda Tutulan Paralar\u0131n Ak\u0131beti"},"content":{"rendered":"<p><!DOCTYPE html PUBLIC \"-\/\/W3C\/\/DTD XHTML 1.0 Transitional\/\/EN\" \"http:\/\/www.w3.org\/TR\/xhtml1\/DTD\/<html xmlns:fb=\"http:\/\/www.facebook.com\/2008\/fbml\"1-tr<html xmlns:fb=\"http:\/\/www.facebook.com\/2008\/<html xmlns:fb=\"http:\/\/www.facebook.com\/2008\/fbml\"iona<html xmlns:fb=\"http:\/\/www.facebook.<html xmlns:fb=\"http:\/\/www.facebook.com\/2008\/fbml\"008\/<html xmlns:fb=\"http:\/\/www.facebook.com\/2008\/<html xmlns:fb=\"http:\/\/www.facebook.com\/2008\/fbml\"\"><br \/>\n<html><br \/>\n<head><br \/>\n<\/head><br \/>\n<body><\/p>\n<p><strong>Dr. Mustafa ALPASLAN<br \/>SMMM<\/strong><br \/>{yootooltip title=[<img decoding=\"async\" class=\"reflect size-full wp-image-4353\" src=\"https:\/\/yeni.maliyeokulu.org.tr\/wp-content\/uploads\/2009\/06\/drmustafaalpaslan.gif\" alt=\"\" border=\"0\" width=\"110\" height=\"127\" \/>]}Ankara &#8211; 1980{\/yootooltip}<\/p>\n<p style=\"text-align: justify;\" align=\"right\"><span style=\"font-family: Arial; line-height: normal; text-align: left;\"><br \/><\/span><\/p>\n<p style=\"font-family: Arial; line-height: normal; text-align: justify;\" align=\"center\">&nbsp;<\/p>\n<div style=\"font-family: Arial; line-height: normal;\">\n<p><span style=\"font-family: Arial; font-size: x-small;\"><span style=\"font-size: 10pt;\">D\u00f6nem sonu veya d\u00f6nem i\u00e7inde, i\u015fletmelerin,&nbsp; kasa&nbsp; hesab\u0131&nbsp; bakiyelerinin \u00e7ok b\u00fcy\u00fck mebla\u011flarda olmas\u0131&nbsp; durumunda&nbsp; bu&nbsp; paran\u0131n&nbsp; kasada olamayaca\u011f\u0131 &nbsp;&nbsp;ortaklar taraf\u0131ndan &nbsp;kullan\u0131lm\u0131\u015f olabilece\u011fi iddias\u0131yla&nbsp; transfer&nbsp; fiyatland\u0131rmas\u0131&nbsp; yoluyla&nbsp; \u00f6rt\u00fcl\u00fc kazan\u00e7 da\u011f\u0131t\u0131m\u0131 kabul edilerek&nbsp; cezal\u0131 tarhiyat riski her zaman&nbsp; mevcuttur.<\/span>&nbsp;<\/span><span style=\"font-size: 13pt;\"><a style=\"color: #000000;\" title=\"\" name=\"_ftnref1\" href=\"#_ftn1\"><\/a><span style=\"vertical-align: super;\"><span style=\"font-size: 10pt;\">[1]<\/span><\/span><\/span><span style=\"font-family: Arial; font-size: x-small;\">&nbsp;<\/span><\/p>\n<p><span style=\"font-family: Arial;\"><span style=\"font-size: 10pt;\">Bilindi\u011fi gibi, \u015firketin&nbsp; ortaklar\u0131na&nbsp; veya&nbsp; ortaklar\u0131yla ili\u015fkili bulunan ki\u015filere emsaline&nbsp; k\u0131yasen&nbsp; d\u00fc\u015f\u00fck&nbsp; faizle&nbsp;&nbsp; veya faizsiz olarak&nbsp; verdikleri paralar\u0131n&nbsp; \u201c\u00f6rt\u00fcl\u00fc kazan\u00e7\u201d say\u0131lmaktad\u0131r.&nbsp;&nbsp;&nbsp; Buna g\u00f6re de,&nbsp; hi\u00e7bir gelir sa\u011flama amac\u0131&nbsp; g\u00fcd\u00fclmeden&nbsp; \u015firketin kasas\u0131nda&nbsp; TL veya d\u00f6viz cinsinden&nbsp; i\u015fletmenin&nbsp; nakit gereksinimi \u00fczerinde para tutulmas\u0131 ile&nbsp; ortaklara veya&nbsp; bunlar\u0131n&nbsp; ili\u015fkili bulundu\u011fu kimselere emsaline nazaran&nbsp; d\u00fc\u015f\u00fck faizle veya faizsiz&nbsp;&nbsp; para verilmesi aras\u0131nda&nbsp;&nbsp; bir fark bulunmamaktad\u0131r.&nbsp; (KVK md.12 ve 13)<\/span><\/span><\/p>\n<p><span style=\"font-family: Arial;\">Ger\u00e7ek ve t\u00fczel ki\u015filerde (adi ortakl\u0131klar ve \u015fah\u0131s i\u015fletmeleri dahil) d\u00f6nem sonu&nbsp; kasa bakiyesinin&nbsp;&nbsp; i\u015fletme b\u00fcy\u00fckl\u00fc\u011f\u00fcne g\u00f6re&nbsp; ve i\u015f hacmine g\u00f6re&nbsp; uygun bir miktarda nakit para (cash money)&nbsp; bulundurulmas\u0131&nbsp; gerekmektedir.&nbsp;&nbsp; Di\u011fer taraftan, i\u015fletmenin&nbsp; kasa hesab\u0131n\u0131 kullanmak suretiyle yapm\u0131\u015f oldu\u011fu&nbsp; b\u00fct\u00fcn&nbsp; tahsilat&nbsp; veya&nbsp; tediyatlar\u0131n&nbsp; belli&nbsp; bir miktar\u0131&nbsp; a\u015fan&nbsp; tahsilat&nbsp; ve \u00f6demeleri i\u00e7in&nbsp;&nbsp; i\u015flemlerin&nbsp; bankadan veya \u00f6zel&nbsp; finans kurumlar\u0131&nbsp; \u00fczerinden&nbsp; yap\u0131lmas\u0131&nbsp; zorunludur.&nbsp; (Bkz.&nbsp; VUK md.257 ve ilgili&nbsp; olarak&nbsp; VUK GT 320).&nbsp;<\/span><\/p>\n<p><span style=\"font-family: Arial;\">Maliye Bakanl\u0131\u011f\u0131&nbsp; taraf\u0131ndan&nbsp; VUK m\u00fck. md. 257 h\u00fckm\u00fcne g\u00f6re &nbsp;&nbsp;yay\u0131mlanan&nbsp; 320 seri nolu genel tebli\u011fe g\u00f6re&nbsp; birinci ve ikinci s\u0131n\u0131f t\u00fcccarlar, kazanc\u0131&nbsp; basit usulden&nbsp; tespit edilenler, defter&nbsp; tutmak zorunda olan&nbsp; \u00e7ift\u00e7iler, serbest meslek erbab\u0131 ile&nbsp; vergiden&nbsp; ba\u011f\u0131\u015f\u0131k esnaf\u0131n &nbsp;kendi aralar\u0131nda yapacaklar\u0131 ticari muameleler ile nihai&nbsp; t\u00fcketicilerden&nbsp;&nbsp; mal veya hizmet bedeli olarak yapacaklar\u0131&nbsp; 8.000,00 TL\u2019yi a\u015fan&nbsp;&nbsp; \u00f6deme ve tahsilatlar i\u00e7in&nbsp; banka, PTT, \u00f6zel&nbsp; finans kurumlar\u0131 \u00fczerinden&nbsp; ger\u00e7ekle\u015ftirilmesi zorunludur.&nbsp; Aksi&nbsp; takdirde bu durumun tespiti halinde i\u015flem tutar\u0131 \u00fczerinden&nbsp; %5 &nbsp;\u00f6zel&nbsp; usuls\u00fczl\u00fck cezas\u0131 kesilmektedir.&nbsp; (Bkz.&nbsp; VUK m\u00fck. md.355).&nbsp; Bir takvim y\u0131l\u0131 i\u00e7erisinde kesilecek&nbsp; \u00f6zel&nbsp; usuls\u00fczl\u00fck cezas\u0131 toplam\u0131 940.000,00 TL\u2019den&nbsp; fazla olamaz.&nbsp;&nbsp; Bu&nbsp; \u00f6zel&nbsp; usuls\u00fczl\u00fck cezalar\u0131&nbsp; rapora dayal\u0131 olarak&nbsp; kesildi\u011fi takdirde&nbsp; tarhiyat \u00f6ncesi&nbsp; uzla\u015fma kapsam\u0131na girmektedir. &nbsp;E\u011fer, bu&nbsp; ceza,&nbsp; vergi dairesi&nbsp; taraf\u0131ndan&nbsp; do\u011frudan&nbsp; do\u011fruya kesilmesi&nbsp; halinde&nbsp; 213 say\u0131l\u0131&nbsp; VUK md. 376 h\u00fckm\u00fcne g\u00f6re 1\/3 indirim uygulanacakt\u0131r.<\/span><\/p>\n<div>\n<hr align=\"left\" size=\"1\" width=\"33%\" \/>\n<div>\n<p style=\"text-align: justify;\"><a style=\"color: #000000;\" title=\"\" name=\"_ftn1\" href=\"#_ftnref1\"><\/a><span style=\"vertical-align: super;\"><span style=\"font-size: 8pt;\">[1]<\/span><\/span><span style=\"font-size: 8pt; font-family: Arial;\">&nbsp;Ortaklara bor\u00e7 para kulland\u0131rma i\u015flemleri ile ilgili&nbsp; KDV riski uzun y\u0131llard\u0131r tart\u0131\u015f\u0131lmaktad\u0131r.&nbsp;&nbsp; En son Dan\u0131\u015ftay&nbsp; kararlar\u0131na g\u00f6re&nbsp; bu konuda KDV uygulamas\u0131&nbsp; gerekti\u011fi y\u00f6n\u00fcnde kararlar m\u00fcstakar hale gelmektedir.&nbsp; \u00d6nceki Dan\u0131\u015ftay kararlar\u0131na g\u00f6re ise&nbsp; KDV uygulanmayaca\u011f\u0131 y\u00f6n\u00fcnde kararlar uygulanmaktad\u0131r.&nbsp; \u00d6rne\u011fin,&nbsp; 13.6.2003 g\u00fcn ve&nbsp; E:2002\/631-K:2003\/332 say\u0131l\u0131&nbsp; Dan\u0131\u015ftay&nbsp; VDDGK karar\u0131nda ise, davac\u0131 kurumun&nbsp; ortaklar\u0131na \u00f6d\u00fcn\u00e7 para vermesinin&nbsp; finansman&nbsp; hizmeti oldu\u011fundan&nbsp; bahisle, KDV\u2019ye tabi tutularak&nbsp; tarhiyat yap\u0131lmas\u0131n\u0131n&nbsp; hukuka ayk\u0131r\u0131 oldu\u011fu \u015feklinde karar&nbsp; verilmi\u015ftir.&nbsp;<\/span><\/p>\n<\/div>\n<\/div>\n<\/div>\n<p><\/body><br \/>\n<\/html><\/p>\n","protected":false},"excerpt":{"rendered":"","protected":false},"author":1,"featured_media":4353,"comment_status":"open","ping_status":"open","sticky":false,"template":"","format":"standard","meta":{"_eb_attr":"","_gspb_post_css":"","_crdt_document":"","footnotes":""},"categories":[93],"tags":[],"class_list":["post-4715","post","type-post","status-publish","format-standard","has-post-thumbnail","hentry","category-tax"],"blocksy_meta":[],"_links":{"self":[{"href":"https:\/\/yeni.maliyeokulu.org.tr\/index.php?rest_route=\/wp\/v2\/posts\/4715","targetHints":{"allow":["GET"]}}],"collection":[{"href":"https:\/\/yeni.maliyeokulu.org.tr\/index.php?rest_route=\/wp\/v2\/posts"}],"about":[{"href":"https:\/\/yeni.maliyeokulu.org.tr\/index.php?rest_route=\/wp\/v2\/types\/post"}],"author":[{"embeddable":true,"href":"https:\/\/yeni.maliyeokulu.org.tr\/index.php?rest_route=\/wp\/v2\/users\/1"}],"replies":[{"embeddable":true,"href":"https:\/\/yeni.maliyeokulu.org.tr\/index.php?rest_route=%2Fwp%2Fv2%2Fcomments&post=4715"}],"version-history":[{"count":0,"href":"https:\/\/yeni.maliyeokulu.org.tr\/index.php?rest_route=\/wp\/v2\/posts\/4715\/revisions"}],"wp:featuredmedia":[{"embeddable":true,"href":"https:\/\/yeni.maliyeokulu.org.tr\/index.php?rest_route=\/wp\/v2\/media\/4353"}],"wp:attachment":[{"href":"https:\/\/yeni.maliyeokulu.org.tr\/index.php?rest_route=%2Fwp%2Fv2%2Fmedia&parent=4715"}],"wp:term":[{"taxonomy":"category","embeddable":true,"href":"https:\/\/yeni.maliyeokulu.org.tr\/index.php?rest_route=%2Fwp%2Fv2%2Fcategories&post=4715"},{"taxonomy":"post_tag","embeddable":true,"href":"https:\/\/yeni.maliyeokulu.org.tr\/index.php?rest_route=%2Fwp%2Fv2%2Ftags&post=4715"}],"curies":[{"name":"wp","href":"https:\/\/api.w.org\/{rel}","templated":true}]}}