{"id":4749,"date":"2014-09-10T01:08:37","date_gmt":"2014-09-09T22:08:37","guid":{"rendered":"https:\/\/yeni.maliyeokulu.org.tr\/takimin-calismalari\/"},"modified":"2025-08-02T18:26:09","modified_gmt":"2025-08-02T15:26:09","slug":"takimin-calismalari","status":"publish","type":"post","link":"https:\/\/yeni.maliyeokulu.org.tr\/?p=4749","title":{"rendered":"Tak\u0131m\u0131n \u00c7al\u0131\u015fmalar\u0131"},"content":{"rendered":"<p><html><br \/>\n<head><br \/>\n<\/head><br \/>\n<body><\/p>\n<table class=\"imB0\" style=\"margin: 0px auto; padding: 0px; border: 0px; outline: 0px; font-size: 1px; vertical-align: top; border-collapse: collapse; border-spacing: 0px; line-height: 1px; width: 228px; color: #000000; font-family: Tahoma; background: transparent;\">\n<tbody style=\"margin: 0px; padding: 0px; border: 0px; outline: 0px; vertical-align: top; background: transparent;\">\n<tr style=\"margin: 0px; padding: 0px; border: 0px; outline: 0px; vertical-align: top; height: 20px; background: transparent;\">\n<td class=\"imW228 imVt cb4\" style=\"padding: 4px; border: 1px solid transparent; outline: 0px; font-size: 1pt; vertical-align: top; width: 228px; background: #004040;\">\n<p style=\"margin-top: 0px; margin-bottom: 0px; border: 0px; outline: 0px; vertical-align: baseline; text-align: center; background: transparent;\"><span class=\"fs20\" style=\"margin: 0px; padding: 0px; border: 0px; outline: 0px; font-size: 10pt; vertical-align: baseline; line-height: 20px; background: transparent;\"><span class=\"ff0 cf2\" style=\"margin: 0px; padding: 0px; border: 0px; outline: 0px; vertical-align: baseline; font-family: Tahoma; color: #ffffff; background: transparent;\">Tak\u0131m \u00e7al\u0131\u015fmalara ba\u015flad\u0131<br \/>Yeni sezona \u00e7ok \u00e7al\u0131\u015farak giren tak\u0131m\u0131m\u0131z T\u00fcrkiye Kupas\u0131 ve Lige g\u00fcnde \u00e7ift antrenman yaparak haz\u0131rlan\u0131yor.<br \/>Sabah kros yapan Maliye Okullar\u0131 ak\u015fam\u0131 top antrenman\u0131 yaparak ge\u00e7iriyor<\/span><\/span><\/p>\n<\/td>\n<\/tr>\n<tr style=\"margin: 0px; padding: 0px; border: 0px; outline: 0px; vertical-align: top; height: 20px; background: transparent;\">\n<td class=\"imW228 imVt cb6\" style=\"padding: 4px; border: 1px solid transparent; outline: 0px; font-size: 1pt; vertical-align: top; width: 228px; background: #0030bf;\">\n<p style=\"margin-top: 0px; margin-bottom: 0px; border: 0px; outline: 0px; vertical-align: baseline; text-align: center; background: transparent;\"><span class=\"ff0 fs20 cf0\" style=\"margin: 0px; padding: 0px; border: 0px; outline: 0px; font-size: 10pt; vertical-align: baseline; font-family: Tahoma; line-height: 20px; background: transparent;\"><img decoding=\"async\" style=\"margin: 0px; padding: 0px; border-style: none; outline: 0px; vertical-align: text-bottom; width: 220px; height: 124px; background: transparent;\" title=\"\" src=\"http:\/\/maliyeokulusk.org\/images\/antr.jpg\" alt=\"\" \/><\/span><\/p>\n<\/td>\n<\/tr>\n<\/tbody>\n<\/table>\n<p><\/body><br \/>\n<\/html><\/p>\n","protected":false},"excerpt":{"rendered":"<p>Tak\u0131m \u00e7al\u0131\u015fmalara ba\u015flad\u0131Yeni sezona \u00e7ok \u00e7al\u0131\u015farak giren tak\u0131m\u0131m\u0131z T\u00fcrkiye Kupas\u0131 ve Lige g\u00fcnde \u00e7ift antrenman yaparak haz\u0131rlan\u0131yor.Sabah kros yapan Maliye Okullar\u0131 ak\u015fam\u0131 top antrenman\u0131 yaparak ge\u00e7iriyor<\/p>\n","protected":false},"author":1,"featured_media":0,"comment_status":"open","ping_status":"open","sticky":false,"template":"","format":"standard","meta":{"_eb_attr":"","_gspb_post_css":"","_crdt_document":"","footnotes":""},"categories":[121],"tags":[],"class_list":["post-4749","post","type-post","status-publish","format-standard","hentry","category-haber-arsivi"],"blocksy_meta":[],"_links":{"self":[{"href":"https:\/\/yeni.maliyeokulu.org.tr\/index.php?rest_route=\/wp\/v2\/posts\/4749","targetHints":{"allow":["GET"]}}],"collection":[{"href":"https:\/\/yeni.maliyeokulu.org.tr\/index.php?rest_route=\/wp\/v2\/posts"}],"about":[{"href":"https:\/\/yeni.maliyeokulu.org.tr\/index.php?rest_route=\/wp\/v2\/types\/post"}],"author":[{"embeddable":true,"href":"https:\/\/yeni.maliyeokulu.org.tr\/index.php?rest_route=\/wp\/v2\/users\/1"}],"replies":[{"embeddable":true,"href":"https:\/\/yeni.maliyeokulu.org.tr\/index.php?rest_route=%2Fwp%2Fv2%2Fcomments&post=4749"}],"version-history":[{"count":1,"href":"https:\/\/yeni.maliyeokulu.org.tr\/index.php?rest_route=\/wp\/v2\/posts\/4749\/revisions"}],"predecessor-version":[{"id":18370,"href":"https:\/\/yeni.maliyeokulu.org.tr\/index.php?rest_route=\/wp\/v2\/posts\/4749\/revisions\/18370"}],"wp:attachment":[{"href":"https:\/\/yeni.maliyeokulu.org.tr\/index.php?rest_route=%2Fwp%2Fv2%2Fmedia&parent=4749"}],"wp:term":[{"taxonomy":"category","embeddable":true,"href":"https:\/\/yeni.maliyeokulu.org.tr\/index.php?rest_route=%2Fwp%2Fv2%2Fcategories&post=4749"},{"taxonomy":"post_tag","embeddable":true,"href":"https:\/\/yeni.maliyeokulu.org.tr\/index.php?rest_route=%2Fwp%2Fv2%2Ftags&post=4749"}],"curies":[{"name":"wp","href":"https:\/\/api.w.org\/{rel}","templated":true}]}}