{"id":4768,"date":"2014-12-27T17:50:26","date_gmt":"2014-12-27T15:50:26","guid":{"rendered":"https:\/\/yeni.maliyeokulu.org.tr\/stanbul-buluuyor\/"},"modified":"2025-08-02T18:26:08","modified_gmt":"2025-08-02T15:26:08","slug":"stanbul-buluuyor","status":"publish","type":"post","link":"https:\/\/yeni.maliyeokulu.org.tr\/?p=4768","title":{"rendered":"\u0130stanbul Bulu\u015fuyor"},"content":{"rendered":"<h3 align=\"center\"><span style=\"text-align: left;\">\u0130STANBUL BULU\u015eUYOR<\/span><\/h3>\n<p><img fetchpriority=\"high\" decoding=\"async\" class=\" size-full wp-image-4767\" style=\"display: block; margin-left: auto; margin-right: auto;\" src=\"https:\/\/yeni.maliyeokulu.org.tr\/wp-content\/uploads\/2014\/12\/Balo_Davetiye.png\" alt=\"Balo Davetiye\" width=\"260\" height=\"260\" srcset=\"https:\/\/yeni.maliyeokulu.org.tr\/wp-content\/uploads\/2014\/12\/Balo_Davetiye.png 1000w, https:\/\/yeni.maliyeokulu.org.tr\/wp-content\/uploads\/2014\/12\/Balo_Davetiye-300x300.png 300w, https:\/\/yeni.maliyeokulu.org.tr\/wp-content\/uploads\/2014\/12\/Balo_Davetiye-150x150.png 150w, https:\/\/yeni.maliyeokulu.org.tr\/wp-content\/uploads\/2014\/12\/Balo_Davetiye-768x768.png 768w\" sizes=\"(max-width: 260px) 100vw, 260px\" \/><\/p>\n<p><!--more--><\/p>\n<p>T\u00fcm bilgiler davetiyemizde mevcut oldu\u011fundan ayr\u0131nt\u0131 verilmemi\u015ftir.<\/p>\n","protected":false},"excerpt":{"rendered":"<p>\u0130STANBUL BULU\u015eUYOR<\/p>\n","protected":false},"author":1,"featured_media":4767,"comment_status":"open","ping_status":"open","sticky":false,"template":"","format":"standard","meta":{"_eb_attr":"","_gspb_post_css":"","_crdt_document":"","footnotes":""},"categories":[121],"tags":[],"class_list":["post-4768","post","type-post","status-publish","format-standard","has-post-thumbnail","hentry","category-haber-arsivi"],"blocksy_meta":[],"_links":{"self":[{"href":"https:\/\/yeni.maliyeokulu.org.tr\/index.php?rest_route=\/wp\/v2\/posts\/4768","targetHints":{"allow":["GET"]}}],"collection":[{"href":"https:\/\/yeni.maliyeokulu.org.tr\/index.php?rest_route=\/wp\/v2\/posts"}],"about":[{"href":"https:\/\/yeni.maliyeokulu.org.tr\/index.php?rest_route=\/wp\/v2\/types\/post"}],"author":[{"embeddable":true,"href":"https:\/\/yeni.maliyeokulu.org.tr\/index.php?rest_route=\/wp\/v2\/users\/1"}],"replies":[{"embeddable":true,"href":"https:\/\/yeni.maliyeokulu.org.tr\/index.php?rest_route=%2Fwp%2Fv2%2Fcomments&post=4768"}],"version-history":[{"count":1,"href":"https:\/\/yeni.maliyeokulu.org.tr\/index.php?rest_route=\/wp\/v2\/posts\/4768\/revisions"}],"predecessor-version":[{"id":18365,"href":"https:\/\/yeni.maliyeokulu.org.tr\/index.php?rest_route=\/wp\/v2\/posts\/4768\/revisions\/18365"}],"wp:featuredmedia":[{"embeddable":true,"href":"https:\/\/yeni.maliyeokulu.org.tr\/index.php?rest_route=\/wp\/v2\/media\/4767"}],"wp:attachment":[{"href":"https:\/\/yeni.maliyeokulu.org.tr\/index.php?rest_route=%2Fwp%2Fv2%2Fmedia&parent=4768"}],"wp:term":[{"taxonomy":"category","embeddable":true,"href":"https:\/\/yeni.maliyeokulu.org.tr\/index.php?rest_route=%2Fwp%2Fv2%2Fcategories&post=4768"},{"taxonomy":"post_tag","embeddable":true,"href":"https:\/\/yeni.maliyeokulu.org.tr\/index.php?rest_route=%2Fwp%2Fv2%2Ftags&post=4768"}],"curies":[{"name":"wp","href":"https:\/\/api.w.org\/{rel}","templated":true}]}}