{"id":4771,"date":"2015-01-02T15:44:13","date_gmt":"2015-01-02T13:44:13","guid":{"rendered":"https:\/\/yeni.maliyeokulu.org.tr\/levent-unlu-1990-izmir\/"},"modified":"2025-08-02T18:26:08","modified_gmt":"2025-08-02T15:26:08","slug":"levent-unlu-1990-izmir","status":"publish","type":"post","link":"https:\/\/yeni.maliyeokulu.org.tr\/?p=4771","title":{"rendered":"Levent \u00dcNL\u00dc (1990 &#8211; \u0130zmir)"},"content":{"rendered":"<h3 align=\"center\"><span style=\"text-align: left;\">ACI KAYBIMIZ<\/span><\/h3>\n<p><img decoding=\"async\" class=\" size-full wp-image-4770\" style=\"margin: 5px auto; vertical-align: middle; display: block;\" src=\"https:\/\/yeni.maliyeokulu.org.tr\/wp-content\/uploads\/2015\/01\/leventunlu1990.jpg\" alt=\"leventunlu1990\" width=\"214\" height=\"214\" srcset=\"https:\/\/yeni.maliyeokulu.org.tr\/wp-content\/uploads\/2015\/01\/leventunlu1990.jpg 960w, https:\/\/yeni.maliyeokulu.org.tr\/wp-content\/uploads\/2015\/01\/leventunlu1990-300x300.jpg 300w, https:\/\/yeni.maliyeokulu.org.tr\/wp-content\/uploads\/2015\/01\/leventunlu1990-150x150.jpg 150w, https:\/\/yeni.maliyeokulu.org.tr\/wp-content\/uploads\/2015\/01\/leventunlu1990-768x768.jpg 768w\" sizes=\"(max-width: 214px) 100vw, 214px\" \/><\/p>\n<p style=\"text-align: center;\"><span style=\"text-align: left;\">\u0130zmir &#8211; 1990 mezunumuz Levent \u00dcNL\u00dc&#8217;y\u00fc elim bir trafik kazas\u0131 sonucu kaybettik.&nbsp;<\/span><\/p>\n<p style=\"text-align: center;\"><span style=\"text-align: left;\">Merhum mezunumuza Tanr\u0131dan rahmet; ailesine, yak\u0131nlar\u0131na ve t\u00fcm mezunlar\u0131m\u0131za ba\u015fsa\u011fl\u0131\u011f\u0131 ve sab\u0131rlar dileriz.<\/span><\/p>\n<p style=\"text-align: center;\"><span style=\"text-align: left;\">Sevgili Levent g\u00fczel an\u0131lar\u0131 ve dostlu\u011fuyla sonsuza kadar kalbimizde ya\u015fayacak.<\/span><\/p>\n<p>T\u00fcm Maliye Okulu Mezunlar\u0131 ad\u0131na<br \/>MOMDER Genel Merkezi<\/p>\n","protected":false},"excerpt":{"rendered":"<p>ACI KAYBIMIZ \u0130zmir &#8211; 1990 mezunumuz Levent \u00dcNL\u00dc&#8217;y\u00fc elim bir trafik kazas\u0131 sonucu kaybettik.&nbsp; Merhum mezunumuza Tanr\u0131dan rahmet; ailesine, yak\u0131nlar\u0131na ve t\u00fcm mezunlar\u0131m\u0131za ba\u015fsa\u011fl\u0131\u011f\u0131 ve sab\u0131rlar dileriz. Sevgili Levent g\u00fczel an\u0131lar\u0131 ve dostlu\u011fuyla sonsuza kadar kalbimizde ya\u015fayacak. T\u00fcm Maliye Okulu Mezunlar\u0131 ad\u0131naMOMDER Genel Merkezi<\/p>\n","protected":false},"author":1,"featured_media":4770,"comment_status":"open","ping_status":"open","sticky":false,"template":"","format":"standard","meta":{"_eb_attr":"","_gspb_post_css":"","_crdt_document":"","footnotes":""},"categories":[121],"tags":[],"class_list":["post-4771","post","type-post","status-publish","format-standard","has-post-thumbnail","hentry","category-haber-arsivi"],"blocksy_meta":[],"_links":{"self":[{"href":"https:\/\/yeni.maliyeokulu.org.tr\/index.php?rest_route=\/wp\/v2\/posts\/4771","targetHints":{"allow":["GET"]}}],"collection":[{"href":"https:\/\/yeni.maliyeokulu.org.tr\/index.php?rest_route=\/wp\/v2\/posts"}],"about":[{"href":"https:\/\/yeni.maliyeokulu.org.tr\/index.php?rest_route=\/wp\/v2\/types\/post"}],"author":[{"embeddable":true,"href":"https:\/\/yeni.maliyeokulu.org.tr\/index.php?rest_route=\/wp\/v2\/users\/1"}],"replies":[{"embeddable":true,"href":"https:\/\/yeni.maliyeokulu.org.tr\/index.php?rest_route=%2Fwp%2Fv2%2Fcomments&post=4771"}],"version-history":[{"count":1,"href":"https:\/\/yeni.maliyeokulu.org.tr\/index.php?rest_route=\/wp\/v2\/posts\/4771\/revisions"}],"predecessor-version":[{"id":18364,"href":"https:\/\/yeni.maliyeokulu.org.tr\/index.php?rest_route=\/wp\/v2\/posts\/4771\/revisions\/18364"}],"wp:featuredmedia":[{"embeddable":true,"href":"https:\/\/yeni.maliyeokulu.org.tr\/index.php?rest_route=\/wp\/v2\/media\/4770"}],"wp:attachment":[{"href":"https:\/\/yeni.maliyeokulu.org.tr\/index.php?rest_route=%2Fwp%2Fv2%2Fmedia&parent=4771"}],"wp:term":[{"taxonomy":"category","embeddable":true,"href":"https:\/\/yeni.maliyeokulu.org.tr\/index.php?rest_route=%2Fwp%2Fv2%2Fcategories&post=4771"},{"taxonomy":"post_tag","embeddable":true,"href":"https:\/\/yeni.maliyeokulu.org.tr\/index.php?rest_route=%2Fwp%2Fv2%2Ftags&post=4771"}],"curies":[{"name":"wp","href":"https:\/\/api.w.org\/{rel}","templated":true}]}}