{"id":4790,"date":"2015-02-15T18:57:09","date_gmt":"2015-02-15T16:57:09","guid":{"rendered":"https:\/\/yeni.maliyeokulu.org.tr\/levent-unlu-destek\/"},"modified":"2025-08-02T18:26:08","modified_gmt":"2025-08-02T15:26:08","slug":"levent-unlu-destek","status":"publish","type":"post","link":"https:\/\/yeni.maliyeokulu.org.tr\/?p=4790","title":{"rendered":"Levent \u00dcNL\u00dc (Destek)"},"content":{"rendered":"<h3 style=\"text-align: center;\"><span style=\"text-align: left;\">MAL\u0130YE OKULU MEZUNLARI DERNE\u011e\u0130 GENEL MERKEZ\u0130 DUYURUSU<\/span><\/h3>\n<p align=\"center\"><img decoding=\"async\" class=\" size-full wp-image-4789\" style=\"margin: 6px auto; display: block;\" src=\"https:\/\/yeni.maliyeokulu.org.tr\/wp-content\/uploads\/2015\/02\/leventunlu.png\" alt=\"leventunlu\" width=\"160\" height=\"160\" \/><\/p>\n<p style=\"text-align: justify;\" align=\"center\">&nbsp;<\/p>\n<p style=\"text-align: justify;\" align=\"center\">Ge\u00e7ti\u011fimiz g\u00fcnlerde elim bir trafik kazas\u0131 sonucu aram\u0131zdan ayr\u0131lan 1990 \u0130zmir mezunumuz Levent \u00dcNL\u00dc karde\u015fimiz geride 1990 \u0130zmir mezunu e\u015fi Ebru \u00dcNL\u00dc karde\u015fimiz ile 11. s\u0131n\u0131fta okuyan Batuhan ve 8.s\u0131n\u0131fta okuyan Benan ye\u011fenlerimizi bizlere emanet b\u0131rakm\u0131\u015ft\u0131r.<\/p>\n<p style=\"text-align: justify;\" align=\"center\">Dayan\u0131\u015fman\u0131n somut yans\u0131mas\u0131 ve ye\u011fenlerimizin e\u011fitimine katk\u0131 sa\u011flamak amac\u0131yla mezunlar\u0131m\u0131z aras\u0131nda destek kampanyas\u0131 d\u00fczenlemi\u015f bulunmaktay\u0131z. Yapaca\u011f\u0131n\u0131z her katk\u0131 dayan\u0131\u015fmam\u0131z\u0131 g\u00fc\u00e7lendirecektir.<\/p>\n<p>&nbsp;<\/p>\n<p><strong>Eb<span class=\"text_exposed_show\" style=\"display: inline;\">ru \u00dcNL\u00dc Banka Hesap No: Ziraat Bankas\u0131 \u00c7ekmek\u00f6y \u015eb. IBAN: TR 43 0001 0024 6241 2798 5050 03<\/span><\/strong><\/p>\n","protected":false},"excerpt":{"rendered":"<p>MAL\u0130YE OKULU MEZUNLARI DERNE\u011e\u0130 GENEL MERKEZ\u0130 DUYURUSU &nbsp; Ge\u00e7ti\u011fimiz g\u00fcnlerde elim bir trafik kazas\u0131 sonucu aram\u0131zdan ayr\u0131lan 1990 \u0130zmir mezunumuz Levent \u00dcNL\u00dc karde\u015fimiz geride 1990 \u0130zmir mezunu e\u015fi Ebru \u00dcNL\u00dc karde\u015fimiz ile 11. s\u0131n\u0131fta okuyan Batuhan ve 8.s\u0131n\u0131fta okuyan Benan ye\u011fenlerimizi bizlere emanet b\u0131rakm\u0131\u015ft\u0131r. Dayan\u0131\u015fman\u0131n somut yans\u0131mas\u0131 ve ye\u011fenlerimizin e\u011fitimine katk\u0131 sa\u011flamak amac\u0131yla mezunlar\u0131m\u0131z aras\u0131nda [&hellip;]<\/p>\n","protected":false},"author":1,"featured_media":0,"comment_status":"open","ping_status":"open","sticky":false,"template":"","format":"standard","meta":{"_eb_attr":"","_gspb_post_css":"","_crdt_document":"","footnotes":""},"categories":[121],"tags":[],"class_list":["post-4790","post","type-post","status-publish","format-standard","hentry","category-haber-arsivi"],"blocksy_meta":[],"_links":{"self":[{"href":"https:\/\/yeni.maliyeokulu.org.tr\/index.php?rest_route=\/wp\/v2\/posts\/4790","targetHints":{"allow":["GET"]}}],"collection":[{"href":"https:\/\/yeni.maliyeokulu.org.tr\/index.php?rest_route=\/wp\/v2\/posts"}],"about":[{"href":"https:\/\/yeni.maliyeokulu.org.tr\/index.php?rest_route=\/wp\/v2\/types\/post"}],"author":[{"embeddable":true,"href":"https:\/\/yeni.maliyeokulu.org.tr\/index.php?rest_route=\/wp\/v2\/users\/1"}],"replies":[{"embeddable":true,"href":"https:\/\/yeni.maliyeokulu.org.tr\/index.php?rest_route=%2Fwp%2Fv2%2Fcomments&post=4790"}],"version-history":[{"count":1,"href":"https:\/\/yeni.maliyeokulu.org.tr\/index.php?rest_route=\/wp\/v2\/posts\/4790\/revisions"}],"predecessor-version":[{"id":18358,"href":"https:\/\/yeni.maliyeokulu.org.tr\/index.php?rest_route=\/wp\/v2\/posts\/4790\/revisions\/18358"}],"wp:attachment":[{"href":"https:\/\/yeni.maliyeokulu.org.tr\/index.php?rest_route=%2Fwp%2Fv2%2Fmedia&parent=4790"}],"wp:term":[{"taxonomy":"category","embeddable":true,"href":"https:\/\/yeni.maliyeokulu.org.tr\/index.php?rest_route=%2Fwp%2Fv2%2Fcategories&post=4790"},{"taxonomy":"post_tag","embeddable":true,"href":"https:\/\/yeni.maliyeokulu.org.tr\/index.php?rest_route=%2Fwp%2Fv2%2Ftags&post=4790"}],"curies":[{"name":"wp","href":"https:\/\/api.w.org\/{rel}","templated":true}]}}