{"id":4795,"date":"2015-02-19T20:00:01","date_gmt":"2015-02-19T18:00:01","guid":{"rendered":"https:\/\/yeni.maliyeokulu.org.tr\/genel-merkezden\/"},"modified":"2025-08-02T18:26:08","modified_gmt":"2025-08-02T15:26:08","slug":"genel-merkezden","status":"publish","type":"post","link":"https:\/\/yeni.maliyeokulu.org.tr\/?p=4795","title":{"rendered":"Genel Merkezden"},"content":{"rendered":"<h3 style=\"text-align: center;\"><span style=\"text-align: left;\"><br class=\"Apple-interchange-newline\" \/>MOMDER GENEL MERKEZ\u0130 DUYURUSU<\/span><\/h3>\n<div class=\"text_exposed_show\" style=\"display: inline; color: #141823; font-family: Helvetica, Arial, 'lucida grande', tahoma, verdana, arial, sans-serif; font-size: 14px; line-height: 19px;\"><img decoding=\"async\" class=\" size-full wp-image-4791\" style=\"margin: 6px auto; display: block;\" src=\"https:\/\/yeni.maliyeokulu.org.tr\/wp-content\/uploads\/2015\/02\/ankara3.png\" alt=\"ankara3\" width=\"160\" height=\"120\" \/><\/p>\n<p style=\"margin-top: 0px; margin-bottom: 6px;\"><span style=\"color: #000000; font-family: Arial, Helvetica, sans-serif; font-size: 12px; line-height: 18px;\">Bilindi\u011fi \u00fczere, Maliye Okulu Mezunlar\u0131 Derne\u011fi olarak \u00f6nceki y\u00f6netimimiz d\u00f6neminde hayata ge\u00e7irilen&nbsp;<\/span><strong style=\"color: #000000; font-family: Arial, Helvetica, sans-serif; font-size: 12px; line-height: 18px;\">SMS Bilgilendirme Sistemi<\/strong><span style=\"color: #000000; font-family: Arial, Helvetica, sans-serif; font-size: 12px; line-height: 18px;\">&nbsp;&nbsp;aktif olarak \u00e7al\u0131\u015fmakta olup mezunlar\u0131m\u0131z aras\u0131nda en h\u0131zl\u0131 ve do\u011frudan haberle\u015fme kayna\u011f\u0131m\u0131zd\u0131r. SMS sistemiyle sosyal payla\u015f\u0131m siteleri (\u00f6zellikle Facebook) ortam\u0131ndan da etkili bir haberle\u015fme ger\u00e7ekle\u015fmekte, ancak bazen burada yer verilen bilgilerin zamanla sayfan\u0131n alt\u0131nda kalmas\u0131 veya herkesin herg\u00fcn bu ortama kat\u0131lmamas\u0131 sebebiyle ileti\u015fim konusunda aksamalar ya\u015fanmaktad\u0131r.<\/span><\/p>\n<p><!--more--><\/p>\n<p style=\"margin-top: 0px; margin-bottom: 6px;\">&nbsp;SMS sistemimiz T\u00fcrkiye&#8217; deki binlerce mezunumuzun telefon numaras\u0131n\u0131 i\u00e7ermektedir. Fakat zaman i\u00e7inde telefon numaralar\u0131ndaki de\u011fi\u015fiklikler nedeniyle kay\u0131tlar\u0131m\u0131z\u0131 g\u00fcncellememiz zorunlu g\u00f6r\u00fclmektedir. Kald\u0131 ki, bazen eski numaralar daha sonra mezun olmayan kimseler taraf\u0131ndan kullan\u0131lmakta, dolay\u0131s\u0131yla mesajlar\u0131n yanl\u0131\u015f ki\u015filere ula\u015ft\u0131\u011f\u0131na tan\u0131k olunmaktad\u0131r. Ayr\u0131ca hen\u00fcz sisteme kaydedilmemi\u015f mezunlar\u0131m\u0131z\u0131n oldu\u011fu, mesajlar\u0131n herkese ula\u015fmad\u0131\u011f\u0131 y\u00f6n\u00fcnde duyum ve serzeni\u015fler al\u0131nmaktad\u0131r.<\/p>\n<p style=\"margin-top: 0px; margin-bottom: 6px;\">Bu itibarla; kendine Derne\u011fimizden SMS ula\u015fmayan ve bilgilendirme mesajar\u0131n\u0131 almak isteyen mezunlar\u0131m\u0131z\u0131n g\u00fcncel telefon numaralar\u0131n\u0131&nbsp;<strong>isim<\/strong>,&nbsp;<strong>ikamet edilen \u015fehir<\/strong>,&nbsp;<strong>mezuniyet tarihi<\/strong>&nbsp;ve&nbsp;<strong>okul<\/strong>&nbsp;(Ankara, \u0130stanbul, \u0130zmir) bilgilerini Dernek y\u00f6netimine e-mail (<a href=\"mailto:&lt;a href=\">halilgecegorur@gmail.com<\/a>&#8221; &lt;a href=&#8221;mailto:<a href=\"mailto:halilgecegorur@gmail.com\">halilgecegorur@gmail.com<\/a>&#8220;&gt;<a href=\"mailto:halilgecegorur@gmail.com\">halilgecegorur@gmail.com<\/a>,&nbsp;<a href=\"mailto:&lt;a href=\">bugrayegul@hotmail.com<\/a>&#8221; &lt;a href=&#8221;mailto:<a href=\"mailto:bugrayegul@hotmail.com\">bugrayegul@hotmail.com<\/a>&#8220;&gt;<a href=\"mailto:bugrayegul@hotmail.com\">bugrayegul@hotmail.com<\/a>) veya Facebook mesaj\u0131 vas\u0131tas\u0131yla bildirmeleri ya da a\u015fa\u011f\u0131daki formu doldurmalar\u0131, ayr\u0131ca SMS sisteminden bilgisi olmayan mezunlar\u0131m\u0131z\u0131n da konudan haberdar edilerek sisteme dahil olmalar\u0131n\u0131n sa\u011flanmas\u0131 konusunda yard\u0131mlar\u0131n\u0131z b\u00fcy\u00fck \u00f6nem ta\u015f\u0131maktad\u0131r.<\/p>\n<p style=\"margin-top: 0px; margin-bottom: 6px;\">Sisteme kay\u0131tl\u0131 telefon numaralar\u0131 Derne\u011fimizde gizli tutulmakta, hi\u00e7bir ticari kurulu\u015fla payla\u015f\u0131lmamaktad\u0131r. Ayr\u0131ca, telefon numaralar\u0131n\u0131n de\u011fi\u015fmesi halinde eski bilgilerin sistemden silinmesi, yenisinin eklenmesi konusunda da Dernek y\u00f6netiminin bilgilendirilmesinde yarar g\u00f6r\u00fclmektedir. SMS sistemindeki g\u00fcncelle\u015ftirmeyi takiben \u00fcye k\u00fct\u00fcklerimizin g\u00fcncelle\u015ftirilmesine ge\u00e7ilecektir.<\/p>\n<p style=\"margin-top: 0px; margin-bottom: 6px;\">Sayg\u0131lar\u0131m\u0131zla.<\/p>\n<p style=\"margin-top: 0px; margin-bottom: 6px;\"><strong>Maliye Okulu Mezunlar\u0131 Derne\u011fi&nbsp;<\/strong><\/p>\n<p style=\"margin-top: 0px; margin-bottom: 6px;\"><strong>Y\u00f6netim Kurulu<\/strong><\/p>\n<\/div>\n<p style=\"text-align: center;\"><span style=\"text-align: left;\"><span class=\"text_exposed_show\" style=\"display: inline; color: #141823; font-family: Helvetica, Arial, 'lucida grande', tahoma, verdana, arial, sans-serif; font-size: 14px; line-height: 19px;\"><span style=\"text-align: center; color: #222222; font-family: Calibri, sans-serif; font-size: 11pt; line-height: normal;\"><span style=\"font-size: 11px;\">{mosforme 1}<\/span><\/span><\/span><\/span><\/p>\n<p style=\"text-align: center;\"><strong>NOT<\/strong>: G\u00f6nderim sonras\u0131ndaki uyar\u0131y\u0131 dikkate almay\u0131n\u0131z; bilgileriniz sisteme kaydolmaktad\u0131r.<\/p>\n<p style=\"text-align: center;\"><span style=\"text-align: left;\"><span class=\"text_exposed_show\" style=\"display: inline; color: #141823; font-family: Helvetica, Arial, 'lucida grande', tahoma, verdana, arial, sans-serif; font-size: 14px; line-height: 19px;\"><span style=\"text-align: center; color: #222222; font-family: Calibri, sans-serif; font-size: 11pt; line-height: normal;\"><\/span><span style=\"text-align: center;\">|\u00a7|\u00a7|\u00a7|\u00a7|\u00a7|\u00a7|\u00a7|\u00a7|\u00a7|<\/span><\/span><\/span><\/p>\n<h3 style=\"text-align: center;\">&#8230;MOSK KIZLAR TAKIMI 3. L\u0130G \u0130\u00c7\u0130N T\u00dcRK\u0130YE F\u0130NALLER\u0130NDE&#8230;<\/h3>\n<p style=\"text-align: center;\"><span style=\"text-align: left;\"><span class=\"text_exposed_show\" style=\"display: inline; color: #141823; font-family: Helvetica, Arial, 'lucida grande', tahoma, verdana, arial, sans-serif; font-size: 14px; line-height: 19px;\"><span style=\"text-align: center;\"><img fetchpriority=\"high\" decoding=\"async\" class=\" size-full wp-image-4792\" style=\"margin: 4px; vertical-align: middle;\" src=\"https:\/\/yeni.maliyeokulu.org.tr\/wp-content\/uploads\/2015\/02\/MOSK_Kizlar.jpg\" alt=\"MOSK Kizlar\" width=\"460\" height=\"345\" srcset=\"https:\/\/yeni.maliyeokulu.org.tr\/wp-content\/uploads\/2015\/02\/MOSK_Kizlar.jpg 960w, https:\/\/yeni.maliyeokulu.org.tr\/wp-content\/uploads\/2015\/02\/MOSK_Kizlar-300x225.jpg 300w, https:\/\/yeni.maliyeokulu.org.tr\/wp-content\/uploads\/2015\/02\/MOSK_Kizlar-768x576.jpg 768w\" sizes=\"(max-width: 460px) 100vw, 460px\" \/><\/span><\/span><\/span><\/p>\n<p style=\"text-align: center;\"><span style=\"text-align: left;\"><span class=\"text_exposed_show\" style=\"display: inline; color: #141823; font-family: Helvetica, Arial, 'lucida grande', tahoma, verdana, arial, sans-serif; font-size: 14px; line-height: 19px;\"><span style=\"text-align: center;\"><span style=\"font-size: 13px;\">Maliye Okulu Spor Kul\u00fcb\u00fc K\u0131zlar Voleybol tak\u0131m\u0131m\u0131z Ankara B\u00f6lgesel Ligde yapt\u0131\u011f\u0131 \u00fc\u00e7 kar\u015f\u0131la\u015fmay\u0131 3-0 kazanarak adlar\u0131n\u0131 T\u00fcrkiye finallerine yazd\u0131rd\u0131lar.<\/span><\/span><\/span><\/span><\/p>\n<p style=\"text-align: center;\"><span style=\"text-align: left;\"><span class=\"text_exposed_show\" style=\"display: inline; color: #141823; font-family: Helvetica, Arial, 'lucida grande', tahoma, verdana, arial, sans-serif; font-size: 14px; line-height: 19px;\"><span style=\"text-align: center;\"><span style=\"font-size: 13px;\">Tak\u0131m\u0131m\u0131z 13-14-15 \u015eubat tarihlerinde daha sonra a\u00e7\u0131klanacak bir ilde, 3. lige \u00e7\u0131kmak i\u00e7in T\u00fcrkiye&#8217;nin d\u00f6rt bir yerinden gelecek tak\u0131mlarla m\u00fccadele edecek. Onlarla ne kadar gurur duysak azd\u0131r.<\/span><\/span><\/span><\/span><\/p>\n<p style=\"text-align: center;\"><span style=\"text-align: left;\"><span class=\"text_exposed_show\" style=\"display: inline; color: #141823; font-family: Helvetica, Arial, 'lucida grande', tahoma, verdana, arial, sans-serif; font-size: 14px; line-height: 19px;\"><span style=\"text-align: center;\"><span style=\"font-size: 13px;\">Haydi Mezunlar, finallerde bulu\u015fmak \u00fczere&#8230;<\/span><\/span><\/span><\/span><\/p>\n<h3 align=\"center\"><span style=\"text-align: left;\">HEP DESTEK TAM DESTEK<\/span><\/h3>\n<p>Bildi\u011finiz gibi, Maliye Okulu Mezunlar\u0131 Spor Kul\u00fcb\u00fc&#8217;ne \u00fcyelik ve aidat katk\u0131lar\u0131n\u0131z i\u00e7in 8044 ile anla\u015fm\u0131\u015ft\u0131k. Ancak bu firman\u0131n altyap\u0131s\u0131nda ya\u015fad\u0131\u011f\u0131 sorunlar nedeniyle, daha \u00f6nce \u00e7al\u0131\u015fm\u0131\u015f oldu\u011fumuz 7979 ile yeniden \u00e7al\u0131\u015fma karar\u0131 ald\u0131k.<\/p>\n<div>Mezunlar\u0131m\u0131z\u0131n cep telefonlar\u0131na bundan b\u00f6yle&nbsp;<strong>7979<\/strong>&#8216;dan a\u015fa\u011f\u0131daki mesaj gelecektir.<\/p>\n<p>&#8220;<strong><em>Maliye Okulu Mezunlar\u0131 Spor Kul\u00fcb\u00fc&#8217;ne \u00fcye olmak i\u00e7in l\u00fctfen \u2018Evet\u2019 yazarak bu mesaj\u0131 cevaplay\u0131n. Aidat \u00f6demeniz ayl\u0131k 10 TL \u00fczerinden 24 ay tahsil edilecektir.<\/em><\/strong>&#8220;<\/p>\n<p><img decoding=\"async\" class=\" alignright size-full wp-image-4793\" style=\"margin: 5px; float: right;\" src=\"https:\/\/yeni.maliyeokulu.org.tr\/wp-content\/uploads\/2015\/02\/maltinay.png\" alt=\"maltinay\" width=\"200\" height=\"200\" srcset=\"https:\/\/yeni.maliyeokulu.org.tr\/wp-content\/uploads\/2015\/02\/maltinay.png 440w, https:\/\/yeni.maliyeokulu.org.tr\/wp-content\/uploads\/2015\/02\/maltinay-300x300.png 300w, https:\/\/yeni.maliyeokulu.org.tr\/wp-content\/uploads\/2015\/02\/maltinay-150x150.png 150w\" sizes=\"(max-width: 200px) 100vw, 200px\" \/><\/p>\n<p>Bu mesaja &#8220;Evet&#8221; diyen mezunlar\u0131m\u0131z 24 ay boyunca, her ay kul\u00fcb\u00fcm\u00fcze 10 TL aidat \u00f6deyeceklerdir.<\/p>\n<p>Bu mesaj kul\u00fcb\u00fcm\u00fcz\u00fcn bilgisi ve y\u00f6netim kurulumuzun ald\u0131\u011f\u0131 karar do\u011frultusunda g\u00f6nderilecektir. Amac\u0131m\u0131z kul\u00fcb\u00fcm\u00fcze maddi destek sa\u011flamak ve mezunlar\u0131m\u0131z aras\u0131ndaki ba\u011f\u0131 daha da g\u00fc\u00e7lendirmektir.<\/p>\n<\/div>\n<div><strong>L\u00fctfen sizi aray\u0131p bu mesaj konusunda bilgi almak isteyenlere \u00fcye kay\u0131t ve aidat toplama i\u015flemlerinin Genel Merkez bilgisi dahilinde oldu\u011fu ve mezunlar\u0131m\u0131z\u0131n deste\u011finin kul\u00fcb\u00fcm\u00fcz\u00fcn ya\u015famas\u0131 a\u00e7\u0131s\u0131ndan ne derece \u00f6nemli oldu\u011funu iletmenizdir.&nbsp;<\/strong>Bu konuda herhangi bir sorunuz olursa Y\u00f6netim Kurulu \u00dcyemiz Say\u0131n Mustafa ALTUNAY&#8217;dan detayl\u0131 bilgi alabilirsiniz. (<strong>0530 343 88 54<\/strong>)<\/div>\n<div>\n<p>\u00c7al\u0131\u015fmalar\u0131n\u0131zda ba\u015far\u0131lar, sa\u011fl\u0131k ve mutluluk dolu bir hayat dileriz.<\/p>\n<p style=\"text-align: center;\">Maliye Okulu Mezunlar\u0131 Spor Kul\u00fcb\u00fc Ad\u0131na<\/p>\n<\/div>\n<div>\n<table style=\"margin-left: auto; margin-right: auto;\" border=\"0\">\n<tbody>\n<tr>\n<td><strong><span style=\"font-family: Arial, Helvetica, sans-serif; font-size: 12px; line-height: 18px;\">Turgay O\u011fuz &nbsp; &nbsp; &nbsp; &nbsp; &nbsp; &nbsp; &nbsp; &nbsp; &nbsp; &nbsp; &nbsp; &nbsp; &nbsp; &nbsp;&nbsp;<\/span><\/strong><\/td>\n<td><strong><span style=\"font-family: Arial, Helvetica, sans-serif; font-size: 12px; line-height: 18px;\">&nbsp;Ayd\u0131n \u015eenel<\/span><\/strong><\/td>\n<\/tr>\n<tr>\n<td><span style=\"font-family: Arial, Helvetica, sans-serif; font-size: 12px; line-height: 18px;\">Ba\u015fkan<\/span><\/td>\n<td>Ba\u015fkan Vekili<\/td>\n<\/tr>\n<\/tbody>\n<\/table>\n<\/div>\n<div>\n<p style=\"text-align: center;\"><span style=\"color: #222222; font-family: Calibri, sans-serif; font-size: 11pt; line-height: normal;\"><\/span>|\u00a7|\u00a7|\u00a7|\u00a7|\u00a7|\u00a7|\u00a7|\u00a7|\u00a7|<\/p>\n<h3 style=\"text-align: justify;\"><span style=\"text-align: left;\">\u0130LET\u0130\u015e\u0130M B\u0130LG\u0130LER\u0130M\u0130Z\u0130 G\u00d6N\u00dcLL\u00dc MEZUNLARIMIZLA G\u00dcNCELL\u0130YORUZ<\/span><\/h3>\n<p style=\"text-align: justify;\" data-ft=\"{\">De\u011ferli Mezunlar\u0131m\u0131z,<\/p>\n<p><img loading=\"lazy\" decoding=\"async\" class=\" alignleft size-full wp-image-4794\" style=\"margin: 4px; float: left;\" src=\"https:\/\/yeni.maliyeokulu.org.tr\/wp-content\/uploads\/2015\/02\/iletisim.jpg\" alt=\"iletisim\" width=\"138\" height=\"122\" srcset=\"https:\/\/yeni.maliyeokulu.org.tr\/wp-content\/uploads\/2015\/02\/iletisim.jpg 338w, https:\/\/yeni.maliyeokulu.org.tr\/wp-content\/uploads\/2015\/02\/iletisim-300x266.jpg 300w\" sizes=\"(max-width: 138px) 100vw, 138px\" \/><\/p>\n<p>Maliye Okulu Mezunlar\u0131 Derne\u011fi ve Maliye Okulu Mezunlar\u0131 Spor Kul\u00fcb\u00fc olarak, belirleyece\u011fimiz d\u00f6nem temsilcileri vas\u0131tas\u0131yla mezunlar\u0131m\u0131z\u0131n tamam\u0131na ula\u015fabilmek amac\u0131yla %100 mezunun ileti\u015fim bilgisini toplamay\u0131 hedefleyen bir ileti\u015fim a\u011f\u0131 olu\u015fturuyoruz.<\/p>\n<p>Bu \u00e7er\u00e7evede, Ankara, \u0130stanbul ve \u0130zmir&#8217;de ya\u015fayan, her d\u00f6nemden g\u00f6n\u00fcll\u00fc olacak birer mezunumuzu kendi d\u00f6nemlerinin temsilcisi olarak g\u00f6rmek istiyoruz. Bu \u015fekilde g\u00f6rev kabul edecek arkada\u015flar\u0131m\u0131z\u0131n yard\u0131m\u0131yla t\u00fcm mezunlar\u0131m\u0131z\u0131n (yakla\u015f\u0131k 5000 ki\u015fi) ileti\u015fim bilgilerine ula\u015fmak amac\u0131nday\u0131z. S\u00f6z konusu bilgiler derne\u011fimiz \u0130stanbul \u015eubesinde olu\u015fturulan veri taban\u0131nda toplanacak (Av. Dilek TA\u015e\u00d6REN) ve Dernek Genel Merkezimiz ile Spor Kul\u00fcb\u00fcm\u00fcze sunulacakt\u0131r.<\/p>\n<p>Temsilcilerin g\u00f6revi, mezunlar\u0131m\u0131z\u0131n ileti\u015fim bilgilerinin g\u00fcncel kalmas\u0131n\u0131 sa\u011flamak d\u0131\u015f\u0131nda gerek Derne\u011fimizin gerekse Spor Kul\u00fcb\u00fcm\u00fcz\u00fcn her t\u00fcrl\u00fc duyuru ve etkinli\u011fini sadece kendi d\u00f6nem arkada\u015flar\u0131na iletmek olacakt\u0131r.<\/p>\n<p>D\u00f6nem Temsilcisi g\u00f6revini g\u00f6n\u00fcll\u00fc olarak \u00fcstlenmek isteyen mezunlar\u0131m\u0131z\u0131n kendi irtibat bilgilerini en k\u0131sa s\u00fcrede Ankara&#8217;da Ahmet KAYA (0532 3527781 &#8211;&nbsp;<a href=\"mailto:akaya1719@gmail.com\">akaya1719@gmail.com<\/a>), \u0130stanbul&#8217;da \u00d6mer L\u00fctfi \u00d6ZEN\u00c7 (0532 2876294 &#8211;&nbsp;<a href=\"mailto:omerozenc@gmail.com\">omerozenc@gmail.com<\/a>) ve \u0130zmir&#8217;de Nusret ORHAN&#8217;a (0535 3073553 \u2013&nbsp;<a href=\"mailto:nusretorhan1905@gmail.com\">nusretorhan1905@gmail.com<\/a>) bildirmelerini bekliyoruz.<\/p>\n<p>T\u00fcm mezunlar\u0131m\u0131za, \u00e7al\u0131\u015fmalar\u0131m\u0131za verdikleri\/verecekleri yard\u0131m ve desteklerinden dolay\u0131 \u00e7ok te\u015fekk\u00fcr ederiz.<\/p>\n<p>Sayg\u0131lar\u0131m\u0131zla,<\/p>\n<p class=\"uiStreamMessage userContentWrapper\" style=\"text-align: center;\" data-ft=\"{\"><span class=\"messageBody\" data-ft=\"{\">|\u00a7|\u00a7|\u00a7|\u00a7|\u00a7|\u00a7|\u00a7|\u00a7|\u00a7|<br \/><\/span><\/p>\n<h3 style=\"color: #2276c2; text-align: -webkit-auto;\"><span style=\"color: #000000;\">Makaleler<\/span><\/h3>\n<p><strong>\u0130zmir Maliye&nbsp;Meslek Lisesi<\/strong>&nbsp;(1989) mezunumuz E. Hesap Uzman\u0131 Zihni KARTAL&#8217;\u0131n &#8220;<strong>Tek Ki\u015filik Dev \u015eirkete Vergisel Bak\u0131\u015f<\/strong>&#8221; ba\u015fl\u0131kl\u0131 iki makalesi, yeni T\u00fcrk Ticaret Kanunu ile ihdas edilen tek ki\u015filik \u015firketlerin olu\u015fumlar\u0131n\u0131 ve vergi bor\u00e7lar\u0131 a\u00e7\u0131s\u0131ndan nas\u0131l yakla\u015f\u0131lmas\u0131n\u0131n uygun olaca\u011f\u0131 noktalar\u0131na \u0131\u015f\u0131k tutuyor.<\/p>\n<p style=\"color: #646464; text-align: -webkit-auto;\"><span style=\"color: #000000;\">Mezunumuzun \u00fclkemiz ticaret hukukuna yeni giren tek ki\u015filik \u015firket kavram\u0131n\u0131 ve vergisel y\u00f6nden de\u011ferlendirmelerini i\u00e7eren makalelerini okumak i\u00e7in l\u00fctfen&nbsp;<a style=\"color: #2276c2;\" href=\"index.php?option=com_content&#038;view=article&#038;id=480;tek-kiilik-dev-irkete-vergisel-bak-i&#038;catid=57;tax&#038;Itemid=193\" target=\"_self\" rel=\"noopener\"><span style=\"color: #000000;\">t\u0131klay\u0131n\u0131z<\/span><\/a>.<\/span><\/p>\n<p style=\"color: #646464; text-align: center;\"><span style=\"color: #000000;\">|\u00a7|\u00a7|\u00a7|\u00a7|\u00a7|\u00a7|\u00a7|\u00a7|\u00a7|<\/span><\/p>\n<p><span style=\"color: #ff0000;\"><br \/>\n<object style=\"margin-right: auto; margin-left: auto; display: block;\" data=\"media\/jce\/mediaplayer\/mediaplayer.swf\" type=\"application\/x-shockwave-flash\" width=\"320\" height=\"180\"><param name=\"wmode\" value=\"opaque\" \/><param name=\"allowfullscreen\" value=\"true\" \/><param name=\"flashvars\" value=\"src=http:\/\/www.maliyeokulu.org.tr\/images\/stories\/fotos\/momder2.flv?controlBarMode=none&#038;loop=true&#038;autoPlay=true&#038;muted=true&#038;playButtonOverlay=false&#038;bufferingOverlay=false&#038;volume=0\" \/><param name=\"movie\" value=\"media\/jce\/mediaplayer\/mediaplayer.swf\" \/><\/object><br \/>\n <\/span><\/p>\n<\/div>\n","protected":false},"excerpt":{"rendered":"<p>MOMDER GENEL MERKEZ\u0130 DUYURUSU Bilindi\u011fi \u00fczere, Maliye Okulu Mezunlar\u0131 Derne\u011fi olarak \u00f6nceki y\u00f6netimimiz d\u00f6neminde hayata ge\u00e7irilen&nbsp;SMS Bilgilendirme Sistemi&nbsp;&nbsp;aktif olarak \u00e7al\u0131\u015fmakta olup mezunlar\u0131m\u0131z aras\u0131nda en h\u0131zl\u0131 ve do\u011frudan haberle\u015fme kayna\u011f\u0131m\u0131zd\u0131r. SMS sistemiyle sosyal payla\u015f\u0131m siteleri (\u00f6zellikle Facebook) ortam\u0131ndan da etkili bir haberle\u015fme ger\u00e7ekle\u015fmekte, ancak bazen burada yer verilen bilgilerin zamanla sayfan\u0131n alt\u0131nda kalmas\u0131 veya herkesin herg\u00fcn [&hellip;]<\/p>\n","protected":false},"author":1,"featured_media":4791,"comment_status":"open","ping_status":"open","sticky":false,"template":"","format":"standard","meta":{"_eb_attr":"","_gspb_post_css":"","_crdt_document":"","footnotes":""},"categories":[121],"tags":[],"class_list":["post-4795","post","type-post","status-publish","format-standard","has-post-thumbnail","hentry","category-haber-arsivi"],"blocksy_meta":[],"_links":{"self":[{"href":"https:\/\/yeni.maliyeokulu.org.tr\/index.php?rest_route=\/wp\/v2\/posts\/4795","targetHints":{"allow":["GET"]}}],"collection":[{"href":"https:\/\/yeni.maliyeokulu.org.tr\/index.php?rest_route=\/wp\/v2\/posts"}],"about":[{"href":"https:\/\/yeni.maliyeokulu.org.tr\/index.php?rest_route=\/wp\/v2\/types\/post"}],"author":[{"embeddable":true,"href":"https:\/\/yeni.maliyeokulu.org.tr\/index.php?rest_route=\/wp\/v2\/users\/1"}],"replies":[{"embeddable":true,"href":"https:\/\/yeni.maliyeokulu.org.tr\/index.php?rest_route=%2Fwp%2Fv2%2Fcomments&post=4795"}],"version-history":[{"count":1,"href":"https:\/\/yeni.maliyeokulu.org.tr\/index.php?rest_route=\/wp\/v2\/posts\/4795\/revisions"}],"predecessor-version":[{"id":18357,"href":"https:\/\/yeni.maliyeokulu.org.tr\/index.php?rest_route=\/wp\/v2\/posts\/4795\/revisions\/18357"}],"wp:featuredmedia":[{"embeddable":true,"href":"https:\/\/yeni.maliyeokulu.org.tr\/index.php?rest_route=\/wp\/v2\/media\/4791"}],"wp:attachment":[{"href":"https:\/\/yeni.maliyeokulu.org.tr\/index.php?rest_route=%2Fwp%2Fv2%2Fmedia&parent=4795"}],"wp:term":[{"taxonomy":"category","embeddable":true,"href":"https:\/\/yeni.maliyeokulu.org.tr\/index.php?rest_route=%2Fwp%2Fv2%2Fcategories&post=4795"},{"taxonomy":"post_tag","embeddable":true,"href":"https:\/\/yeni.maliyeokulu.org.tr\/index.php?rest_route=%2Fwp%2Fv2%2Ftags&post=4795"}],"curies":[{"name":"wp","href":"https:\/\/api.w.org\/{rel}","templated":true}]}}