{"id":4800,"date":"2016-01-22T14:43:32","date_gmt":"2016-01-22T12:43:32","guid":{"rendered":"https:\/\/yeni.maliyeokulu.org.tr\/kamer-genci-yitirdik\/"},"modified":"2026-01-22T00:57:01","modified_gmt":"2026-01-21T21:57:01","slug":"kamer-genci-yitirdik","status":"publish","type":"post","link":"https:\/\/yeni.maliyeokulu.org.tr\/?p=4800","title":{"rendered":"Kamer Gen\u00e7&#8217;i Yitirdik"},"content":{"rendered":"<h2 style=\"text-align: center;\"><strong>KAMER A\u011eABEY\u0130M\u0130Z\u0130 KAYBETT\u0130K<\/strong><\/h2>\n<p><img fetchpriority=\"high\" decoding=\"async\" class=\" size-full wp-image-4799\" style=\"display: block; margin-left: auto; margin-right: auto;\" src=\"https:\/\/yeni.maliyeokulu.org.tr\/wp-content\/uploads\/2016\/05\/kamergenc.jpg\" alt=\"kamergenc\" width=\"411\" height=\"171\" srcset=\"https:\/\/yeni.maliyeokulu.org.tr\/wp-content\/uploads\/2016\/05\/kamergenc.jpg 620w, https:\/\/yeni.maliyeokulu.org.tr\/wp-content\/uploads\/2016\/05\/kamergenc-300x125.jpg 300w\" sizes=\"(max-width: 411px) 100vw, 411px\" \/><\/p>\n<p style=\"text-align: center;\">Sayg\u0131de\u011fer A\u011fabeyimize Tanr\u0131dan rahmet, ailesi, yak\u0131nlar\u0131 ve Maliye Okulu camiam\u0131za ba\u015fsa\u011fl\u0131\u011f\u0131 dileriz.<\/p>\n<p style=\"text-align: center;\">Maliye Okulu Mezunlar\u0131 Derne\u011fi<br \/>Genel Merkezi<\/p>\n<p style=\"text-align: center;\">$|$|$|$|$|$|$|$|$&nbsp;<\/p>\n","protected":false},"excerpt":{"rendered":"<p>KAMER A\u011eABEY\u0130M\u0130Z\u0130 KAYBETT\u0130K Sayg\u0131de\u011fer A\u011fabeyimize Tanr\u0131dan rahmet, ailesi, yak\u0131nlar\u0131 ve Maliye Okulu camiam\u0131za ba\u015fsa\u011fl\u0131\u011f\u0131 dileriz. Maliye Okulu Mezunlar\u0131 Derne\u011fiGenel Merkezi $|$|$|$|$|$|$|$|$&nbsp;<\/p>\n","protected":false},"author":1,"featured_media":4799,"comment_status":"open","ping_status":"open","sticky":false,"template":"","format":"standard","meta":{"_eb_attr":"","_gspb_post_css":"","_crdt_document":"","footnotes":""},"categories":[121],"tags":[],"class_list":["post-4800","post","type-post","status-publish","format-standard","has-post-thumbnail","hentry","category-haber-arsivi"],"blocksy_meta":[],"_links":{"self":[{"href":"https:\/\/yeni.maliyeokulu.org.tr\/index.php?rest_route=\/wp\/v2\/posts\/4800","targetHints":{"allow":["GET"]}}],"collection":[{"href":"https:\/\/yeni.maliyeokulu.org.tr\/index.php?rest_route=\/wp\/v2\/posts"}],"about":[{"href":"https:\/\/yeni.maliyeokulu.org.tr\/index.php?rest_route=\/wp\/v2\/types\/post"}],"author":[{"embeddable":true,"href":"https:\/\/yeni.maliyeokulu.org.tr\/index.php?rest_route=\/wp\/v2\/users\/1"}],"replies":[{"embeddable":true,"href":"https:\/\/yeni.maliyeokulu.org.tr\/index.php?rest_route=%2Fwp%2Fv2%2Fcomments&post=4800"}],"version-history":[{"count":1,"href":"https:\/\/yeni.maliyeokulu.org.tr\/index.php?rest_route=\/wp\/v2\/posts\/4800\/revisions"}],"predecessor-version":[{"id":18354,"href":"https:\/\/yeni.maliyeokulu.org.tr\/index.php?rest_route=\/wp\/v2\/posts\/4800\/revisions\/18354"}],"wp:featuredmedia":[{"embeddable":true,"href":"https:\/\/yeni.maliyeokulu.org.tr\/index.php?rest_route=\/wp\/v2\/media\/4799"}],"wp:attachment":[{"href":"https:\/\/yeni.maliyeokulu.org.tr\/index.php?rest_route=%2Fwp%2Fv2%2Fmedia&parent=4800"}],"wp:term":[{"taxonomy":"category","embeddable":true,"href":"https:\/\/yeni.maliyeokulu.org.tr\/index.php?rest_route=%2Fwp%2Fv2%2Fcategories&post=4800"},{"taxonomy":"post_tag","embeddable":true,"href":"https:\/\/yeni.maliyeokulu.org.tr\/index.php?rest_route=%2Fwp%2Fv2%2Ftags&post=4800"}],"curies":[{"name":"wp","href":"https:\/\/api.w.org\/{rel}","templated":true}]}}