{"id":4802,"date":"2017-01-20T22:42:11","date_gmt":"2017-01-20T19:42:11","guid":{"rendered":"https:\/\/yeni.maliyeokulu.org.tr\/ataaphotos\/"},"modified":"2025-08-02T18:25:36","modified_gmt":"2025-08-02T15:25:36","slug":"ataaphotos","status":"publish","type":"post","link":"https:\/\/yeni.maliyeokulu.org.tr\/?p=4802","title":{"rendered":"Atat\u00fcrk Foto\u011fraflar\u0131"},"content":{"rendered":"<h1 style=\"text-align: center;\"><span style=\"font-family: impact, chicago;\">Ulu \u00d6nderimiz<\/span><\/h1>\n<h1 style=\"text-align: center;\"><span style=\"font-family: impact, chicago;\">Gazi Mustafa Kemal Atat\u00fcrk<\/span><\/h1>\n<p style=\"text-align: center;\">[widgetkit id=32]<\/p>\n<h2 style=\"text-align: center;\">\u00d6zlem, Minnet ve \u015e\u00fckranla An\u0131yoruz<\/h2>\n<p>&nbsp;<\/p>\n<div style=\"text-align: center;\">\n<audio autoplay=\"autoplay\" controls=\"controls\" type=\"audio\/mpeg\"><source src=\"images\/Ataturk\/izmir_Marsi.mp3\" type=\"audio\/mp3\" \/><\/audio>\n<\/div>\n","protected":false},"excerpt":{"rendered":"<p>Ulu \u00d6nderimiz Gazi Mustafa Kemal Atat\u00fcrk [widgetkit id=32] \u00d6zlem, Minnet ve \u015e\u00fckranla An\u0131yoruz &nbsp;<\/p>\n","protected":false},"author":1,"featured_media":0,"comment_status":"open","ping_status":"open","sticky":false,"template":"","format":"standard","meta":{"_eb_attr":"","_gspb_post_css":"","_crdt_document":"","footnotes":""},"categories":[121],"tags":[],"class_list":["post-4802","post","type-post","status-publish","format-standard","hentry","category-haber-arsivi"],"blocksy_meta":[],"_links":{"self":[{"href":"https:\/\/yeni.maliyeokulu.org.tr\/index.php?rest_route=\/wp\/v2\/posts\/4802","targetHints":{"allow":["GET"]}}],"collection":[{"href":"https:\/\/yeni.maliyeokulu.org.tr\/index.php?rest_route=\/wp\/v2\/posts"}],"about":[{"href":"https:\/\/yeni.maliyeokulu.org.tr\/index.php?rest_route=\/wp\/v2\/types\/post"}],"author":[{"embeddable":true,"href":"https:\/\/yeni.maliyeokulu.org.tr\/index.php?rest_route=\/wp\/v2\/users\/1"}],"replies":[{"embeddable":true,"href":"https:\/\/yeni.maliyeokulu.org.tr\/index.php?rest_route=%2Fwp%2Fv2%2Fcomments&post=4802"}],"version-history":[{"count":1,"href":"https:\/\/yeni.maliyeokulu.org.tr\/index.php?rest_route=\/wp\/v2\/posts\/4802\/revisions"}],"predecessor-version":[{"id":18353,"href":"https:\/\/yeni.maliyeokulu.org.tr\/index.php?rest_route=\/wp\/v2\/posts\/4802\/revisions\/18353"}],"wp:attachment":[{"href":"https:\/\/yeni.maliyeokulu.org.tr\/index.php?rest_route=%2Fwp%2Fv2%2Fmedia&parent=4802"}],"wp:term":[{"taxonomy":"category","embeddable":true,"href":"https:\/\/yeni.maliyeokulu.org.tr\/index.php?rest_route=%2Fwp%2Fv2%2Fcategories&post=4802"},{"taxonomy":"post_tag","embeddable":true,"href":"https:\/\/yeni.maliyeokulu.org.tr\/index.php?rest_route=%2Fwp%2Fv2%2Ftags&post=4802"}],"curies":[{"name":"wp","href":"https:\/\/api.w.org\/{rel}","templated":true}]}}