{"id":4817,"date":"2017-05-12T08:55:30","date_gmt":"2017-05-12T05:55:30","guid":{"rendered":"https:\/\/yeni.maliyeokulu.org.tr\/antmomder\/"},"modified":"2025-08-02T18:25:36","modified_gmt":"2025-08-02T15:25:36","slug":"antmomder","status":"publish","type":"post","link":"https:\/\/yeni.maliyeokulu.org.tr\/?p=4817","title":{"rendered":"Antalya MOMDER"},"content":{"rendered":"<h2>Y\u00f6netim Kurulu<\/h2>\n<ul class=\"checkbox\" style=\"color: #646464;\">\n<li style=\"background-image: url('images\/typography\/list_checkbox.png');\">\n<h4>Asil \u00dcyeler<\/h4>\n<\/li>\n<li>Atilla G\u00dcM\u00dc\u015e &#8211; \u015eube Ba\u015fkan\u0131 (\u0130zmir-19839<\/li>\n<li>\u00d6zdemir KANICI &#8211; Ba\u015fkan Yrd. (Ankara-1981)<\/li>\n<li>\u00d6mer Faruk AYDO\u011eDU &#8211; Genel Sekreter (\u0130zmir-1985)<\/li>\n<li>G\u00fcl\u00fcmser G\u00dcL &#8211; Sayman (\u0130zmir-1988)<\/li>\n<li>Raziye AR &#8211; Asil \u00dcye (\u0130&lt;mir-1988)<\/li>\n<\/ul>\n<div style=\"color: #646464;\">\n<h2>Denetim Kurulu<\/h2>\n<p><strong><br \/><\/strong><\/div>\n<ul class=\"plus check checkbox\" style=\"color: #646464;\">\n<li>\n<h4>Mustafa YILDIZ &#8211; Ba\u015fkan (Ankara-1981)<\/h4>\n<\/li>\n<li>\n<h4>Veli Hakan BOSTAN (\u0130zmir-1995)<\/h4>\n<\/li>\n<li>\n<h4>Halil Hakan ULUSOY (\u0130zmir-1986)<\/h4>\n<\/li>\n<\/ul>\n<h2>Dan\u0131\u015fma Meclisi<\/h2>\n<ul class=\"star\">\n<li>\n<h4>Cuma OLGUN (Ankara-1977)<\/h4>\n<\/li>\n<li>\n<h4>Nazife KOCABEYO\u011eLU (\u0130zmir-1988)<\/h4>\n<\/li>\n<li>\n<h4>Sel\u00e7uk TEMUR (Ankara-1982)<\/h4>\n<\/li>\n<\/ul>\n","protected":false},"excerpt":{"rendered":"<p>Y\u00f6netim Kurulu Asil \u00dcyeler Atilla G\u00dcM\u00dc\u015e &#8211; \u015eube Ba\u015fkan\u0131 (\u0130zmir-19839 \u00d6zdemir KANICI &#8211; Ba\u015fkan Yrd. (Ankara-1981) \u00d6mer Faruk AYDO\u011eDU &#8211; Genel Sekreter (\u0130zmir-1985) G\u00fcl\u00fcmser G\u00dcL &#8211; Sayman (\u0130zmir-1988) Raziye AR &#8211; Asil \u00dcye (\u0130&lt;mir-1988) Denetim Kurulu Mustafa YILDIZ &#8211; Ba\u015fkan (Ankara-1981) Veli Hakan BOSTAN (\u0130zmir-1995) Halil Hakan ULUSOY (\u0130zmir-1986) Dan\u0131\u015fma Meclisi Cuma OLGUN (Ankara-1977) Nazife [&hellip;]<\/p>\n","protected":false},"author":1,"featured_media":0,"comment_status":"open","ping_status":"open","sticky":false,"template":"","format":"standard","meta":{"_eb_attr":"","_gspb_post_css":"","_crdt_document":"","footnotes":""},"categories":[121],"tags":[],"class_list":["post-4817","post","type-post","status-publish","format-standard","hentry","category-haber-arsivi"],"blocksy_meta":[],"_links":{"self":[{"href":"https:\/\/yeni.maliyeokulu.org.tr\/index.php?rest_route=\/wp\/v2\/posts\/4817","targetHints":{"allow":["GET"]}}],"collection":[{"href":"https:\/\/yeni.maliyeokulu.org.tr\/index.php?rest_route=\/wp\/v2\/posts"}],"about":[{"href":"https:\/\/yeni.maliyeokulu.org.tr\/index.php?rest_route=\/wp\/v2\/types\/post"}],"author":[{"embeddable":true,"href":"https:\/\/yeni.maliyeokulu.org.tr\/index.php?rest_route=\/wp\/v2\/users\/1"}],"replies":[{"embeddable":true,"href":"https:\/\/yeni.maliyeokulu.org.tr\/index.php?rest_route=%2Fwp%2Fv2%2Fcomments&post=4817"}],"version-history":[{"count":1,"href":"https:\/\/yeni.maliyeokulu.org.tr\/index.php?rest_route=\/wp\/v2\/posts\/4817\/revisions"}],"predecessor-version":[{"id":18348,"href":"https:\/\/yeni.maliyeokulu.org.tr\/index.php?rest_route=\/wp\/v2\/posts\/4817\/revisions\/18348"}],"wp:attachment":[{"href":"https:\/\/yeni.maliyeokulu.org.tr\/index.php?rest_route=%2Fwp%2Fv2%2Fmedia&parent=4817"}],"wp:term":[{"taxonomy":"category","embeddable":true,"href":"https:\/\/yeni.maliyeokulu.org.tr\/index.php?rest_route=%2Fwp%2Fv2%2Fcategories&post=4817"},{"taxonomy":"post_tag","embeddable":true,"href":"https:\/\/yeni.maliyeokulu.org.tr\/index.php?rest_route=%2Fwp%2Fv2%2Ftags&post=4817"}],"curies":[{"name":"wp","href":"https:\/\/api.w.org\/{rel}","templated":true}]}}