{"id":4822,"date":"2017-07-05T11:29:12","date_gmt":"2017-07-05T08:29:12","guid":{"rendered":"https:\/\/yeni.maliyeokulu.org.tr\/stanbul-olaan-genel-kurul-2017\/"},"modified":"2025-08-02T18:25:36","modified_gmt":"2025-08-02T15:25:36","slug":"stanbul-olaan-genel-kurul-2017","status":"publish","type":"post","link":"https:\/\/yeni.maliyeokulu.org.tr\/?p=4822","title":{"rendered":"\u0130stanbul Ola\u011fan Genel Kurul 2017"},"content":{"rendered":"<p style=\"margin-top: 0px; margin-bottom: 0px; color: #222222; font-family: arial, sans-serif; font-size: 12.8px; text-align: center;\" align=\"center\"><strong style=\"font-size: 12.8px;\"><span style=\"font-size: 14pt; font-family: cambria, serif;\"><img decoding=\"async\" class=\" size-full wp-image-4821\" style=\"font-family: arial, sans-serif; font-size: 12.8px;\" src=\"https:\/\/yeni.maliyeokulu.org.tr\/wp-content\/uploads\/2017\/07\/malok1.png\" alt=\"malok1\" width=\"103\" height=\"106\" \/><\/span><\/strong><\/p>\n<p style=\"margin-top: 0px; margin-bottom: 0px; color: #222222; font-family: arial, sans-serif; font-size: 12.8px; text-align: center;\" align=\"center\"><strong style=\"font-size: 12.8px;\"><span style=\"font-size: 14pt; font-family: cambria, serif;\"><\/span><\/strong><\/p>\n<p style=\"margin-top: 0px; margin-bottom: 0px; color: #222222; font-family: arial, sans-serif; font-size: 12.8px; text-align: center;\" align=\"center\"><strong style=\"font-size: 12.8px;\"><span style=\"font-size: 14pt; font-family: cambria, serif;\">MAL\u0130YE OKULU MEZUNLARI DERNE\u011e\u0130 \u0130STANBUL \u015eUBES\u0130NDEN<\/span><\/strong><\/p>\n<p style=\"margin-top: 0px; margin-bottom: 0px; color: #222222; font-family: arial, sans-serif; font-size: 12.8px; text-align: center;\" align=\"center\"><strong style=\"font-size: 12.8px;\"><span style=\"font-size: 14pt; font-family: cambria, serif;\">GENEL KURUL SONU\u00c7 DUYURUSU<\/span><\/strong><\/p>\n<p>De\u011ferli \u00dcyemiz;<\/p>\n<p>Derne\u011fimiz \u0130stanbul \u015eubesi Genel Kurulu 13 Haziran 2017 tarihinde saat 19.00\u2019da Biz Cevahir Hotel \u0130stanbul, \u201cB\u00fcy\u00fckdere Caddesi No:117 34349 Gayrettepe \u2013 \u0130stanbul\u201d adresinde yap\u0131lm\u0131\u015ft\u0131r.&nbsp;<\/p>\n<p>Genel Kurulda yap\u0131lan se\u00e7im sonucunda y\u00f6netim kurulu \u00fcyeliklerine se\u00e7ilen mezunlar\u0131m\u0131z a\u015fa\u011f\u0131daki gibidir:<\/p>\n<p><!--more--><\/p>\n<p>&nbsp;<\/p>\n<p>&#8211; Yusuf AK\u00c7A&nbsp;<br \/>&#8211; Ayd\u0131n DEDE<br \/>&#8211; T\u00fclay O\u011eHAN<br \/>&#8211; Mehmet YILDIZ<br \/>&#8211; Celali YILMAZ<br \/>&#8211; D\u00fcndar CO\u015eKUN<br \/>&#8211; Dilek TA\u015e\u00d6REN<\/p>\n","protected":false},"excerpt":{"rendered":"<p>MAL\u0130YE OKULU MEZUNLARI DERNE\u011e\u0130 \u0130STANBUL \u015eUBES\u0130NDEN GENEL KURUL SONU\u00c7 DUYURUSU De\u011ferli \u00dcyemiz; Derne\u011fimiz \u0130stanbul \u015eubesi Genel Kurulu 13 Haziran 2017 tarihinde saat 19.00\u2019da Biz Cevahir Hotel \u0130stanbul, \u201cB\u00fcy\u00fckdere Caddesi No:117 34349 Gayrettepe \u2013 \u0130stanbul\u201d adresinde yap\u0131lm\u0131\u015ft\u0131r.&nbsp; Genel Kurulda yap\u0131lan se\u00e7im sonucunda y\u00f6netim kurulu \u00fcyeliklerine se\u00e7ilen mezunlar\u0131m\u0131z a\u015fa\u011f\u0131daki gibidir:<\/p>\n","protected":false},"author":1,"featured_media":0,"comment_status":"open","ping_status":"open","sticky":false,"template":"","format":"standard","meta":{"_eb_attr":"","_gspb_post_css":"","_crdt_document":"","footnotes":""},"categories":[121],"tags":[],"class_list":["post-4822","post","type-post","status-publish","format-standard","hentry","category-haber-arsivi"],"blocksy_meta":[],"_links":{"self":[{"href":"https:\/\/yeni.maliyeokulu.org.tr\/index.php?rest_route=\/wp\/v2\/posts\/4822","targetHints":{"allow":["GET"]}}],"collection":[{"href":"https:\/\/yeni.maliyeokulu.org.tr\/index.php?rest_route=\/wp\/v2\/posts"}],"about":[{"href":"https:\/\/yeni.maliyeokulu.org.tr\/index.php?rest_route=\/wp\/v2\/types\/post"}],"author":[{"embeddable":true,"href":"https:\/\/yeni.maliyeokulu.org.tr\/index.php?rest_route=\/wp\/v2\/users\/1"}],"replies":[{"embeddable":true,"href":"https:\/\/yeni.maliyeokulu.org.tr\/index.php?rest_route=%2Fwp%2Fv2%2Fcomments&post=4822"}],"version-history":[{"count":1,"href":"https:\/\/yeni.maliyeokulu.org.tr\/index.php?rest_route=\/wp\/v2\/posts\/4822\/revisions"}],"predecessor-version":[{"id":18346,"href":"https:\/\/yeni.maliyeokulu.org.tr\/index.php?rest_route=\/wp\/v2\/posts\/4822\/revisions\/18346"}],"wp:attachment":[{"href":"https:\/\/yeni.maliyeokulu.org.tr\/index.php?rest_route=%2Fwp%2Fv2%2Fmedia&parent=4822"}],"wp:term":[{"taxonomy":"category","embeddable":true,"href":"https:\/\/yeni.maliyeokulu.org.tr\/index.php?rest_route=%2Fwp%2Fv2%2Fcategories&post=4822"},{"taxonomy":"post_tag","embeddable":true,"href":"https:\/\/yeni.maliyeokulu.org.tr\/index.php?rest_route=%2Fwp%2Fv2%2Ftags&post=4822"}],"curies":[{"name":"wp","href":"https:\/\/api.w.org\/{rel}","templated":true}]}}