{"id":4824,"date":"2017-08-24T00:32:04","date_gmt":"2017-08-23T21:32:04","guid":{"rendered":"https:\/\/yeni.maliyeokulu.org.tr\/lk-mesaj\/"},"modified":"2024-01-25T21:22:31","modified_gmt":"2024-01-25T18:22:31","slug":"lk-mesaj","status":"publish","type":"post","link":"https:\/\/yeni.maliyeokulu.org.tr\/?p=4824","title":{"rendered":"\u0130lk Mesaj"},"content":{"rendered":"<p style=\"margin-top: 0px; margin-bottom: 0px; color: #222222; font-family: arial, sans-serif; font-size: 12.8px; text-align: center;\" align=\"center\"><strong style=\"font-size: 12.8px;\"><span style=\"font-size: 14pt; font-family: cambria, serif;\"><img decoding=\"async\" class=\" size-full wp-image-4823\" style=\"font-family: arial, sans-serif; font-size: 12.8px;\" src=\"https:\/\/yeni.maliyeokulu.org.tr\/wp-content\/uploads\/2017\/08\/malok1.png\" alt=\"malok1\" width=\"103\" height=\"106\" srcset=\"https:\/\/yeni.maliyeokulu.org.tr\/wp-content\/uploads\/2017\/08\/malok1.png 303w, https:\/\/yeni.maliyeokulu.org.tr\/wp-content\/uploads\/2017\/08\/malok1-290x300.png 290w\" sizes=\"(max-width: 103px) 100vw, 103px\" \/><\/span><\/strong><\/p>\n<p style=\"margin-top: 0px; margin-bottom: 0px; color: #222222; font-family: arial, sans-serif; font-size: 12.8px; text-align: center;\" align=\"center\"><strong style=\"font-size: 12.8px;\"><span style=\"font-size: 14pt; font-family: cambria, serif;\"><\/span><\/strong><\/p>\n<p style=\"margin-top: 0px; margin-bottom: 0px; color: #222222; font-family: arial, sans-serif; font-size: 12.8px; text-align: center;\" align=\"center\"><strong style=\"font-size: 12.8px;\"><span style=\"font-size: 14pt; font-family: cambria, serif;\">MAL\u0130YE OKULU MEZUNLARI DERNE\u011e\u0130&nbsp;<\/span><\/strong><\/p>\n<p style=\"margin-top: 0px; margin-bottom: 0px; color: #222222; font-family: arial, sans-serif; font-size: 12.8px; text-align: center;\" align=\"center\"><span style=\"text-decoration: underline;\"><strong style=\"font-size: 12.8px;\"><span style=\"font-size: 14pt; font-family: cambria, serif;\">GENEL BA\u015eKANLI\u011eINDAN<\/span><\/strong><\/span>&nbsp;<\/p>\n<p>Sevgili Mezunlar\u0131m\u0131z,&nbsp;<\/p>\n<p>Milli G\u00fcvenlik Konseyince 12 Eyl\u00fcl d\u00f6neminde ad\u0131 \u201cBahar Bayram\u0131\u201d olsa bile resmi tatil olmaktan \u00e7\u0131kar\u0131lan, 28 y\u0131l sonra Nisan 2009&#8217;da &#8220;<strong>Emek ve Dayan\u0131\u015fma G\u00fcn\u00fc<\/strong>&#8221; olarak resmi tatil ilan edilen g\u00fcnde, 1 May\u0131sta, 17 ya\u015f\u0131nda \u00e7al\u0131\u015fma hayat\u0131na ba\u015flad\u0131\u011f\u0131m\u0131z i\u00e7in \u00f6ncelikle biz mezunlar\u0131n, \u00e7al\u0131\u015fan yak\u0131nlar\u0131m\u0131z\u0131n, yan\u0131m\u0131zda \u00e7al\u0131\u015fan personelimizin bu birlik ve dayan\u0131\u015fma g\u00fcn\u00fcn\u00fc kutluyorum.<\/p>\n<p>Birlik ve dayan\u0131\u015fma amac\u0131yla 1985 y\u0131l\u0131nda kurulan Derne\u011fimizin de ele avuca s\u0131\u011fmayan bir s\u00fcreci var.<\/p>\n<p>Kamer Gen\u00e7 A\u011fabey\u2019in, Ankara\u2019da b\u00fcy\u00fck bir d\u00fc\u011f\u00fcn salonunda yap\u0131lan genel kurulda H\u00fck\u00fcmet Komiserini sert bir dille uyar\u0131\u015f\u0131n\u0131 an\u0131ms\u0131yorum mesela. Rivayet odur ki; o tart\u0131\u015fma, Ticaret Bakanl\u0131\u011f\u0131nda bir \u00e7al\u0131\u015fma ba\u015flatt\u0131, sonucunda da art\u0131k dernek genel kurullar\u0131nda h\u00fck\u00fcmet komiseri ya da di\u011fer ad\u0131yla bakanl\u0131k temsilcisi bulundurma \u015fart\u0131 kald\u0131r\u0131ld\u0131.<\/p>\n<p><!--more--><\/p>\n<p>Benim de i\u00e7inde bulundu\u011fum bir y\u00f6netim ile ilgili makamlar\u0131n yaz\u0131\u015fmalar\u0131n\u0131n, g\u00f6r\u00fc\u015fmelerinin art\u0131k k\u00e2r etmedi\u011fi bir d\u00f6nemde yeni uygulamalarla memur olamayacak olan mezunlar\u0131m\u0131z\u0131n d\u00f6nemin Maliye Bakan\u0131\u2019n\u0131n \u00f6n\u00fcn\u00fc kesmesi ve demokratik taleplerini iletmesi de an\u0131msad\u0131klar\u0131m aras\u0131nda.&nbsp;<\/p>\n<p>Birlik ve dayan\u0131\u015fmam\u0131z tek mezunumuz kal\u0131ncaya kadar s\u00fcrecek, bundan eminim.&nbsp;<\/p>\n<p>Ama nas\u0131l?&nbsp;<\/p>\n<h3><a href=\"http:\/\/www.maliyeokulu.org.tr\" rel=\"nofollow noopener\">www.maliyeokulu.org.tr<\/a><\/h3>\n<p>Sanal medyada eninde sonunda kal\u0131c\u0131 iz b\u0131rakacak olan, resmi web siteleridir. M\u00fczikten biliyorum bunu. Klasikler her zaman dillerdedir, pop ise bug\u00fcn hit (en \u00e7ok) dinlenen olur, yar\u0131n hat\u0131rlanmaz bile.<\/p>\n<p>Dernek Y\u00f6netiminde birlikte \u00e7al\u0131\u015ft\u0131\u011f\u0131m\u0131z mezunumuzun olu\u015fturdu\u011fu bu resmi sitemizi her g\u00fcn ziyaret etmeliyiz \u00f6ncelikle. G\u00f6r\u00fc\u015flerimizi, \u00f6nerilerimizi ta\u015f\u0131mal\u0131y\u0131z. Her g\u00fcn, en az bir vakit ahde vefa g\u00fcncelimizi g\u00f6rmeliyiz.<\/p>\n<p>Di\u011fer sanal platformlarla birlikte, onurland\u0131\u011f\u0131m\u0131z, hepimize mutluluk veren haberlerimizi, ihtiyac\u0131m\u0131z olan bilgileri ileti\u015fime ge\u00e7erek almal\u0131y\u0131z bu resmi sitemizden.<br \/>Sevgili Alpay Ekici\u2019nin kurdu\u011fu ve ad\u0131m\u0131z sadeli\u011finde oldu\u011fundan ba\u015f\u0131ndan beri yaln\u0131zca oradan payla\u015f\u0131m yapt\u0131\u011f\u0131m MALiYE OKULU facebook sayfas\u0131nda yap\u0131lan dernek payla\u015f\u0131mlar\u0131n\u0131n, yap\u0131lacak duyurular\u0131n ak\u0131p gitmesiyle g\u00f6zden ka\u00e7mas\u0131n\u0131n \u00f6n\u00fcne ge\u00e7mek i\u00e7in de resmi web sitemizi ziyaret etmenizi \u00f6zellikle \u00f6nerece\u011fim.<\/p>\n<h3><strong>Maliye Okulu Dernekleri Y\u00f6netimleri \u0130le E\u015fg\u00fcd\u00fcm<\/strong><\/h3>\n<p>Birlik ve dayan\u0131\u015fmam\u0131z\u0131 sa\u011flayan derneklerimiz var, birbirlerinden pek de ba\u011f\u0131ms\u0131z olmamalar\u0131 gereken.<br \/>Yine dernek y\u00f6netiminde birlikte oldu\u011fumuz Ersan Ba\u015fkaya\u2019n\u0131n olu\u015fturma a\u015famas\u0131nda oldu\u011fu t\u00fcm dernek y\u00f6netimlerinin ortak proje \u00fcretecekleri ya da haberdar edecekleri\/edilecekleri bir facebook sayfam\u0131z olacak yak\u0131nda. Kendi i\u00e7inde kapal\u0131 bir sayfa olacak ama her mezunumuzun y\u00f6netime ula\u015ft\u0131raca\u011f\u0131 beyin f\u0131rt\u0131nalar\u0131n\u0131n etkilerini g\u00f6rece\u011fiz uygulanacak projelerden.&nbsp;<\/p>\n<h3><strong class=\"icon-file check star dropdown badge-hot icon-message logout\">\u00dcye taban\u0131<\/strong>&nbsp;<\/h3>\n<p>Maliye Okulu Spor Kul\u00fcb\u00fc y\u00f6netim \u00e7al\u0131\u015fmalar\u0131 s\u0131ras\u0131nda, her d\u00f6nemden istedi\u011fim ve d\u00f6nem temsilcisi olarak da d\u00fc\u015f\u00fcnd\u00fc\u011f\u00fcm arkada\u015flar\u0131m\u0131z\u0131n \u00f6zverili \u00e7al\u0131\u015fmalar\u0131yla elime ula\u015fan, Y\u00f6netim Kurulu yedek \u00fcyemiz Ay\u015fe Do\u011fan\u2019\u0131n k\u0131z karde\u015fi Dilek Do\u011fan\u2019\u0131n da b\u00fcy\u00fck emekleri ile birlikte derledi\u011fimiz k\u00fct\u00fc\u011f\u00fcm\u00fcz\u00fcn eksik par\u00e7alar\u0131n\u0131n tamamlanmas\u0131 \u00f6ncelikli \u00e7al\u0131\u015fmalar\u0131m\u0131zdan olacak.<br \/>Bu \u00e7al\u0131\u015fmada, sevgili Oktay \u00d6zdemir\u2019in k\u0131sa bir s\u00fcre \u00f6nce yapt\u0131\u011f\u0131n\u0131 bildi\u011fim benzer derlemeden de yararlanaca\u011f\u0131z.&nbsp;<\/p>\n<h3><strong>Organizasyonlar ve \u00c7al\u0131\u015fma Gruplar\u0131<\/strong><\/h3>\n<ul>\n<li>Derneklerimizin Y\u00f6netim Kurullar\u0131n\u0131n koordineli \u00e7al\u0131\u015fmalar\u0131yla olu\u015fturulmas\u0131 \u00f6ng\u00f6r\u00fclen \u00e7al\u0131\u015fma gruplar\u0131 ve komiteleri kurmay\u0131 planl\u0131yoruz.<\/li>\n<li>20, 30, 40, 50 ve hatta 60. mezuniyet y\u0131llar\u0131n\u0131 kutlayacak olan mezunlar\u0131m\u0131z kendileri ayr\u0131ca bir araya gelme kararlar\u0131 olsa bile geleneksel gecelerimizde \u00f6zel konuklar\u0131m\u0131z olacaklar.<\/li>\n<li>Bizden seslerin olaca\u011f\u0131 koromuz onlar i\u00e7in sevdikleri \u015fark\u0131lar\u0131 s\u00f6yleyecek.<\/li>\n<li>10. y\u0131l\u0131 s\u00f6yleyememe y\u00fcre\u011fimi burktu. Yeni mezun vermeyecek olan Okulumuzu ya\u015fatacak yap\u0131lanmalar i\u00e7in etkin \u00e7al\u0131\u015fma gruplar\u0131m\u0131z olacak.<\/li>\n<li>Marmaris, Ankara Barosu ve Ku\u015fadas\u0131 s\u00fcre\u00e7leri bizi epey bilgilendirdi. Somutla\u015facak ad\u0131mlar i\u00e7in \u00e7abalar\u0131m\u0131z olacak.<\/li>\n<li>Maliye b\u00f6l\u00fcm\u00fc olan \u00fcniversitelerimizde, okulumuz mezunu akademisyenlerle g\u00fcncel paneller d\u00fczenleyece\u011fiz.<\/li>\n<\/ul>\n<p>1 May\u0131stan, birlik dayan\u0131\u015fma ve m\u00fccadele g\u00fcn\u00fc olan bug\u00fcnden ilham al\u0131yoruz.<\/p>\n<p>Y\u00f6netim Kurulu ad\u0131na t\u00fcm mezunlar\u0131m\u0131za sa\u011fl\u0131kl\u0131 ve mutlu hep birlik i\u00e7inde olaca\u011f\u0131m\u0131z nice y\u0131llar diliyorum.<\/p>\n<p><em>Sayg\u0131 ve sevgilerimle,<\/em><\/p>\n<p><span style=\"font-size: 12pt;\"><strong>Ahmet KAYA<\/strong><\/span><br \/><span style=\"font-size: 12pt;\"><strong>Maliye Okulu Mezunlar\u0131 Derne\u011fi Genel Ba\u015fkan\u0131<\/strong><\/span><\/p>\n","protected":false},"excerpt":{"rendered":"<p>MAL\u0130YE OKULU MEZUNLARI DERNE\u011e\u0130&nbsp; GENEL BA\u015eKANLI\u011eINDAN&nbsp; Sevgili Mezunlar\u0131m\u0131z,&nbsp; Milli G\u00fcvenlik Konseyince 12 Eyl\u00fcl d\u00f6neminde ad\u0131 \u201cBahar Bayram\u0131\u201d olsa bile resmi tatil olmaktan \u00e7\u0131kar\u0131lan, 28 y\u0131l sonra Nisan 2009&#8217;da &#8220;Emek ve Dayan\u0131\u015fma G\u00fcn\u00fc&#8221; olarak resmi tatil ilan edilen g\u00fcnde, 1 May\u0131sta, 17 ya\u015f\u0131nda \u00e7al\u0131\u015fma hayat\u0131na ba\u015flad\u0131\u011f\u0131m\u0131z i\u00e7in \u00f6ncelikle biz mezunlar\u0131n, \u00e7al\u0131\u015fan yak\u0131nlar\u0131m\u0131z\u0131n, yan\u0131m\u0131zda \u00e7al\u0131\u015fan personelimizin bu [&hellip;]<\/p>\n","protected":false},"author":1,"featured_media":4823,"comment_status":"open","ping_status":"open","sticky":false,"template":"","format":"standard","meta":{"_eb_attr":"","_gspb_post_css":"","_crdt_document":"","footnotes":""},"categories":[4,121],"tags":[],"class_list":["post-4824","post","type-post","status-publish","format-standard","has-post-thumbnail","hentry","category-haber","category-haber-arsivi"],"blocksy_meta":[],"_links":{"self":[{"href":"https:\/\/yeni.maliyeokulu.org.tr\/index.php?rest_route=\/wp\/v2\/posts\/4824","targetHints":{"allow":["GET"]}}],"collection":[{"href":"https:\/\/yeni.maliyeokulu.org.tr\/index.php?rest_route=\/wp\/v2\/posts"}],"about":[{"href":"https:\/\/yeni.maliyeokulu.org.tr\/index.php?rest_route=\/wp\/v2\/types\/post"}],"author":[{"embeddable":true,"href":"https:\/\/yeni.maliyeokulu.org.tr\/index.php?rest_route=\/wp\/v2\/users\/1"}],"replies":[{"embeddable":true,"href":"https:\/\/yeni.maliyeokulu.org.tr\/index.php?rest_route=%2Fwp%2Fv2%2Fcomments&post=4824"}],"version-history":[{"count":1,"href":"https:\/\/yeni.maliyeokulu.org.tr\/index.php?rest_route=\/wp\/v2\/posts\/4824\/revisions"}],"predecessor-version":[{"id":12386,"href":"https:\/\/yeni.maliyeokulu.org.tr\/index.php?rest_route=\/wp\/v2\/posts\/4824\/revisions\/12386"}],"wp:featuredmedia":[{"embeddable":true,"href":"https:\/\/yeni.maliyeokulu.org.tr\/index.php?rest_route=\/wp\/v2\/media\/4823"}],"wp:attachment":[{"href":"https:\/\/yeni.maliyeokulu.org.tr\/index.php?rest_route=%2Fwp%2Fv2%2Fmedia&parent=4824"}],"wp:term":[{"taxonomy":"category","embeddable":true,"href":"https:\/\/yeni.maliyeokulu.org.tr\/index.php?rest_route=%2Fwp%2Fv2%2Fcategories&post=4824"},{"taxonomy":"post_tag","embeddable":true,"href":"https:\/\/yeni.maliyeokulu.org.tr\/index.php?rest_route=%2Fwp%2Fv2%2Ftags&post=4824"}],"curies":[{"name":"wp","href":"https:\/\/api.w.org\/{rel}","templated":true}]}}