{"id":4842,"date":"2017-12-31T14:42:50","date_gmt":"2017-12-31T11:42:50","guid":{"rendered":"https:\/\/yeni.maliyeokulu.org.tr\/kaldmz-yerden\/"},"modified":"2025-08-02T18:25:36","modified_gmt":"2025-08-02T15:25:36","slug":"kaldmz-yerden","status":"publish","type":"post","link":"https:\/\/yeni.maliyeokulu.org.tr\/?p=4842","title":{"rendered":"Kald\u0131\u011f\u0131m\u0131z Yerden"},"content":{"rendered":"<p><center><\/p>\n<p align=\"center\">{youtube}<a href=\"https:\/\/youtu.be\/udaR6ey7R08\">udaR6ey7R08<\/a>{\/youtube}<\/p>\n<p><\/center><\/p>\n<p style=\"margin-top: 0px; margin-bottom: 0px; color: #222222; font-family: arial, sans-serif; font-size: 12.8px; text-align: center;\" align=\"center\"><strong style=\"font-size: 12.8px;\"><span style=\"font-size: 14pt; font-family: cambria, serif;\">MAL\u0130YE OKULU MEZUNLARI DERNE\u011e\u0130<\/span><\/strong><\/p>\n<p style=\"margin-top: 0px; margin-bottom: 0px; color: #222222; font-family: arial, sans-serif; font-size: 12.8px; text-align: center;\" align=\"center\"><strong style=\"font-size: 12.8px;\"><span style=\"font-size: 14pt; font-family: cambria, serif;\">GENEL BA\u015eKANLI\u011eINDAN<\/span><\/strong><\/p>\n<p style=\"margin-top: 0px; margin-bottom: 0px; color: #222222; font-family: arial, sans-serif; font-size: 12.8px; text-align: center;\" align=\"center\"><img fetchpriority=\"high\" decoding=\"async\" class=\" size-full wp-image-4841\" style=\"margin: 5px auto; display: block;\" src=\"https:\/\/yeni.maliyeokulu.org.tr\/wp-content\/uploads\/2017\/12\/kaldigimizyerden.jpg\" alt=\"kaldigimizyerden\" width=\"370\" height=\"277\" srcset=\"https:\/\/yeni.maliyeokulu.org.tr\/wp-content\/uploads\/2017\/12\/kaldigimizyerden.jpg 1600w, https:\/\/yeni.maliyeokulu.org.tr\/wp-content\/uploads\/2017\/12\/kaldigimizyerden-300x225.jpg 300w, https:\/\/yeni.maliyeokulu.org.tr\/wp-content\/uploads\/2017\/12\/kaldigimizyerden-1024x767.jpg 1024w, https:\/\/yeni.maliyeokulu.org.tr\/wp-content\/uploads\/2017\/12\/kaldigimizyerden-768x576.jpg 768w, https:\/\/yeni.maliyeokulu.org.tr\/wp-content\/uploads\/2017\/12\/kaldigimizyerden-1536x1151.jpg 1536w\" sizes=\"(max-width: 370px) 100vw, 370px\" \/><\/p>\n<p><strong style=\"font-size: 12.8px;\"><span style=\"font-size: 14pt; font-family: cambria, serif;\"><\/span><\/strong><\/p>\n<p><span style=\"font-size: 12pt;\"><strong>Sevgili Mezunlar\u0131m\u0131z<\/strong>,<\/span><\/p>\n<p style=\"text-align: justify;\"><span style=\"font-size: 12pt;\">Maliye Okulu Mezunlar\u0131 Derne\u011fi Genel Merkezi ve \u015fubelerinin, Antalya, Bursa, Gaziantep, Mersin dernekleri ve Maliye Okulu Spor Kul\u00fcb\u00fc ile birlikte organize etti\u011fi gece \u00f6ncesinde &#8220;\u00f6rg\u00fctlenme, vak\u0131f ve MOMA\u015e&#8221; konular\u0131nda \u00e7al\u0131\u015ftay ger\u00e7ekle\u015ftirilmi\u015fti.<\/span><\/p>\n<p><!--more--><\/p>\n<p><span style=\"font-size: 12pt;\">Genel Ba\u015fkan\u0131m\u0131z taraf\u0131ndan 3 Kas\u0131m 2017 g\u00fcn\u00fc deklare edildi\u011fi gibi, yol haritam\u0131z\u0131 belirlemek \u00fczere \u00c7al\u0131\u015ftay\u0131m\u0131zda kat\u0131l\u0131mc\u0131lar\u0131m\u0131z\u0131n \u00fc\u00e7 ba\u015fl\u0131kta masaya yat\u0131rd\u0131\u011f\u0131 konulara ili\u015fkin \u00f6n de\u011ferlendirme raporlar\u0131n\u0131, Derneklerimizin y\u00f6netim kurullar\u0131n\u0131n ve siz okulda\u015flar\u0131m\u0131z\u0131n bilgisine sunuyoruz.<\/span><\/p>\n<p style=\"text-align: justify;\"><span style=\"font-size: 12pt;\">\u00c7al\u0131\u015ftay raport\u00f6rlerinin Genel Merkezimize iletti\u011fi raporlarda \u00f6zetle,<\/span><\/p>\n<p style=\"text-align: justify;\"><span style=\"font-size: 12pt;\">&#8211; \u00d6rg\u00fctlenme konusunda \u015fu haliyle federasyon ya da tek dernekte birle\u015fme karar\u0131 al\u0131nmas\u0131n\u0131n geni\u015f mezun kitlesince kabullenilebilecek bir durumda olmad\u0131\u011f\u0131, bu durumda \u00f6rg\u00fctlenme konusunun ba\u015fka bir platformda ya da geni\u015f kat\u0131l\u0131ml\u0131 bir genel kurul veya \u00fcye toplant\u0131s\u0131nda ayr\u0131nt\u0131l\u0131 bir bi\u00e7imde anlat\u0131larak tekrar g\u00f6r\u00fc\u015f\u00fclmesi gerekti\u011fi;<\/span><\/p>\n<p style=\"text-align: justify;\"><span style=\"font-size: 12pt;\">&#8211; Vak\u0131f konusunda, gerekli fizibilitesi ve et\u00fcdleri iyi yap\u0131lm\u0131\u015f faaliyet konular\u0131 yeniden ele al\u0131nmak \u00fczere,&nbsp;<em>bu a\u015famada<\/em>&nbsp;Derne\u011fin etkin ve verimli \u00e7al\u0131\u015fmas\u0131 kayd\u0131yla vak\u0131f kurulmas\u0131na gerek olmad\u0131\u011f\u0131 y\u00f6n\u00fcnde bir kanaat olu\u015ftu\u011fu;<\/span><\/p>\n<p style=\"text-align: justify;\"><span style=\"font-size: 12pt;\">&#8211; MOMA\u015e konusunda ise t\u00fcm payda\u015flar\u0131 Maliye Okulu mezunlar\u0131ndan olu\u015fan anonim \u015firketin faaliyetine devam\u0131nda, \u015firket y\u00f6neticilerinin de kabul etti\u011fi \u00fczere mezunlar\u0131m\u0131z\u0131n di\u011fer yap\u0131lanmalar\u0131 olan ba\u011f\u0131ms\u0131z dernekler ve MOMDER Genel Merkezi ile irtibat halinde olmas\u0131 gerekti\u011fi d\u00fc\u015f\u00fcncesinin \u00f6n plana \u00e7\u0131kt\u0131\u011f\u0131 (bir kat\u0131l\u0131mc\u0131n\u0131n derneklerin \u00f6zel hukuk kurallar\u0131na g\u00f6re kurulan \u015firketin kararlar\u0131na kar\u0131\u015fmas\u0131na olanak bulunmad\u0131\u011f\u0131 y\u00f6n\u00fcndeki dipnotuyla);<\/span><\/p>\n<p><span style=\"font-size: 12pt;\">belirtilmi\u015ftir.<\/span><\/p>\n<p><span style=\"font-size: 12pt;\"><strong>Maliye Okulu Mezunlar\u0131 Derne\u011fi Genel Merkezi<br \/>Y\u00f6netim Kurulu<\/strong><\/span><\/p>\n<\/p>\n<p><center>{loadposition calistay}<\/center><\/p>\n","protected":false},"excerpt":{"rendered":"<p>{youtube}udaR6ey7R08{\/youtube} MAL\u0130YE OKULU MEZUNLARI DERNE\u011e\u0130 GENEL BA\u015eKANLI\u011eINDAN Sevgili Mezunlar\u0131m\u0131z, Maliye Okulu Mezunlar\u0131 Derne\u011fi Genel Merkezi ve \u015fubelerinin, Antalya, Bursa, Gaziantep, Mersin dernekleri ve Maliye Okulu Spor Kul\u00fcb\u00fc ile birlikte organize etti\u011fi gece \u00f6ncesinde &#8220;\u00f6rg\u00fctlenme, vak\u0131f ve MOMA\u015e&#8221; konular\u0131nda \u00e7al\u0131\u015ftay ger\u00e7ekle\u015ftirilmi\u015fti.<\/p>\n","protected":false},"author":1,"featured_media":4841,"comment_status":"open","ping_status":"open","sticky":false,"template":"","format":"standard","meta":{"_eb_attr":"","_gspb_post_css":"","_crdt_document":"","footnotes":""},"categories":[121],"tags":[],"class_list":["post-4842","post","type-post","status-publish","format-standard","has-post-thumbnail","hentry","category-haber-arsivi"],"blocksy_meta":[],"_links":{"self":[{"href":"https:\/\/yeni.maliyeokulu.org.tr\/index.php?rest_route=\/wp\/v2\/posts\/4842","targetHints":{"allow":["GET"]}}],"collection":[{"href":"https:\/\/yeni.maliyeokulu.org.tr\/index.php?rest_route=\/wp\/v2\/posts"}],"about":[{"href":"https:\/\/yeni.maliyeokulu.org.tr\/index.php?rest_route=\/wp\/v2\/types\/post"}],"author":[{"embeddable":true,"href":"https:\/\/yeni.maliyeokulu.org.tr\/index.php?rest_route=\/wp\/v2\/users\/1"}],"replies":[{"embeddable":true,"href":"https:\/\/yeni.maliyeokulu.org.tr\/index.php?rest_route=%2Fwp%2Fv2%2Fcomments&post=4842"}],"version-history":[{"count":1,"href":"https:\/\/yeni.maliyeokulu.org.tr\/index.php?rest_route=\/wp\/v2\/posts\/4842\/revisions"}],"predecessor-version":[{"id":18343,"href":"https:\/\/yeni.maliyeokulu.org.tr\/index.php?rest_route=\/wp\/v2\/posts\/4842\/revisions\/18343"}],"wp:featuredmedia":[{"embeddable":true,"href":"https:\/\/yeni.maliyeokulu.org.tr\/index.php?rest_route=\/wp\/v2\/media\/4841"}],"wp:attachment":[{"href":"https:\/\/yeni.maliyeokulu.org.tr\/index.php?rest_route=%2Fwp%2Fv2%2Fmedia&parent=4842"}],"wp:term":[{"taxonomy":"category","embeddable":true,"href":"https:\/\/yeni.maliyeokulu.org.tr\/index.php?rest_route=%2Fwp%2Fv2%2Fcategories&post=4842"},{"taxonomy":"post_tag","embeddable":true,"href":"https:\/\/yeni.maliyeokulu.org.tr\/index.php?rest_route=%2Fwp%2Fv2%2Ftags&post=4842"}],"curies":[{"name":"wp","href":"https:\/\/api.w.org\/{rel}","templated":true}]}}