{"id":4847,"date":"2018-02-15T15:36:12","date_gmt":"2018-02-15T12:36:12","guid":{"rendered":"https:\/\/yeni.maliyeokulu.org.tr\/mezunlarmza-2\/"},"modified":"2025-08-02T18:25:36","modified_gmt":"2025-08-02T15:25:36","slug":"mezunlarmza-2","status":"publish","type":"post","link":"https:\/\/yeni.maliyeokulu.org.tr\/?p=4847","title":{"rendered":"Mezunlar\u0131m\u0131za&#8230;"},"content":{"rendered":"<p style=\"margin: 0px 0px 6px; text-align: left; color: #1d2129; text-transform: none; text-indent: 0px; letter-spacing: normal; font-family: Helvetica,Arial,sans-serif; font-size: 14px; font-style: normal; font-variant: normal; font-weight: 400; text-decoration: none; word-spacing: 0px; white-space: normal; orphans: 2; background-color: transparent;\">Sevgili Mezunlar\u0131m\u0131z, <br style=\"margin: 0px; font-family: Helvetica,Arial,sans-serif;\" \/> Milli G\u00fcvenlik Konseyince 12 Eyl\u00fcl d\u00f6neminde ad\u0131 \u201cBahar Bayram\u0131\u201d olsa bile resmi tatil olmaktan \u00e7\u0131kar\u0131lan, 28 y\u0131l sonra Nisan 2009&#8217;da &#8220;Emek ve Dayan\u0131\u015fma G\u00fcn\u00fc&#8221; olarak resmi tatil ilan edilen g\u00fcnde, 1 May\u0131sta, 17 ya\u015f\u0131nda \u00e7al\u0131\u015fma hayat\u0131na ba\u015flad\u0131\u011f\u0131m\u0131z i\u00e7in \u00f6ncelikle biz mezunlar\u0131n, \u00e7al\u0131\u015fan yak\u0131nlar\u0131m\u0131z\u0131n, yan\u0131m\u0131zda birlikte \u00e7al\u0131\u015ft\u0131\u011f\u0131m\u0131z personelin bu birlik dayan\u0131\u015fma g\u00fcn\u00fcn\u00fc kutluyorum.<\/p>\n<p style=\"margin: 6px 0px; text-align: left; color: #1d2129; text-transform: none; text-indent: 0px; letter-spacing: normal; font-family: Helvetica,Arial,sans-serif; font-size: 14px; font-style: normal; font-variant: normal; font-weight: 400; text-decoration: none; word-spacing: 0px; white-space: normal; orphans: 2; background-color: transparent;\">Birlik ve dayan\u0131\u015fma amac\u0131yla 1985 y\u0131l\u0131nda kurulan derne\u011fimizin ele avuca s\u0131\u011fmayan s\u00fcreci var.<br style=\"margin: 0px; font-family: Helvetica,Arial,sans-serif;\" \/> Kamer Gen\u00e7 A\u011fabey\u2019in, Ankara\u2019da b\u00fcy\u00fck bir d\u00fc\u011f\u00fcn salonunda yap\u0131lan genel kurulda H\u00fck\u00fcmet Komiserini sert bir dille uyar\u0131\u015f\u0131n\u0131 an\u0131ms\u0131yorum mesela. Rivayet odur ki o tart\u0131\u015fma, Ticaret Bakanl\u0131\u011f\u0131nda bir \u00e7al\u0131\u015fma ba\u015flatt\u0131, sonucunda da art\u0131k dernek genel kurullar\u0131nda H\u00fck\u00fcmet Komiseri ya da di\u011fer ad\u0131yla bakanl\u0131k temsilcisi bulundurma \u015fart\u0131 kald\u0131r\u0131ld\u0131.<br style=\"margin: 0px; font-family: Helvetica,Arial,sans-serif;\" \/> Benim de i\u00e7inde bulundu\u011fum bir y\u00f6netim ile ilgili makamlar\u0131n yaz\u0131\u015fmalar\u0131n\u0131n g\u00f6r\u00fc\u015fmelerinin art\u0131k k\u00e2r etmedi\u011fi bir d\u00f6nemde yeni uygulamalarla memur olamayacak olan mezunlar\u0131m\u0131z\u0131n Maliye Bakan\u0131\u2019n\u0131n \u00f6n\u00fcn\u00fc kesmesi ve demokratik taleplerini iletmesi de an\u0131msad\u0131klar\u0131m aras\u0131nda.&nbsp;<\/p>\n<p>&nbsp;<\/p>\n<p><!--more--><\/p>\n<p style=\"margin: 6px 0px; text-align: left; color: #1d2129; text-transform: none; text-indent: 0px; letter-spacing: normal; font-family: Helvetica,Arial,sans-serif; font-size: 14px; font-style: normal; font-variant: normal; font-weight: 400; text-decoration: none; word-spacing: 0px; white-space: normal; orphans: 2; background-color: transparent;\">Birlik ve dayan\u0131\u015fmam\u0131z tek mezunumuz kal\u0131ncaya kadar s\u00fcrecek bundan eminim. <br style=\"margin: 0px; font-family: Helvetica,Arial,sans-serif;\" \/> Ama nas\u0131l?<\/p>\n<p style=\"margin: 6px 0px; text-align: left; color: #1d2129; text-transform: none; text-indent: 0px; letter-spacing: normal; font-family: Helvetica,Arial,sans-serif; font-size: 14px; font-style: normal; font-variant: normal; font-weight: 400; text-decoration: none; word-spacing: 0px; white-space: normal; orphans: 2; background-color: transparent;\"><a style=\"color: #365899; font-family: Helvetica,Arial,sans-serif; text-decoration: none; cursor: pointer;\" href=\"https:\/\/l.facebook.com\/l.php?u=http%3A%2F%2Fwww.maliyeokulu.org.tr%2F&#038;h=ATN-tPbqxCyqcvZYF_QF5pyK0I5M6or_FLJQ6DZppUX2McA5scij3XEgF2QietM-EK3HKo9VJq_ElUJP7SGb6JCWND655mTCFmJfE5uxihKX1zqc2k3KroeSX3e0z7jcwDqQWpgW4wzioFkuPPo3Qudbg9ulB-9PBnmL_JkDp1OWjAHbwZ1EgnueBZBFz4E2v1T_F7R9UxU3DA\" target=\"_blank\" rel=\"nofollow noopener\" data-ft=\"{\" data-lynx-mode=\"origin\">www.maliyeokulu.org.tr<\/a><br style=\"margin: 0px; font-family: Helvetica,Arial,sans-serif;\" \/> Sanal medyada eninde sonunda kal\u0131c\u0131 iz b\u0131rakacak olan, Resmi Web Siteleridir. M\u00fczikten biliyorum bunu. Klasikler her zaman dillerdedir, pop ise bug\u00fcn hit (en \u00e7ok) dinlenen olur, yar\u0131n hat\u0131rlanmaz bile.<br style=\"margin: 0px; font-family: Helvetica,Arial,sans-serif;\" \/> Dernek Y\u00f6netiminde birlikte \u00e7al\u0131\u015ft\u0131\u011f\u0131m\u0131z <a class=\"profileLink\" style=\"color: #365899; font-family: Helvetica,Arial,sans-serif; text-decoration: none; cursor: pointer;\" href=\"https:\/\/www.facebook.com\/mesut.kullar?fref=gs&#038;dti=128500390560216&#038;hc_location=group\" rel=\"dialog\" data-hovercard=\"\/ajax\/hovercard\/user.php?id=588259077&#038;extragetparams=%7B%22fref%22%3A%22gs%22%2C%22directed_target_id%22%3A128500390560216%2C%22dti%22%3A128500390560216%2C%22hc_location%22%3A%22group%22%7D\" data-hovercard-prefer-more-content-show=\"1\">Mesut Kullar<\/a>\u2019\u0131n gecesini g\u00fcnd\u00fcz\u00fcne katarak olu\u015fturdu\u011fu, teknik bilgileriyle zenginle\u015ftirdi\u011fi bu resmi sitemizi her g\u00fcn ziyaret etmeliyiz \u00f6ncelikle. G\u00f6r\u00fc\u015flerimizi \u00f6nerilerimizi ta\u015f\u0131mal\u0131y\u0131z. Her g\u00fcn, en az bir vakit ahde vefa g\u00fcncelimizi g\u00f6rmeliyiz.<br style=\"margin: 0px; font-family: Helvetica,Arial,sans-serif;\" \/> Di\u011fer sanal platformlarla birlikte, Onurland\u0131\u011f\u0131m\u0131z mutluluk veren haberlerimizi, ihtiyac\u0131m\u0131z olan bilgileri ileti\u015fime ge\u00e7erek almal\u0131y\u0131z bu Resmi Web sitemizden.<br style=\"margin: 0px; font-family: Helvetica,Arial,sans-serif;\" \/> Sevgili Alpay Ekici\u2019nin kurdu\u011fu ve ad\u0131m\u0131z sadeli\u011finde oldu\u011fundan ba\u015f\u0131ndan beri yaln\u0131zca oradan payla\u015f\u0131m yapt\u0131\u011f\u0131m MALiYE OKULU facebook sayfas\u0131nda yap\u0131lan dernek payla\u015f\u0131mlar\u0131n\u0131n, yap\u0131lacak duyurular\u0131n ak\u0131p gitmesiyle g\u00f6zden ka\u00e7mas\u0131n\u0131n \u00f6n\u00fcne ge\u00e7mek i\u00e7in de Resmi Web Sitemizi ziyaret etmemiz gerekecek.<\/p>\n<p style=\"margin: 6px 0px; text-align: left; color: #1d2129; text-transform: none; text-indent: 0px; letter-spacing: normal; font-family: Helvetica,Arial,sans-serif; font-size: 14px; font-style: normal; font-variant: normal; font-weight: 400; text-decoration: none; word-spacing: 0px; white-space: normal; orphans: 2; background-color: transparent;\">Maliye Okulu Dernekleri Y\u00f6netimleri<\/p>\n<p style=\"margin: 6px 0px; text-align: left; color: #1d2129; text-transform: none; text-indent: 0px; letter-spacing: normal; font-family: Helvetica,Arial,sans-serif; font-size: 14px; font-style: normal; font-variant: normal; font-weight: 400; text-decoration: none; word-spacing: 0px; white-space: normal; orphans: 2; background-color: transparent;\">Birlik ve dayan\u0131\u015fmam\u0131z\u0131 sa\u011flayan derneklerimiz var, birbirlerinden pek de ba\u011f\u0131ms\u0131z olmamalar\u0131 gereken.<br style=\"margin: 0px; font-family: Helvetica,Arial,sans-serif;\" \/> Yine dernek y\u00f6netiminde birlikte oldu\u011fumuz <a class=\"profileLink\" style=\"color: #365899; font-family: Helvetica,Arial,sans-serif; text-decoration: none; cursor: pointer;\" href=\"https:\/\/www.facebook.com\/ersan.ersan?fref=gs&#038;dti=128500390560216&#038;hc_location=group\" rel=\"dialog\" data-hovercard=\"\/ajax\/hovercard\/user.php?id=745602725&#038;extragetparams=%7B%22fref%22%3A%22gs%22%2C%22directed_target_id%22%3A128500390560216%2C%22dti%22%3A128500390560216%2C%22hc_location%22%3A%22group%22%7D\" data-hovercard-prefer-more-content-show=\"1\">Ersan Ba\u015fkaya<\/a>\u2019n\u0131n olu\u015fturma a\u015famas\u0131nda oldu\u011fu t\u00fcm dernek y\u00f6netimlerinin ortak proje \u00fcretecekleri ya da haberdar edecekleri bir facebook sayfam\u0131z olacak. Kendi i\u00e7inde kapal\u0131 bir sayfa olacak ama her mezunumuzun y\u00f6netime ula\u015ft\u0131racaklar\u0131 beyin f\u0131rt\u0131nalar\u0131n\u0131n etkilerini g\u00f6rece\u011fiz uygulanacak projelerden.<\/p>\n<p style=\"margin: 6px 0px; text-align: left; color: #1d2129; text-transform: none; text-indent: 0px; letter-spacing: normal; font-family: Helvetica,Arial,sans-serif; font-size: 14px; font-style: normal; font-variant: normal; font-weight: 400; text-decoration: none; word-spacing: 0px; white-space: normal; orphans: 2; background-color: transparent;\">\u00dcye taban\u0131 <br style=\"margin: 0px; font-family: Helvetica,Arial,sans-serif;\" \/> Maliye Okulu Spor Kul\u00fcb\u00fc y\u00f6netim \u00e7al\u0131\u015fmalar\u0131 s\u0131ras\u0131nda, her d\u00f6nemden istedi\u011fim ve d\u00f6nem temsilcisi olarak da d\u00fc\u015f\u00fcnd\u00fc\u011f\u00fcm o arkada\u015flar\u0131n \u00f6zverili \u00e7al\u0131\u015fmalar\u0131yla elime ula\u015fan, Y\u00f6netim Kurulu yedek \u00fcyemiz <a class=\"profileLink\" style=\"color: #365899; font-family: Helvetica,Arial,sans-serif; text-decoration: none; cursor: pointer;\" href=\"https:\/\/www.facebook.com\/ayse.dogan.39750121?fref=gs&#038;dti=128500390560216&#038;hc_location=group\" rel=\"dialog\" data-hovercard=\"\/ajax\/hovercard\/user.php?id=723148987&#038;extragetparams=%7B%22fref%22%3A%22gs%22%2C%22directed_target_id%22%3A128500390560216%2C%22dti%22%3A128500390560216%2C%22hc_location%22%3A%22group%22%7D\" data-hovercard-prefer-more-content-show=\"1\">Ayse Dogan<\/a> \u2019\u0131n k\u0131z karde\u015fi Dilek Do\u011fan\u2019\u0131n b\u00fcy\u00fck emekleri ile birlikte derledi\u011fimiz k\u00fct\u00fc\u011f\u00fcm\u00fcz\u00fcn eksik par\u00e7alar\u0131n\u0131n tamamlanmas\u0131 \u00e7al\u0131\u015fmam\u0131z olacak.<br style=\"margin: 0px; font-family: Helvetica,Arial,sans-serif;\" \/> Bu \u00e7al\u0131\u015fmada, sevgili <a class=\"profileLink\" style=\"color: #365899; font-family: Helvetica,Arial,sans-serif; text-decoration: none; cursor: pointer;\" href=\"https:\/\/www.facebook.com\/OKTAY6384?fref=gs&#038;dti=128500390560216&#038;hc_location=group\" rel=\"dialog\" data-hovercard=\"\/ajax\/hovercard\/user.php?id=620627228&#038;extragetparams=%7B%22fref%22%3A%22gs%22%2C%22directed_target_id%22%3A128500390560216%2C%22dti%22%3A128500390560216%2C%22hc_location%22%3A%22group%22%7D\" data-hovercard-prefer-more-content-show=\"1\">Oktay \u00d6zdemir<\/a>\u2019in k\u0131sa bir s\u00fcre \u00f6nce yapt\u0131\u011f\u0131n\u0131 bildi\u011fim benzer derlemesinden de yararlanaca\u011f\u0131z.<\/p>\n<p style=\"margin: 6px 0px 0px; text-align: left; color: #1d2129; text-transform: none; text-indent: 0px; letter-spacing: normal; font-family: Helvetica,Arial,sans-serif; font-size: 14px; font-style: normal; font-variant: normal; font-weight: 400; text-decoration: none; word-spacing: 0px; display: inline; white-space: normal; orphans: 2; background-color: transparent;\">Organizasyonlar ve \u00c7al\u0131\u015fma Gruplar\u0131<br style=\"margin: 0px; font-family: Helvetica,Arial,sans-serif; display: inline;\" \/> Derneklerimizin Y\u00f6netim Kurullar\u0131n\u0131n koordineli \u00e7al\u0131\u015fmalar\u0131yla olu\u015fturulmas\u0131 \u00f6ng\u00f6r\u00fclen \u00c7al\u0131\u015fma Gruplar\u0131m\u0131z olacak.<br style=\"margin: 0px; font-family: Helvetica,Arial,sans-serif; display: inline;\" \/> 20.- 30.- 40.- 50. mezuniyet y\u0131llar\u0131n\u0131 kutlayacak olan mezunlar\u0131m\u0131z kendileri ayr\u0131ca bir araya gelme kararlar\u0131 olsa bile geleneksel gecemizde \u00f6zel konuklar\u0131m\u0131z olacaklar.<br style=\"margin: 0px; font-family: Helvetica,Arial,sans-serif; display: inline;\" \/> Bizden seslerin olaca\u011f\u0131, <a class=\"profileLink\" style=\"color: #365899; font-family: Helvetica,Arial,sans-serif; text-decoration: none; cursor: pointer;\" href=\"https:\/\/www.facebook.com\/bugra.yegul?fref=gs&#038;dti=128500390560216&#038;hc_location=group\" rel=\"dialog\" data-hovercard=\"\/ajax\/hovercard\/user.php?id=833229629&#038;extragetparams=%7B%22fref%22%3A%22gs%22%2C%22directed_target_id%22%3A128500390560216%2C%22dti%22%3A128500390560216%2C%22hc_location%22%3A%22group%22%7D\" data-hovercard-prefer-more-content-show=\"1\">Bugra Yegul<\/a> ve <a class=\"profileLink\" style=\"color: #365899; font-family: Helvetica,Arial,sans-serif; text-decoration: none; cursor: pointer;\" href=\"https:\/\/www.facebook.com\/nurten.cukur?fref=gs&#038;dti=128500390560216&#038;hc_location=group\" rel=\"dialog\" data-hovercard=\"\/ajax\/hovercard\/user.php?id=100000864219788&#038;extragetparams=%7B%22fref%22%3A%22gs%22%2C%22directed_target_id%22%3A128500390560216%2C%22dti%22%3A128500390560216%2C%22hc_location%22%3A%22group%22%7D\" data-hovercard-prefer-more-content-show=\"1\">Nurten \u00c7ukur<\/a>&#8216;un koordinasyonundaki koromuz onlar i\u00e7in sevdikleri \u015fark\u0131lar\u0131 s\u00f6yleyecek.<br style=\"margin: 0px; font-family: Helvetica,Arial,sans-serif; display: inline;\" \/> 10. y\u0131l\u0131 s\u00f6yleyememe y\u00fcre\u011fimi burktu. Yeni mezun vermeyecek olan Okulumuzu ya\u015fatacak yap\u0131lanmalar i\u00e7in etkin \u00e7al\u0131\u015fma gruplar\u0131m\u0131z olacak. Marmaris, Ankara Barosu ve Ku\u015fadas\u0131 s\u00fcre\u00e7leri bizi epey bilgilendirdi. Somutla\u015facak ad\u0131mlar i\u00e7in \u00e7abalar\u0131m\u0131z olacak.<br style=\"margin: 0px; font-family: Helvetica,Arial,sans-serif; display: inline;\" \/> Maliye b\u00f6l\u00fcm\u00fc olan \u00fcniversitelerimizde, okulumuz mezunu akademisyenlerle g\u00fcncel paneller d\u00fczenleyece\u011fiz.<br style=\"margin: 0px; font-family: Helvetica,Arial,sans-serif; display: inline;\" \/> 1 May\u0131stan, birlik dayan\u0131\u015fma ve m\u00fccadele g\u00fcn\u00fc olan bug\u00fcnden ilham al\u0131yoruz.<br style=\"margin: 0px; font-family: Helvetica,Arial,sans-serif; display: inline;\" \/> Y\u00f6netim Kurulu ad\u0131na t\u00fcm mezunlar\u0131m\u0131za sa\u011fl\u0131kl\u0131 ve mutlu hep birlik i\u00e7inde olaca\u011f\u0131m\u0131z nice y\u0131llar diliyorum.<br style=\"margin: 0px; font-family: Helvetica,Arial,sans-serif; display: inline;\" \/> Sayg\u0131 ve sevgilerimle<br style=\"margin: 0px; font-family: Helvetica,Arial,sans-serif; display: inline;\" \/> Ahmet Kaya<br style=\"margin: 0px; font-family: Helvetica,Arial,sans-serif; display: inline;\" \/> Maliye Okulu Mezunlar\u0131 Derne\u011fi Genel Merkezi<\/p>\n","protected":false},"excerpt":{"rendered":"<p>Sevgili Mezunlar\u0131m\u0131z, Milli G\u00fcvenlik Konseyince 12 Eyl\u00fcl d\u00f6neminde ad\u0131 \u201cBahar Bayram\u0131\u201d olsa bile resmi tatil olmaktan \u00e7\u0131kar\u0131lan, 28 y\u0131l sonra Nisan 2009&#8217;da &#8220;Emek ve Dayan\u0131\u015fma G\u00fcn\u00fc&#8221; olarak resmi tatil ilan edilen g\u00fcnde, 1 May\u0131sta, 17 ya\u015f\u0131nda \u00e7al\u0131\u015fma hayat\u0131na ba\u015flad\u0131\u011f\u0131m\u0131z i\u00e7in \u00f6ncelikle biz mezunlar\u0131n, \u00e7al\u0131\u015fan yak\u0131nlar\u0131m\u0131z\u0131n, yan\u0131m\u0131zda birlikte \u00e7al\u0131\u015ft\u0131\u011f\u0131m\u0131z personelin bu birlik dayan\u0131\u015fma g\u00fcn\u00fcn\u00fc kutluyorum. Birlik [&hellip;]<\/p>\n","protected":false},"author":1,"featured_media":0,"comment_status":"open","ping_status":"open","sticky":false,"template":"","format":"standard","meta":{"_eb_attr":"","_gspb_post_css":"","_crdt_document":"","footnotes":""},"categories":[121],"tags":[],"class_list":["post-4847","post","type-post","status-publish","format-standard","hentry","category-haber-arsivi"],"blocksy_meta":[],"_links":{"self":[{"href":"https:\/\/yeni.maliyeokulu.org.tr\/index.php?rest_route=\/wp\/v2\/posts\/4847","targetHints":{"allow":["GET"]}}],"collection":[{"href":"https:\/\/yeni.maliyeokulu.org.tr\/index.php?rest_route=\/wp\/v2\/posts"}],"about":[{"href":"https:\/\/yeni.maliyeokulu.org.tr\/index.php?rest_route=\/wp\/v2\/types\/post"}],"author":[{"embeddable":true,"href":"https:\/\/yeni.maliyeokulu.org.tr\/index.php?rest_route=\/wp\/v2\/users\/1"}],"replies":[{"embeddable":true,"href":"https:\/\/yeni.maliyeokulu.org.tr\/index.php?rest_route=%2Fwp%2Fv2%2Fcomments&post=4847"}],"version-history":[{"count":1,"href":"https:\/\/yeni.maliyeokulu.org.tr\/index.php?rest_route=\/wp\/v2\/posts\/4847\/revisions"}],"predecessor-version":[{"id":18342,"href":"https:\/\/yeni.maliyeokulu.org.tr\/index.php?rest_route=\/wp\/v2\/posts\/4847\/revisions\/18342"}],"wp:attachment":[{"href":"https:\/\/yeni.maliyeokulu.org.tr\/index.php?rest_route=%2Fwp%2Fv2%2Fmedia&parent=4847"}],"wp:term":[{"taxonomy":"category","embeddable":true,"href":"https:\/\/yeni.maliyeokulu.org.tr\/index.php?rest_route=%2Fwp%2Fv2%2Fcategories&post=4847"},{"taxonomy":"post_tag","embeddable":true,"href":"https:\/\/yeni.maliyeokulu.org.tr\/index.php?rest_route=%2Fwp%2Fv2%2Ftags&post=4847"}],"curies":[{"name":"wp","href":"https:\/\/api.w.org\/{rel}","templated":true}]}}