{"id":4849,"date":"2018-06-25T17:10:04","date_gmt":"2018-06-25T14:10:04","guid":{"rendered":"https:\/\/yeni.maliyeokulu.org.tr\/yeni-yl-kutlamas\/"},"modified":"2025-08-02T18:25:36","modified_gmt":"2025-08-02T15:25:36","slug":"yeni-yl-kutlamas","status":"publish","type":"post","link":"https:\/\/yeni.maliyeokulu.org.tr\/?p=4849","title":{"rendered":"Yeni Y\u0131l Kutlamas\u0131"},"content":{"rendered":"<h1 style=\"margin-top: 0px; margin-bottom: 6px; font-family: Helvetica, Arial, sans-serif; color: #1d2129; font-size: 14px;\"><span style=\"font-size: 12pt; font-family: 'comic sans ms', sans-serif;\">Sevgili Mezunlar\u0131m\u0131z,<\/span><\/h1>\n<p style=\"margin-top: 0px; margin-bottom: 6px; font-family: Helvetica, Arial, sans-serif; color: #1d2129; font-size: 14px;\"><span style=\"font-size: 12pt;\">2017 y\u0131l\u0131n\u0131 bug\u00fcn bitiriyor, yar\u0131n 2018 y\u0131l\u0131na giriyoruz.<\/span><\/p>\n<p style=\"margin-top: 0px; margin-bottom: 6px; font-family: Helvetica, Arial, sans-serif; color: #1d2129; font-size: 14px;\"><span style=\"font-size: 12pt;\">Maliye Okulu ad\u0131yla Cumhuriyetin ilan\u0131ndan bir y\u0131l sonra kurulan okulumuzun da 94. y\u0131l\u0131 olacak 2018.&nbsp;<\/span><br \/><span style=\"font-size: 12pt;\">23 Nisan 2017 tarihinde yap\u0131lan genel kurul ile y\u00f6netime geli\u015fimizin dokuzuncu ay\u0131nday\u0131z.<\/span><\/p>\n<p style=\"margin-top: 0px; margin-bottom: 6px; font-family: Helvetica, Arial, sans-serif; color: #1d2129; font-size: 14px;\"><span style=\"font-size: 12pt;\">\u0130lk ziyaretlerimizi 1958 mezunumuz \u015eerif Ercan ve 1960 mezunumuz Sait Keke\u00e7 A\u011fabeylere yaparak \u015fifa diledik kendilerine.<\/span><\/p>\n<p><!--more--><\/p>\n<p style=\"margin-top: 0px; margin-bottom: 6px; font-family: Helvetica, Arial, sans-serif; color: #1d2129; font-size: 14px;\"><span style=\"font-size: 12pt;\"><\/span><\/p>\n<div class=\"text_exposed_show\" style=\"text-align: -webkit-center; display: inline; font-family: Helvetica, Arial, sans-serif; color: #1d2129; font-size: 14px;\">\n<p style=\"margin-top: 0px; margin-bottom: 6px; font-family: inherit; text-align: left;\"><span style=\"font-size: 12pt;\">\u0130stanbul \u015eube ve Ant-Momder genel kurullar\u0131n\u0131 birlikte yapt\u0131ktan sonra \u0130zmir\u2019de \u015fube ba\u015fkan\u0131 Nevzat Yi\u011fit, Y\u00f6netim Kurulu \u00fcyesi Ali Alpaslan Erden ve Denetim Kurulu Ba\u015fkan\u0131 Dr. Mustafa Alpaslan ile 1960 y\u0131l\u0131 mezunumuz Osman Akar A\u011fabeyi ziyaret ederek kurum ve kurulu\u015flardaki ziyaretlerimizi ba\u015flatt\u0131k, ki yazdan kalma foto\u011fraflar gecikmi\u015f olarak da olsa i\u00e7imizi \u0131s\u0131ts\u0131n diye \u015fimdi -sosyal medyada- payla\u015f\u0131yorum.<\/span><\/p>\n<p style=\"margin-top: 0px; margin-bottom: 6px; font-family: inherit; text-align: left;\"><span style=\"font-size: 12pt;\"><\/span><\/p>\n<p style=\"margin-top: 6px; margin-bottom: 6px; font-family: inherit; text-align: left;\"><span style=\"font-size: 12pt;\"><q class=\"info inset-right width25\" style=\"width: 195.25px;\">Ankara, \u0130stanbul, Mersin gecelerimizde; Ku\u015fadas\u0131, Cunda bulu\u015fmalar\u0131m\u0131zda doyas\u0131ya e\u011flendik, hasret giderdik.&nbsp;<\/q><span style=\"font-family: inherit;\">Yeri geldi \u015fehir i\u00e7inde \u015fehri tan\u0131mak i\u00e7in y\u00fcr\u00fcd\u00fck; yeri geldi \u015fehirlerden ka\u00e7t\u0131k do\u011fa ile bulu\u015ftuk.<\/span><\/span><\/p>\n<p style=\"margin-top: 6px; margin-bottom: 6px; font-family: inherit; text-align: left;\"><span style=\"font-family: inherit; font-size: 12pt;\"><\/span><\/p>\n<p style=\"margin-top: 6px; margin-bottom: 6px; font-family: inherit; text-align: left;\"><span style=\"font-size: 12pt;\">Okul k\u00fct\u00fcphanesi a\u00e7arak hayata dokunduk, ad\u0131m\u0131z\u0131 ya\u015fatacak ad\u0131mlar att\u0131k.<\/span><\/p>\n<p style=\"margin-top: 6px; margin-bottom: 6px; font-family: inherit; text-align: left;\"><span style=\"font-size: 12pt;\">Bize sportif ba\u015far\u0131 mutlulu\u011fu tatt\u0131ran MOSK ile, 2017-2018 sezonunda ilk yar\u0131y\u0131 \u00fc\u00e7\u00fcnc\u00fc olarak bitiren ikinci ligdeki kad\u0131n voleybol tak\u0131m\u0131m\u0131z ile gururlanmaya devam edece\u011fimize dair \u00e7ok g\u00fc\u00e7l\u00fc kanaatimiz olu\u015ftu.<\/span><\/p>\n<p style=\"margin-top: 6px; margin-bottom: 6px; font-family: inherit; text-align: left;\"><span style=\"font-size: 12pt;\"><\/span><\/p>\n<p style=\"margin-top: 6px; margin-bottom: 6px; font-family: inherit; text-align: left;\"><span style=\"font-size: 12pt;\">Birlikteli\u011fimizi zirveye ta\u015f\u0131d\u0131\u011f\u0131m\u0131z bir y\u0131l\u0131 geride b\u0131rakmakla birlikte 2018 y\u0131l\u0131 ve sonras\u0131nda, yarat\u0131lan beklentilerle bu zirvenin, birlik ve dayan\u0131\u015fma ruhu ile daha da yukar\u0131lara ta\u015f\u0131naca\u011f\u0131na inanc\u0131m\u0131z per\u00e7inlendi.<\/span><\/p>\n<p style=\"margin-top: 6px; margin-bottom: 6px; font-family: inherit; text-align: left;\"><span style=\"font-size: 12pt;\"><\/span><\/p>\n<p style=\"margin-top: 6px; margin-bottom: 6px; font-family: inherit; text-align: left;\"><span style=\"font-size: 12pt;\"><q class=\"info inset-left width25\" style=\"width: 195.25px;\">Ocak\u201917- Aral\u0131k\u201917 aras\u0131 17 mezunumuzu topra\u011fa verdik.<\/q><\/span><\/p>\n<p style=\"margin-top: 6px; margin-bottom: 6px; font-family: inherit; text-align: left;\"><span style=\"font-size: 12pt;\">\u201988 li Pa\u015fa \u00c7\u00f6mlek\u00e7i, \u201867 li Yusuf Demirhan, \u0130brahim Ya\u011fc\u0131o\u011flu, \u201862 li Cemalettin \u00d6zbay, \u201958 li D\u00fcndar Yelen, \u201966 l\u0131 Cemil U\u011furel, \u201963 l\u00fc Ahmet Aysu, \u201950 li \u015e\u00fckr\u00fc Karako\u00e7, \u201969 lu Ali Fuat \u00dclk\u00fc, Tevfik K\u00fc\u00e7\u00fck, \u201981 li Ali \u00d6zdemir, \u201963 l\u00fc Mustafa Kahraman, \u201977 li \u015eeyh M\u00fcsl\u00fcm \u00c7ift\u00e7i, \u201864 l\u00fc Turgut Tokat, \u201883 l\u00fc Hayri Yal\u0131l\u0131, \u201860 l\u0131 Sava\u015f \u00c7atal ve kas\u0131m ay\u0131 sonlar\u0131nda \u201973 l\u00fc Selahattin G\u00fcler aram\u0131zdan ayr\u0131ld\u0131.&nbsp;<\/span><br \/><span style=\"font-size: 12pt;\">Kendilerine tanr\u0131dan rahmet, e\u015f ve \u00e7ocuklar\u0131na, camiam\u0131za sab\u0131rlar diliyoruz yeniden.<\/span><\/p>\n<p style=\"margin-top: 6px; margin-bottom: 6px; font-family: inherit; text-align: left;\"><span style=\"font-size: 12pt;\"><\/span><\/p>\n<p style=\"margin-top: 6px; margin-bottom: 6px; font-family: inherit; text-align: left;\"><span style=\"font-size: 12pt;\">Ac\u0131s\u0131yla,tatl\u0131s\u0131yla bir y\u0131l\u0131 daha geride b\u0131rakt\u0131k.<\/span><\/p>\n<p style=\"margin-top: 6px; margin-bottom: 6px; font-family: inherit; text-align: left;\"><span style=\"font-size: 12pt;\"><\/span><\/p>\n<blockquote style=\"margin: 15px 10px; padding: 10px 20px 10px 60px; font-size: 18.2px; background-image: url('plugins\/content\/xtypo\/icon\/quote1.gif'); background-position: left top; background-repeat: no-repeat; background-attachment: initial; border-top: 2px dotted #cccccc; border-bottom: 2px dotted #cccccc;\">\n<p style=\"padding-top: 10px; padding-right: 30px; padding-bottom: 15px; background: url('plugins\/content\/xtypo\/icon\/quote2.gif') right bottom no-repeat; font-size: 20.02px; line-height: 24.024px; color: #999999;\">Maliye Okulu Mezunlar\u0131 Derne\u011fi Genel Merkezi Y\u00f6netim Kurulu ad\u0131na, t\u00fcm mezunlar\u0131m\u0131za, e\u015flerine \u00e7ocuklar\u0131na, sevdiklerine sa\u011fl\u0131kl\u0131 mutlu; t\u00fcm insanl\u0131k i\u00e7in bar\u0131\u015f ve huzur dolu bir 2018 y\u0131l\u0131 diliyorum.<\/p>\n<\/blockquote>\n<p style=\"margin-top: 6px; margin-bottom: 6px; font-family: inherit; text-align: left;\"><span style=\"font-size: 12pt;\">Sevgi ve Sayg\u0131lar\u0131mla,<\/span><\/p>\n<p style=\"margin-top: 6px; margin-bottom: 6px; font-family: inherit; text-align: left;\"><span style=\"font-size: 12pt;\"><strong>Ahmet Kaya<\/strong><\/span><br \/><span style=\"font-size: 12pt;\"><strong>Maliye Okulu Mezunlar\u0131 Derne\u011fi Genel Merkezi<\/strong><\/span><\/p>\n<\/div>\n","protected":false},"excerpt":{"rendered":"<p>Sevgili Mezunlar\u0131m\u0131z, 2017 y\u0131l\u0131n\u0131 bug\u00fcn bitiriyor, yar\u0131n 2018 y\u0131l\u0131na giriyoruz. Maliye Okulu ad\u0131yla Cumhuriyetin ilan\u0131ndan bir y\u0131l sonra kurulan okulumuzun da 94. y\u0131l\u0131 olacak 2018.&nbsp;23 Nisan 2017 tarihinde yap\u0131lan genel kurul ile y\u00f6netime geli\u015fimizin dokuzuncu ay\u0131nday\u0131z. \u0130lk ziyaretlerimizi 1958 mezunumuz \u015eerif Ercan ve 1960 mezunumuz Sait Keke\u00e7 A\u011fabeylere yaparak \u015fifa diledik kendilerine.<\/p>\n","protected":false},"author":1,"featured_media":0,"comment_status":"open","ping_status":"open","sticky":false,"template":"","format":"standard","meta":{"_eb_attr":"","_gspb_post_css":"","_crdt_document":"","footnotes":""},"categories":[121],"tags":[],"class_list":["post-4849","post","type-post","status-publish","format-standard","hentry","category-haber-arsivi"],"blocksy_meta":[],"_links":{"self":[{"href":"https:\/\/yeni.maliyeokulu.org.tr\/index.php?rest_route=\/wp\/v2\/posts\/4849","targetHints":{"allow":["GET"]}}],"collection":[{"href":"https:\/\/yeni.maliyeokulu.org.tr\/index.php?rest_route=\/wp\/v2\/posts"}],"about":[{"href":"https:\/\/yeni.maliyeokulu.org.tr\/index.php?rest_route=\/wp\/v2\/types\/post"}],"author":[{"embeddable":true,"href":"https:\/\/yeni.maliyeokulu.org.tr\/index.php?rest_route=\/wp\/v2\/users\/1"}],"replies":[{"embeddable":true,"href":"https:\/\/yeni.maliyeokulu.org.tr\/index.php?rest_route=%2Fwp%2Fv2%2Fcomments&post=4849"}],"version-history":[{"count":1,"href":"https:\/\/yeni.maliyeokulu.org.tr\/index.php?rest_route=\/wp\/v2\/posts\/4849\/revisions"}],"predecessor-version":[{"id":18340,"href":"https:\/\/yeni.maliyeokulu.org.tr\/index.php?rest_route=\/wp\/v2\/posts\/4849\/revisions\/18340"}],"wp:attachment":[{"href":"https:\/\/yeni.maliyeokulu.org.tr\/index.php?rest_route=%2Fwp%2Fv2%2Fmedia&parent=4849"}],"wp:term":[{"taxonomy":"category","embeddable":true,"href":"https:\/\/yeni.maliyeokulu.org.tr\/index.php?rest_route=%2Fwp%2Fv2%2Fcategories&post=4849"},{"taxonomy":"post_tag","embeddable":true,"href":"https:\/\/yeni.maliyeokulu.org.tr\/index.php?rest_route=%2Fwp%2Fv2%2Ftags&post=4849"}],"curies":[{"name":"wp","href":"https:\/\/api.w.org\/{rel}","templated":true}]}}