{"id":4853,"date":"2018-09-04T20:38:08","date_gmt":"2018-09-04T17:38:08","guid":{"rendered":"https:\/\/yeni.maliyeokulu.org.tr\/30-austos-zafer-bayram\/"},"modified":"2025-08-02T18:25:36","modified_gmt":"2025-08-02T15:25:36","slug":"30-austos-zafer-bayram","status":"publish","type":"post","link":"https:\/\/yeni.maliyeokulu.org.tr\/?p=4853","title":{"rendered":"30 A\u011fustos Zafer Bayram\u0131"},"content":{"rendered":"<p style=\"text-align: center;\" align=\"center\"><span style=\"font-size: 12pt; font-family: arial, helvetica, sans-serif;\"><span style=\"color: #50555a;\">T\u00fcrk ulusunu yok etmeye \u00e7al\u0131\u015fan i\u015fgal g\u00fc\u00e7lerinin haks\u0131zl\u0131klar\u0131na, yoksullu\u011fa ve t\u00fcm olumsuzluklara kar\u015f\u0131&nbsp;<br \/><\/span>bizlere ba\u011f\u0131ms\u0131zl\u0131\u011f\u0131m\u0131z\u0131 arma\u011fan eden<br \/>Ulu \u00d6nder Mustafa Kemal Atat\u00fcrk ve silah arkada\u015flar\u0131 \u015fehitlerimizi<br \/>sayg\u0131 ve minnet ile an\u0131yor, mezunlar\u0131m\u0131z\u0131n ve t\u00fcm ulusumuzun&nbsp;<br \/>30 A\u011fustos Zafer Bayram\u0131&#8217;n\u0131 en i\u00e7ten dileklerimizle kutluyoruz.<\/span><\/p>\n<p style=\"text-align: center;\" align=\"center\"><span style=\"color: #50555a; font-size: 24px;\"><img fetchpriority=\"high\" decoding=\"async\" class=\" size-full wp-image-4852\" style=\"margin: 5px; border: 1px solid #000000;\" src=\"https:\/\/yeni.maliyeokulu.org.tr\/wp-content\/uploads\/2018\/09\/30agustos.png\" alt=\"30agustos\" width=\"375\" height=\"233\" srcset=\"https:\/\/yeni.maliyeokulu.org.tr\/wp-content\/uploads\/2018\/09\/30agustos.png 745w, https:\/\/yeni.maliyeokulu.org.tr\/wp-content\/uploads\/2018\/09\/30agustos-300x186.png 300w\" sizes=\"(max-width: 375px) 100vw, 375px\" \/><\/span><\/p>\n","protected":false},"excerpt":{"rendered":"<p>T\u00fcrk ulusunu yok etmeye \u00e7al\u0131\u015fan i\u015fgal g\u00fc\u00e7lerinin haks\u0131zl\u0131klar\u0131na, yoksullu\u011fa ve t\u00fcm olumsuzluklara kar\u015f\u0131&nbsp;bizlere ba\u011f\u0131ms\u0131zl\u0131\u011f\u0131m\u0131z\u0131 arma\u011fan edenUlu \u00d6nder Mustafa Kemal Atat\u00fcrk ve silah arkada\u015flar\u0131 \u015fehitlerimizisayg\u0131 ve minnet ile an\u0131yor, mezunlar\u0131m\u0131z\u0131n ve t\u00fcm ulusumuzun&nbsp;30 A\u011fustos Zafer Bayram\u0131&#8217;n\u0131 en i\u00e7ten dileklerimizle kutluyoruz.<\/p>\n","protected":false},"author":1,"featured_media":4852,"comment_status":"open","ping_status":"open","sticky":false,"template":"","format":"standard","meta":{"_eb_attr":"","_gspb_post_css":"","_crdt_document":"","footnotes":""},"categories":[121],"tags":[],"class_list":["post-4853","post","type-post","status-publish","format-standard","has-post-thumbnail","hentry","category-haber-arsivi"],"blocksy_meta":[],"_links":{"self":[{"href":"https:\/\/yeni.maliyeokulu.org.tr\/index.php?rest_route=\/wp\/v2\/posts\/4853","targetHints":{"allow":["GET"]}}],"collection":[{"href":"https:\/\/yeni.maliyeokulu.org.tr\/index.php?rest_route=\/wp\/v2\/posts"}],"about":[{"href":"https:\/\/yeni.maliyeokulu.org.tr\/index.php?rest_route=\/wp\/v2\/types\/post"}],"author":[{"embeddable":true,"href":"https:\/\/yeni.maliyeokulu.org.tr\/index.php?rest_route=\/wp\/v2\/users\/1"}],"replies":[{"embeddable":true,"href":"https:\/\/yeni.maliyeokulu.org.tr\/index.php?rest_route=%2Fwp%2Fv2%2Fcomments&post=4853"}],"version-history":[{"count":1,"href":"https:\/\/yeni.maliyeokulu.org.tr\/index.php?rest_route=\/wp\/v2\/posts\/4853\/revisions"}],"predecessor-version":[{"id":18339,"href":"https:\/\/yeni.maliyeokulu.org.tr\/index.php?rest_route=\/wp\/v2\/posts\/4853\/revisions\/18339"}],"wp:featuredmedia":[{"embeddable":true,"href":"https:\/\/yeni.maliyeokulu.org.tr\/index.php?rest_route=\/wp\/v2\/media\/4852"}],"wp:attachment":[{"href":"https:\/\/yeni.maliyeokulu.org.tr\/index.php?rest_route=%2Fwp%2Fv2%2Fmedia&parent=4853"}],"wp:term":[{"taxonomy":"category","embeddable":true,"href":"https:\/\/yeni.maliyeokulu.org.tr\/index.php?rest_route=%2Fwp%2Fv2%2Fcategories&post=4853"},{"taxonomy":"post_tag","embeddable":true,"href":"https:\/\/yeni.maliyeokulu.org.tr\/index.php?rest_route=%2Fwp%2Fv2%2Ftags&post=4853"}],"curies":[{"name":"wp","href":"https:\/\/api.w.org\/{rel}","templated":true}]}}