{"id":4893,"date":"2018-10-27T00:33:48","date_gmt":"2018-10-26T21:33:48","guid":{"rendered":"https:\/\/yeni.maliyeokulu.org.tr\/plakettoreni\/"},"modified":"2025-08-02T18:25:36","modified_gmt":"2025-08-02T15:25:36","slug":"plakettoreni","status":"publish","type":"post","link":"https:\/\/yeni.maliyeokulu.org.tr\/?p=4893","title":{"rendered":"Plaket \u00c7akma T\u00f6reni"},"content":{"rendered":"<p style=\"text-align: center;\"><em><strong>Okulumuzun duvar\u0131nda her zaman kalacak!<\/strong><\/em><\/p>\n<p><span style=\"font-size: 10pt;\"><img decoding=\"async\" class=\" size-full wp-image-4889\" style=\"font-size: 13.3333px; display: block; margin: 15px auto;\" src=\"https:\/\/yeni.maliyeokulu.org.tr\/wp-content\/uploads\/2018\/10\/MO01_plaket.png\" alt=\"MO01 plaket\" width=\"171\" height=\"268\" \/><\/span><\/p>\n<p style=\"text-align: justify;\"><span style=\"font-size: 10pt;\">&nbsp;&nbsp;<br \/>\u0130ki ay kadar \u00f6nce,&nbsp;<strong>Prof. Dr. Ahmet Ak, Prof. Dr. Hasan Bilgili, Prof. Dr. Hasan \u015eahin<\/strong>&nbsp;ile olu\u015fturdu\u011fumuz &#8220;MO An\u0131 Plaket Grubu&#8221; olarak iki toplant\u0131 ger\u00e7ekle\u015ftirmi\u015f, Y\u00f6netim Kurulumuz ile birlikte ASB\u00dc Yabanc\u0131 Diller Y\u00fcksekokulu M\u00fcd\u00fcr\u00fc Nevfel Baytar&#8217;\u0131 makam\u0131nda ziyaret etmi\u015ftik.<\/span><\/p>\n<p><!--more--><\/p>\n<p style=\"text-align: justify;\"><span style=\"font-size: 10pt;\">Say\u0131n Baytar, bu \u00e7abam\u0131z\u0131 o kadar benimsemi\u015fti ki, grubumuzun bir \u00fcyesi gibi ASB\u00dc Rekt\u00f6r\u00fcnden randevu alarak Y\u00f6netim Kurulumuz ile bir g\u00f6r\u00fc\u015fme ayarlam\u0131\u015ft\u0131.<\/span><\/p>\n<p style=\"text-align: justify;\"><span style=\"font-size: 10pt;\"><strong>Prof. Dr. Ziyaettin Bildirici, Prof. Dr. \u0130lhami S\u00f6yler ve Do\u00e7ent Dr. Memduh Aslan<\/strong>&#8216;\u0131n da kat\u0131l\u0131m ve katk\u0131lar\u0131yla, ASB\u00dc ile birlikte yapaca\u011f\u0131m\u0131z ilk \u00e7al\u0131\u015fman\u0131n tarihini 22 Eyl\u00fcl 2018 Cumartesi g\u00fcn\u00fc olarak belirlemi\u015ftik.<\/span><\/p>\n<p style=\"text-align: justify;\"><span style=\"font-size: 10pt;\"><span style=\"font-size: 13.3333px; text-align: justify;\"><\/span><\/span><\/p>\n<p style=\"text-align: justify;\"><span style=\"font-size: 10pt;\"><span style=\"font-size: 13.3333px; text-align: justify;\">{xtypo_rounded2}<\/span><\/span><\/p>\n<p style=\"text-align: justify;\"><span style=\"font-size: 10pt;\"><span style=\"font-size: 13.3333px; text-align: justify;\"><span style=\"color: #50555a; font-size: 13.3333px; text-align: center;\">[widgetkit id=35]<\/span>&nbsp;<\/span><\/span><\/p>\n<p style=\"text-align: justify;\"><span style=\"font-size: 10pt;\">&#8217;58 Mezunlar\u0131m\u0131z&nbsp;<strong>Oral Levender ve Atila Atalay<\/strong>&nbsp;A\u011fabeyler ile o g\u00fcn yap\u0131lacaklar\u0131 g\u00f6r\u00fc\u015ft\u00fck.<\/span><\/p>\n<p style=\"text-align: justify;\"><span style=\"font-size: 10pt;\">ASB\u00dc bah\u00e7esinde olsak da onlar\u0131n konu\u011fu olacakt\u0131k.<\/span><\/p>\n<p><span style=\"font-size: 10pt; text-align: justify;\">Plaketi, o\u011flum&nbsp;<\/span><strong style=\"font-size: 10pt; text-align: justify;\">Onur<\/strong><span style=\"font-size: 10pt; text-align: justify;\">, Okulun ilk a\u00e7\u0131l\u0131\u015f g\u00fcn\u00fcndeki foto\u011fraf\u0131 kullanarak tasarlad\u0131 ve ba\u015fka bir okulda\u015f\u0131m\u0131z Nur\u015fen &#8216;B\u00fcy\u00fckpolat &#8216;Da\u011fc\u0131n\u0131n o\u011flu&nbsp;<\/span><strong style=\"font-size: 10pt; text-align: justify;\">Alper<\/strong><span style=\"font-size: 10pt; text-align: justify;\">&#8216;in at\u00f6lyesinde \u00fcretildi.<\/span><\/p>\n<p style=\"text-align: justify;\"><span style=\"font-size: 10pt;\">G\u00fcne\u015fli bir sonbahar sabah\u0131nda ufkumuzun mimar\u0131 okulumuzdayd\u0131k.<\/span><\/p>\n<p style=\"text-align: justify;\"><span style=\"font-size: 10pt;\">1955 y\u0131l\u0131nda, e\u011fitim ve \u00f6\u011fretime &#8217;58 y\u0131l\u0131 mezunlar\u0131m\u0131zla ba\u015flayan Maliye Okulu Binas\u0131 duvar\u0131na an\u0131 plaketimizi kal\u0131c\u0131 olarak \u00e7akt\u0131k\/yap\u0131\u015ft\u0131rd\u0131k\/monte ettik.<\/span><\/p>\n<p style=\"text-align: justify;\"><span style=\"font-size: 10pt;\">Biz orada, hem 1958 Mezunu a\u011fabeylerimizin konuklar\u0131 olduk, hem de Ankara Sosyal Bilimler \u00dcniversitesinin.<\/span><\/p>\n<p style=\"text-align: justify;\"><span style=\"font-size: 10pt;\">G\u00fcn\u00fcn ba\u015f\u0131nda, Gaziantep Y\u00f6netim Kurulunun \u00fcyesi&nbsp;<strong>H\u00fcseyin Bozkurt&nbsp;<\/strong>alandan foto\u011fraflar yay\u0131nlamaya ba\u015flad\u0131, di\u011fer bir \u00fcyesi&nbsp;<strong>Abd\u00fclmennan Dalyano\u011flu<\/strong>&nbsp;pankartlar\u0131 yerle\u015ftirmede g\u00f6rev ald\u0131. G\u00fcn\u00fcn sonunda, aile foto\u011fraf\u0131na 77 ki\u015fi kalm\u0131\u015f olsa da, &#8217;58 lilerden &#8217;97 lilere 258 mezunumuz, \u00f6\u011fretmenimiz, okulumuza emek verenler bizimle birlikte oldu g\u00fcn boyunca.<\/span><\/p>\n<p style=\"text-align: justify;\"><span style=\"font-size: 10pt;\"><strong>Berrak ve Sezar<\/strong>&nbsp;g\u00fczel sonbahar klasiklerini \u00e7ald\u0131lar.<\/span><\/p>\n<p style=\"text-align: justify;\"><span style=\"font-size: 10pt;\">ASB\u00dc Rekt\u00f6r\u00fc Prof. Dr. Mehmet Barca hayranl\u0131kla izledi ne\u015feli birlikteli\u011fimizi ve konu\u015fmalar\u0131nda buna vurgu yapt\u0131. Yabanc\u0131 Diller Y\u00fcksekokulu M\u00fcd\u00fcr\u00fc Nevfel Baytar, kendisini, ev sahibi gibi de\u011fil bir misafir gibi hissetti\u011fini itiraf etti.<\/span><\/p>\n<p style=\"text-align: justify;\"><span style=\"font-size: 10pt;\">\u0130zmir \u015eube Ba\u015fkan\u0131&nbsp;<strong>Nevzat Yi\u011fit<\/strong>, Cumhuriyet haftas\u0131nda yapacaklar\u0131 bulu\u015fma program\u0131nda yer alan Spor Kul\u00fcb\u00fcm\u00fcz\u00fcn etkinli\u011fi i\u00e7in Ba\u015fkan&nbsp;<strong>Olgun Tuncay Ayvac\u0131<\/strong>&nbsp;ile uzun uzun konu\u015ftular.<\/span><\/p>\n<p style=\"text-align: justify;\"><span style=\"font-size: 10pt;\">Bu sezon ikinci lig&#8217;de m\u00fccadele edecek Maliye Okulunun voleybol tak\u0131m\u0131 enerji katt\u0131lar, pozitif enerji y\u00fcklendiler.<\/span><\/p>\n<p style=\"text-align: justify;\"><span style=\"font-size: 10pt;\">O bina, &#8217;58 li \u0130lkler g\u00f6z\u00fcnden anlat\u0131ld\u0131, Oral Levender A\u011fabeyin g\u00fczel sunumuyla.. sonra Altm\u0131\u015fl\u0131lar, sonra Yetmi\u015fliler, sonra Seksenliler penceresinden. S\u0131ra doksanl\u0131lar g\u00f6z\u00fcnden anlat\u0131lmaya gelince,&nbsp;<strong>L\u00fctfiye \u00d6zyurt M\u00fccen<\/strong>&nbsp;\u00f6\u011fretmenimizin duygusal sunumunda ortal\u0131\u011f\u0131 bir h\u00fcz\u00fcn kaplad\u0131.<\/span><\/p>\n<p style=\"text-align: justify;\"><span style=\"font-size: 10pt;\"><strong>Ali G\u00fcng\u00fct<\/strong>, g\u00fczel karelerini payla\u015fmak i\u00e7in g\u00fcn boyunca,&nbsp;<strong>Selda Salman Acar ve Erdo\u011fan Acar<\/strong>&nbsp;video ve foto\u011fraflar \u00e7ekti.<\/span><\/p>\n<p style=\"text-align: justify;\"><span style=\"font-size: 10pt;\">Her \u015fey kat\u0131l\u0131m\u0131n\u0131zla g\u00fczelle\u015fti.<\/span><\/p>\n<p style=\"text-align: justify;\"><span style=\"font-size: 10pt;\">Ben, birlikte \u00e7al\u0131\u015fmaktan sonsuz keyif ald\u0131\u011f\u0131m, ekip ruhunu hep canl\u0131 tutan Y\u00f6netim Kurulu \u00fcyesi arkada\u015flar\u0131m&nbsp;<strong>Nurten \u00c7ukur, Mesut Kullar, Ersan Ba\u015fkaya, Hakan Dilaver, Kemal Murat K\u0131rm\u0131z\u0131g\u00fcl ve Bugra Yeg\u00fcl<\/strong>&#8216;e; o g\u00fcn aram\u0131zda olan Onursal Ba\u015fkan\u0131m\u0131z&nbsp;<strong>Av. Mehmet Kaya<\/strong>&#8216;ya, Ba\u015fkan&nbsp;<strong>Nevzat Yi\u011fit<\/strong>&nbsp;\u015fahs\u0131nda \u0130zmir \u015eube Y\u00f6netim Kuruluna, Ba\u015fkan&nbsp;<strong>Hasan \u015eahin<\/strong>&nbsp;\u015fahs\u0131nda Gaziantep Momder Y\u00f6netim Kuruluna; mesajlar\u0131n\u0131 yollayan, Istanbul, Antalya, Bursa, Mersin MOMDER y\u00f6netimlerine, g\u00f6rev alan akademisyen okulda\u015flar\u0131ma, \u00f6\u011fretmenlerimize, b\u00fcy\u00fck fedakarl\u0131klarla \u0130stanbul&#8217;dan, \u0130zmir&#8217;den, Gaziantep&#8217;ten, Edirne&#8217;den, Antalya&#8217;dan ve T\u00fcrkiye&#8217;nin \u00e7e\u015fitli yerlerinden gelen okulda\u015flar\u0131m\u0131za, okulumuz emektarlar\u0131na sonsuz te\u015fekk\u00fcrlerimi \u015f\u00fckranlar\u0131m\u0131 sunuyorum.<\/span><\/p>\n<p><img decoding=\"async\" class=\" alignright size-full wp-image-4195\" style=\"margin: 8px; float: right;\" src=\"https:\/\/yeni.maliyeokulu.org.tr\/wp-content\/uploads\/2006\/10\/MO-tpDamga-Logo.png\" alt=\"MO-tpDamga-Logo\" width=\"136\" height=\"115\" srcset=\"https:\/\/yeni.maliyeokulu.org.tr\/wp-content\/uploads\/2006\/10\/MO-tpDamga-Logo.png 536w, https:\/\/yeni.maliyeokulu.org.tr\/wp-content\/uploads\/2006\/10\/MO-tpDamga-Logo-300x254.png 300w\" sizes=\"(max-width: 136px) 100vw, 136px\" \/><\/p>\n<p style=\"text-align: justify;\"><span style=\"font-size: 10pt;\">\u0130yi ki vars\u0131n\u0131z.<\/span><\/p>\n<p style=\"text-align: justify;\"><span style=\"font-size: 10pt;\">Birlikte \u00e7ok g\u00fczeliz.<\/span><\/p>\n<p style=\"text-align: justify;\"><strong><span style=\"font-size: 10pt;\">Ahmet KAYA<br \/><\/span><span style=\"font-size: 10pt;\">MOMDER Genel Ba\u015fkan\u0131<\/span><\/strong><\/p>\n<p>{\/xtypo_rounded2}<\/p>\n<p style=\"margin-top: 6px; margin-bottom: 6px; font-family: system-ui, -apple-system, system-ui, '.SFNSText-Regular', sans-serif; color: #1d2129; font-size: 14px; text-align: center;\"><img fetchpriority=\"high\" decoding=\"async\" class=\" size-full wp-image-4890\" style=\"display: block; margin-left: auto; margin-right: auto; border: 2px dotted #000000;\" src=\"https:\/\/yeni.maliyeokulu.org.tr\/wp-content\/uploads\/2018\/10\/ailefoto.jpg\" alt=\"ailefoto\" width=\"884\" height=\"498\" border=\"0\" srcset=\"https:\/\/yeni.maliyeokulu.org.tr\/wp-content\/uploads\/2018\/10\/ailefoto.jpg 1284w, https:\/\/yeni.maliyeokulu.org.tr\/wp-content\/uploads\/2018\/10\/ailefoto-300x169.jpg 300w, https:\/\/yeni.maliyeokulu.org.tr\/wp-content\/uploads\/2018\/10\/ailefoto-1024x577.jpg 1024w, https:\/\/yeni.maliyeokulu.org.tr\/wp-content\/uploads\/2018\/10\/ailefoto-768x432.jpg 768w\" sizes=\"(max-width: 884px) 100vw, 884px\" \/><br \/><span style=\"text-align: justify; color: #000000; font-family: Arial, Helvetica, sans-serif; font-size: 12px;\"><img loading=\"lazy\" decoding=\"async\" class=\" size-full wp-image-4891\" src=\"https:\/\/yeni.maliyeokulu.org.tr\/wp-content\/uploads\/2018\/10\/mo_duzdamga.svg\" alt=\"cancel\" width=\"96\" height=\"96\" border=\"0\" \/><\/span><\/p>\n<p style=\"margin-top: 6px; margin-bottom: 6px; font-family: system-ui, -apple-system, system-ui, '.SFNSText-Regular', sans-serif; color: #1d2129; font-size: 14px; text-align: justify;\"><strong><span style=\"font-size: 13.3333px;\">{xtypo_rounded2}<\/span>Ankara Maliye Okulu<\/strong>&#8216;na 1955-1997 y\u0131llar\u0131 aras\u0131nda hizmet veren binam\u0131z\u0131n bah\u00e7esinde, Okulumuzun ilkleri &#8217;58 mezunlar\u0131m\u0131z\u0131n&#8217; konuklar\u0131 olduk.<\/p>\n<p style=\"margin-top: 6px; margin-bottom: 6px; font-family: system-ui, -apple-system, system-ui, '.SFNSText-Regular', sans-serif; color: #1d2129; font-size: 14px; text-align: justify;\">Program\u0131m\u0131z Okulumuzun bah\u00e7esinde ge\u00e7 kahvalt\u0131 ile ba\u015flad\u0131. Genel Ba\u015fkan\u0131m\u0131z Say\u0131n Ahmet KAYA&#8217;n\u0131n a\u00e7\u0131l\u0131\u015f konu\u015fmas\u0131ndan sonra 58 mezunumuz Say\u0131n Atila ATALAY&#8217;\u0131n daveti ile&nbsp;k\u00fcrs\u00fcye gelen ASB\u00dc Rekt\u00f6r\u00fc Prof. Dr. Mehmet BARCA, &#8220;<em>sabah g\u00fclen ve birbiri ile \u015fakala\u015fan y\u00fczlerle kar\u015f\u0131la\u015ft\u0131\u011f\u0131n\u0131 g\u00f6rmekten mutluluk duydu\u011funu; buras\u0131n\u0131n gelene\u011fi olan, k\u00f6kl\u00fc bir okul oldu\u011funu, burada bir d\u00fc\u015f\u00fcnce ekol\u00fc bulundu\u011funu, kendilerinin de bu ekol\u00fc zevkle s\u00fcrd\u00fcrmek istediklerini<\/em>&#8221; belirterek ba\u015flad\u0131\u011f\u0131 konu\u015fmas\u0131n\u0131 Okulumuz mezunlar\u0131 ile birlikte sosyal bilimler alan\u0131nda \u00e7al\u0131\u015fmak istediklerini, Derne\u011fin bu binada bir birim olu\u015fturmas\u0131yla ortak ili\u015fkilerin ileri d\u00fczeylere ta\u015f\u0131nabilece\u011fini a\u00e7\u0131klayarak tamamlad\u0131. Daha sonra&nbsp;Say\u0131n BARCA&#8217;n\u0131n&nbsp;program\u0131n\u0131n yo\u011funlu\u011fu nedeniyle an\u0131 plaketin a\u00e7\u0131l\u0131\u015f\u0131 ile s\u00fcrd\u00fcr\u00fcld\u00fc.<\/p>\n<p style=\"margin-top: 6px; margin-bottom: 6px; font-family: system-ui, -apple-system, system-ui, '.SFNSText-Regular', sans-serif; color: #1d2129; font-size: 14px; text-align: justify;\">Onursal Genel Ba\u015fkan\u0131m\u0131z Av. Mehmet KAYA&#8217;n\u0131n konu\u015fmas\u0131 ile s\u00fcren etkinlikte 58 mezunlar\u0131 ad\u0131na Atila ATALAY a\u011fabeyimize g\u00fcn\u00fcn an\u0131s\u0131na haz\u0131rlanan plaket sunuldu. Atila a\u011fabey ise plaketin sonsuza kadar saklanmak \u00fczere Derne\u011fimizde kalmas\u0131n\u0131n uygun olaca\u011f\u0131n\u0131 belirterek plaketi Derne\u011fimiz 2. Ba\u015fkan\u0131 Say\u0131n Ersan BA\u015eKAYA&#8217;ya teslim etti.<\/p>\n<p style=\"margin-top: 6px; margin-bottom: 6px; font-family: system-ui, -apple-system, system-ui, '.SFNSText-Regular', sans-serif; color: #1d2129; font-size: 14px; text-align: justify;\">Okulumuzun yeni sahipleri ASB\u00dc Yabanc\u0131 Diller Y\u00fcksek Okulu M\u00fcd\u00fcr\u00fc \u00d6\u011fretim G\u00f6revlisi Say\u0131n Nevfel BAYTAR&#8217;\u0131n konu\u015fmas\u0131nda kendilerini ev sahibinden ziyade misafir olarak hissettiklerini belirterek Derne\u011fimizin her y\u0131l bu t\u00fcr etkinlikleri s\u00fcrd\u00fcrmelerini istediklerini, mezunlar\u0131m\u0131z\u0131n bilimsel \u00e7al\u0131\u015fmalar\u0131na ev sahipli\u011fi yapmaktan memnuniyet duyacaklar\u0131n\u0131 belirtti. Onursal Genel Ba\u015fkan\u0131m\u0131z Say\u0131n Mehmet KAYA taraf\u0131ndan kendilerine g\u00fcn\u00fcn an\u0131s\u0131na haz\u0131rlanan plaket verildi.<\/p>\n<p style=\"margin-top: 6px; margin-bottom: 6px; font-family: system-ui, -apple-system, system-ui, '.SFNSText-Regular', sans-serif; color: #1d2129; font-size: 14px; text-align: justify;\">Mezunlar\u0131m\u0131z ad\u0131na yap\u0131lan konu\u015fmalarda Okulumuza 1955 y\u0131l\u0131nda ba\u015flayan Say\u0131n Oral LEVENDER a\u011fabey (1958), 60 mezunlar\u0131m\u0131z ad\u0131na Prof. Dr.&nbsp;Say\u0131n&nbsp;Ziyaeettin B\u0130LD\u0130R\u0130C\u0130 (1969) ve Okulumuzda 1978-1998 y\u0131llar\u0131 aras\u0131nda Hukuk dersleri veren et\u00fcd \u00f6\u011fretmenimiz Av.&nbsp;Say\u0131n&nbsp;Ahmet DO\u011eMU\u015e\u00d6Z (1963), 1970 mezunlar\u0131m\u0131z ad\u0131na Prof. Dr.&nbsp;Say\u0131n&nbsp;\u0130lhami S\u00d6YLER (1976), 1990 mezunlar\u0131m\u0131z ad\u0131na Do\u00e7. Dr.&nbsp;Say\u0131n&nbsp;Memduh ASLAN Okulumuzun \u00f6nemi ve d\u00f6nem an\u0131lar\u0131 ile genel d\u00fc\u015f\u00fcncelerini payla\u015ft\u0131lar.<\/p>\n<p style=\"margin-top: 6px; margin-bottom: 6px; font-family: system-ui, -apple-system, system-ui, '.SFNSText-Regular', sans-serif; color: #1d2129; font-size: 14px; text-align: justify;\">Etkinli\u011fimiz, Okulumuzda uzun y\u0131llar g\u00f6rev yapan \u00f6\u011fretmenlerimiz Say\u0131n Aysel EB\u0130L, Say\u0131n L\u00fctfiye \u00d6zyurt M\u00dcCEN, Say\u0131n \u0130lker HAMURCU ve Say\u0131n Nam\u0131k \u00d6ZKAN&#8217;\u0131n anlaml\u0131 ve duygu dolu an\u0131lar\u0131n\u0131 payla\u015fmalar\u0131n\u0131n ard\u0131ndan sona erdi.<span style=\"font-size: 13.3333px;\">{\/xtypo_rounded2}<\/span><\/p>\n<p style=\"margin-top: 6px; margin-bottom: 6px; font-family: system-ui, -apple-system, system-ui, '.SFNSText-Regular', sans-serif; color: #1d2129; font-size: 14px; text-align: center;\"><span style=\"color: #50555a; font-size: 13.3333px;\">[widgetkit id=37]<\/span><\/p>\n<p style=\"text-align: center;\" align=\"center\"><span style=\"color: #50555a; font-size: 24px;\"><img loading=\"lazy\" decoding=\"async\" class=\" size-full wp-image-4892\" style=\"font-family: arial, sans-serif; font-size: 12.8px;\" src=\"https:\/\/yeni.maliyeokulu.org.tr\/wp-content\/uploads\/2018\/10\/malok1.png\" alt=\"malok1\" width=\"103\" height=\"106\" border=\"0\" \/><\/span><\/p>\n","protected":false},"excerpt":{"rendered":"<p>Okulumuzun duvar\u0131nda her zaman kalacak! &nbsp;&nbsp;\u0130ki ay kadar \u00f6nce,&nbsp;Prof. Dr. Ahmet Ak, Prof. Dr. Hasan Bilgili, Prof. Dr. Hasan \u015eahin&nbsp;ile olu\u015fturdu\u011fumuz &#8220;MO An\u0131 Plaket Grubu&#8221; olarak iki toplant\u0131 ger\u00e7ekle\u015ftirmi\u015f, Y\u00f6netim Kurulumuz ile birlikte ASB\u00dc Yabanc\u0131 Diller Y\u00fcksekokulu M\u00fcd\u00fcr\u00fc Nevfel Baytar&#8217;\u0131 makam\u0131nda ziyaret etmi\u015ftik.<\/p>\n","protected":false},"author":1,"featured_media":4889,"comment_status":"open","ping_status":"open","sticky":false,"template":"","format":"standard","meta":{"_eb_attr":"","_gspb_post_css":"","_crdt_document":"","footnotes":""},"categories":[121],"tags":[],"class_list":["post-4893","post","type-post","status-publish","format-standard","has-post-thumbnail","hentry","category-haber-arsivi"],"blocksy_meta":[],"_links":{"self":[{"href":"https:\/\/yeni.maliyeokulu.org.tr\/index.php?rest_route=\/wp\/v2\/posts\/4893","targetHints":{"allow":["GET"]}}],"collection":[{"href":"https:\/\/yeni.maliyeokulu.org.tr\/index.php?rest_route=\/wp\/v2\/posts"}],"about":[{"href":"https:\/\/yeni.maliyeokulu.org.tr\/index.php?rest_route=\/wp\/v2\/types\/post"}],"author":[{"embeddable":true,"href":"https:\/\/yeni.maliyeokulu.org.tr\/index.php?rest_route=\/wp\/v2\/users\/1"}],"replies":[{"embeddable":true,"href":"https:\/\/yeni.maliyeokulu.org.tr\/index.php?rest_route=%2Fwp%2Fv2%2Fcomments&post=4893"}],"version-history":[{"count":1,"href":"https:\/\/yeni.maliyeokulu.org.tr\/index.php?rest_route=\/wp\/v2\/posts\/4893\/revisions"}],"predecessor-version":[{"id":18336,"href":"https:\/\/yeni.maliyeokulu.org.tr\/index.php?rest_route=\/wp\/v2\/posts\/4893\/revisions\/18336"}],"wp:featuredmedia":[{"embeddable":true,"href":"https:\/\/yeni.maliyeokulu.org.tr\/index.php?rest_route=\/wp\/v2\/media\/4889"}],"wp:attachment":[{"href":"https:\/\/yeni.maliyeokulu.org.tr\/index.php?rest_route=%2Fwp%2Fv2%2Fmedia&parent=4893"}],"wp:term":[{"taxonomy":"category","embeddable":true,"href":"https:\/\/yeni.maliyeokulu.org.tr\/index.php?rest_route=%2Fwp%2Fv2%2Fcategories&post=4893"},{"taxonomy":"post_tag","embeddable":true,"href":"https:\/\/yeni.maliyeokulu.org.tr\/index.php?rest_route=%2Fwp%2Fv2%2Ftags&post=4893"}],"curies":[{"name":"wp","href":"https:\/\/api.w.org\/{rel}","templated":true}]}}