{"id":4898,"date":"2018-11-03T17:10:55","date_gmt":"2018-11-03T14:10:55","guid":{"rendered":"https:\/\/yeni.maliyeokulu.org.tr\/kamer-genc-parki\/"},"modified":"2025-08-02T18:25:36","modified_gmt":"2025-08-02T15:25:36","slug":"kamer-genc-parki","status":"publish","type":"post","link":"https:\/\/yeni.maliyeokulu.org.tr\/?p=4898","title":{"rendered":"Kamer Gen\u00e7 Park\u0131"},"content":{"rendered":"<h1 style=\"color: #2276c2; letter-spacing: -1px; text-align: -webkit-center;\">KAMER GEN\u00c7 PARKI<\/h1>\n<h2 style=\"text-align: -webkit-center;\">A\u00c7ILI\u015eINA DAVET<\/h2>\n<p style=\"color: #646464; text-align: -webkit-center;\"><img fetchpriority=\"high\" decoding=\"async\" class=\" size-full wp-image-4897\" src=\"https:\/\/yeni.maliyeokulu.org.tr\/wp-content\/uploads\/2018\/11\/kgenc_park.jpg\" alt=\"kgenc park\" width=\"600\" height=\"345\" srcset=\"https:\/\/yeni.maliyeokulu.org.tr\/wp-content\/uploads\/2018\/11\/kgenc_park.jpg 600w, https:\/\/yeni.maliyeokulu.org.tr\/wp-content\/uploads\/2018\/11\/kgenc_park-300x173.jpg 300w\" sizes=\"(max-width: 600px) 100vw, 600px\" \/><\/p>\n<p style=\"margin-top: 0px; margin-bottom: 6px; font-family: system-ui, -apple-system, system-ui, '.SFNSText-Regular', sans-serif; color: #1d2129; font-size: 14px;\"><strong>&#8217;60 Mezunumuz Kamer Gen\u00e7&#8217;in ad\u0131n\u0131 ya\u015fatacak park\u0131n a\u00e7\u0131l\u0131\u015f\u0131nda Derne\u011fimiz de yer alacak.<\/strong><br \/>Mezunlar\u0131m\u0131z\u0131 yar\u0131n saat 12.45 de park \u00f6n\u00fcnde bulu\u015fmaya ve a\u00e7\u0131l\u0131\u015fta yer almaya davet ediyorum.<\/p>\n<p style=\"margin-top: 0px; margin-bottom: 6px; font-family: system-ui, -apple-system, system-ui, '.SFNSText-Regular', sans-serif; color: #1d2129; font-size: 14px;\">\u00c7ankaya Belediyesi&#8217;nce yapt\u0131r\u0131lan Park ile ilgili bilgilere sunucunun yar\u0131n yapaca\u011f\u0131 ve a\u015fa\u011f\u0131da yer alan konu\u015fmada&nbsp;<strong>MAL\u0130YE OKULU<\/strong>&nbsp;ad\u0131 \u00f6zellikle ekletilmi\u015ftir.<\/p>\n<p><!--more--><\/p>\n<p style=\"margin-top: 6px; margin-bottom: 6px; font-family: system-ui, -apple-system, system-ui, '.SFNSText-Regular', sans-serif; color: #1d2129; font-size: 14px;\">&#8220;<em>Sayg\u0131de\u011fer Konuklar;<span class=\"text_exposed_show\" style=\"display: inline; font-family: inherit;\"><br \/>De\u011ferli Milletvekilleri&#8230;<br \/>Say\u0131n Ba\u015fkan\u0131m,<br \/>Ba\u015fkan Yard\u0131mc\u0131lar\u0131m&#8230;<br \/>Bas\u0131n\u0131m\u0131z\u0131n de\u011ferli temsilcileri&#8230;<\/span><\/em><\/p>\n<div class=\"text_exposed_show\" style=\"text-align: -webkit-center; display: inline; font-family: system-ui, -apple-system, system-ui, '.SFNSText-Regular', sans-serif; color: #1d2129; font-size: 14px;\">\n<p style=\"margin-top: 0px; margin-bottom: 6px; font-family: inherit; text-align: left;\"><em>\u00c7ankaya Belediye Ba\u015fkan\u0131m\u0131z Say\u0131n Alper Ta\u015fdelen ad\u0131na T\u00fcrk siyasetinin g\u00fclen y\u00fcz\u00fc Kamer Gen\u00e7\u2019in ad\u0131n\u0131 verdi\u011fimiz Park\u0131m\u0131z\u0131n a\u00e7\u0131l\u0131\u015f t\u00f6renine ho\u015f geldiniz diyorum.<\/em><br \/><em>A\u00e7\u0131l\u0131\u015f t\u00f6renimize ge\u00e7meden \u00f6nce sizleri Mustafa Kemal Atat\u00fcrk, silah arkada\u015flar\u0131 ve t\u00fcm cumhuriyet \u015fehitlerimiz i\u00e7in bir dakikal\u0131k sayg\u0131 duru\u015funa ve \u0130stiklal Mar\u015f\u0131m\u0131z\u0131 okumaya davet ediyorum.<\/em><\/p>\n<p style=\"margin-top: 6px; margin-bottom: 6px; font-family: inherit; text-align: left;\"><em>De\u011ferli Konuklar;<\/em><br \/><em>Ba\u015fkentin en ye\u015fil il\u00e7esi \u00c7ankaya, ye\u015fil alan ve park alanlar\u0131n\u0131n say\u0131s\u0131n\u0131 art\u0131rmaya devam ediyor.<\/em><br \/><em>Aktif ve pasif alanlar\u0131 ile yakla\u015f\u0131k 1 milyon 600 bin metrekarelik park ve ye\u015fil alan b\u00fcy\u00fckl\u00fc\u011f\u00fcne sahip \u00c7ankaya Belediyesi, dev kent parklar\u0131n\u0131n yan\u0131 s\u0131ra bu d\u00f6nem 60 a\u00e7\u0131lan 8 de a\u00e7\u0131lacak park ile toplam 68 park\u0131 \u00c7ankaya\u2019ya kazand\u0131rd\u0131. Bu parklarla \u00c7ankaya, bu d\u00f6nem yakla\u015f\u0131k 600 bin metrekare daha ye\u015fil alan kazanm\u0131\u015f oldu.<\/em><\/p>\n<p style=\"margin-top: 6px; margin-bottom: 6px; font-family: inherit; text-align: left;\"><em>Bug\u00fcn yeni bir park\u0131m\u0131z\u0131n daha a\u00e7\u0131l\u0131\u015f t\u00f6reninde bir araya gelmi\u015f bulunuyoruz. \u2026 KAMER GEN\u00c7 PARKI\u2026<\/em><\/p>\n<p style=\"margin-top: 6px; margin-bottom: 6px; font-family: inherit; text-align: left;\"><em>Kamer Gen\u00e7, 23 \u015eubat 1940&#8217;da Tunceli&#8217;nin Naz\u0131miye Ramazan k\u00f6y\u00fcnde d\u00fcnyaya geldi. 1960 y\u0131l\u0131nda Ankara&#8217;da Yat\u0131l\u0131 Maliye Okulu&#8217;nu, 1966&#8217;da Ankara \u0130ktisadi Ticari \u0130limler Akademisi&#8217;ni bitirdi.<\/em><br \/><em>Dan\u0131\u015ftay Tetkik Hakimli\u011fi ve Dan\u0131\u015ftay Savc\u0131l\u0131\u011f\u0131 g\u00f6revlerinde bulundu. 1981&#8217;de Dan\u0131\u015fma Meclisi \u00dcyeli\u011fi&#8217;ne getirildi. 1983&#8217;de bu g\u00f6revden istifa ederek, 1983-1987&#8217;de mali m\u00fc\u015favirlik yapt\u0131. 4 d\u00f6nem milletvekili se\u00e7ildi. 1993&#8217;ten 1999&#8217;a kadar TBMM ba\u015fkanvekilli\u011fi g\u00f6revini y\u00fcr\u00fctt\u00fc.<\/em><\/p>\n<p style=\"margin-top: 6px; margin-bottom: 6px; font-family: inherit; text-align: left;\"><em>Kamer Gen\u00e7 Park\u0131, kentsel donat\u0131 alanlar\u0131, tenis kortu, basketbol sahas\u0131 ve ko\u015fu yolu ile \u00c7ankayal\u0131lar\u0131n hizmetinde olacak. 3 bin 200 metrekarelik ye\u015fil alana sahip Park\u0131m\u0131z, 6 bin 395 metrekarelik alana in\u015fa edildi. Park\u0131m\u0131zda ayr\u0131ca 355 metrekarelik bir de golf alan\u0131 bulunuyor<\/em>&#8220;<\/p>\n<p style=\"margin-top: 6px; margin-bottom: 6px; font-family: inherit; text-align: left;\"><img decoding=\"async\" class=\" alignright size-full wp-image-4195\" style=\"float: right;\" src=\"https:\/\/yeni.maliyeokulu.org.tr\/wp-content\/uploads\/2006\/10\/MO-tpDamga-Logo.png\" alt=\"MO-tpDamga-Logo\" width=\"236\" height=\"200\" srcset=\"https:\/\/yeni.maliyeokulu.org.tr\/wp-content\/uploads\/2006\/10\/MO-tpDamga-Logo.png 536w, https:\/\/yeni.maliyeokulu.org.tr\/wp-content\/uploads\/2006\/10\/MO-tpDamga-Logo-300x254.png 300w\" sizes=\"(max-width: 236px) 100vw, 236px\" \/><\/p>\n<div>&nbsp;<\/div>\n<p style=\"margin-top: 6px; margin-bottom: 6px; font-family: inherit; text-align: left;\">Haydi o zaman, yar\u0131n 12.45&#8217;de 1920. Cadde&#8217;de bulu\u015fal\u0131m.&nbsp;<\/p>\n<p style=\"margin-top: 6px; margin-bottom: 6px; font-family: inherit; text-align: left;\"><em><strong>Not:<\/strong><\/em>&nbsp;Kamer Gen\u00e7 Park\u0131 a\u00e7\u0131l\u0131\u015f\u0131na kat\u0131lamayan mezunlar\u0131m\u0131z i\u00e7in etkinlik saatinde 2. Ba\u015fkan\u0131m\u0131z Ersan BA\u015eKAYA taraf\u0131ndan sosyal medya (Facebook) ortam\u0131nda canl\u0131 yay\u0131n yap\u0131lacakt\u0131r.<\/p>\n<p><br class=\"Apple-interchange-newline\" \/><\/p>\n<p style=\"margin-top: 6px; margin-bottom: 6px; font-family: inherit; text-align: left;\">Ahmet KAYA<\/p>\n<p style=\"margin-top: 6px; margin-bottom: 6px; font-family: inherit; text-align: left;\">MOMDER Genel Ba\u015fkan\u0131<\/p>\n<\/div>\n","protected":false},"excerpt":{"rendered":"<p>KAMER GEN\u00c7 PARKI A\u00c7ILI\u015eINA DAVET &#8217;60 Mezunumuz Kamer Gen\u00e7&#8217;in ad\u0131n\u0131 ya\u015fatacak park\u0131n a\u00e7\u0131l\u0131\u015f\u0131nda Derne\u011fimiz de yer alacak.Mezunlar\u0131m\u0131z\u0131 yar\u0131n saat 12.45 de park \u00f6n\u00fcnde bulu\u015fmaya ve a\u00e7\u0131l\u0131\u015fta yer almaya davet ediyorum. \u00c7ankaya Belediyesi&#8217;nce yapt\u0131r\u0131lan Park ile ilgili bilgilere sunucunun yar\u0131n yapaca\u011f\u0131 ve a\u015fa\u011f\u0131da yer alan konu\u015fmada&nbsp;MAL\u0130YE OKULU&nbsp;ad\u0131 \u00f6zellikle ekletilmi\u015ftir.<\/p>\n","protected":false},"author":1,"featured_media":4897,"comment_status":"open","ping_status":"open","sticky":false,"template":"","format":"standard","meta":{"_eb_attr":"","_gspb_post_css":"","_crdt_document":"","footnotes":""},"categories":[121],"tags":[],"class_list":["post-4898","post","type-post","status-publish","format-standard","has-post-thumbnail","hentry","category-haber-arsivi"],"blocksy_meta":[],"_links":{"self":[{"href":"https:\/\/yeni.maliyeokulu.org.tr\/index.php?rest_route=\/wp\/v2\/posts\/4898","targetHints":{"allow":["GET"]}}],"collection":[{"href":"https:\/\/yeni.maliyeokulu.org.tr\/index.php?rest_route=\/wp\/v2\/posts"}],"about":[{"href":"https:\/\/yeni.maliyeokulu.org.tr\/index.php?rest_route=\/wp\/v2\/types\/post"}],"author":[{"embeddable":true,"href":"https:\/\/yeni.maliyeokulu.org.tr\/index.php?rest_route=\/wp\/v2\/users\/1"}],"replies":[{"embeddable":true,"href":"https:\/\/yeni.maliyeokulu.org.tr\/index.php?rest_route=%2Fwp%2Fv2%2Fcomments&post=4898"}],"version-history":[{"count":1,"href":"https:\/\/yeni.maliyeokulu.org.tr\/index.php?rest_route=\/wp\/v2\/posts\/4898\/revisions"}],"predecessor-version":[{"id":18335,"href":"https:\/\/yeni.maliyeokulu.org.tr\/index.php?rest_route=\/wp\/v2\/posts\/4898\/revisions\/18335"}],"wp:featuredmedia":[{"embeddable":true,"href":"https:\/\/yeni.maliyeokulu.org.tr\/index.php?rest_route=\/wp\/v2\/media\/4897"}],"wp:attachment":[{"href":"https:\/\/yeni.maliyeokulu.org.tr\/index.php?rest_route=%2Fwp%2Fv2%2Fmedia&parent=4898"}],"wp:term":[{"taxonomy":"category","embeddable":true,"href":"https:\/\/yeni.maliyeokulu.org.tr\/index.php?rest_route=%2Fwp%2Fv2%2Fcategories&post=4898"},{"taxonomy":"post_tag","embeddable":true,"href":"https:\/\/yeni.maliyeokulu.org.tr\/index.php?rest_route=%2Fwp%2Fv2%2Ftags&post=4898"}],"curies":[{"name":"wp","href":"https:\/\/api.w.org\/{rel}","templated":true}]}}