{"id":4899,"date":"2018-11-04T18:31:47","date_gmt":"2018-11-04T15:31:47","guid":{"rendered":"https:\/\/yeni.maliyeokulu.org.tr\/kamergencparki\/"},"modified":"2025-08-02T18:25:36","modified_gmt":"2025-08-02T15:25:36","slug":"kamergencparki","status":"publish","type":"post","link":"https:\/\/yeni.maliyeokulu.org.tr\/?p=4899","title":{"rendered":"Kamer Gen\u00e7 Park\u0131 A\u00e7\u0131l\u0131\u015f\u0131"},"content":{"rendered":"<p><center><\/p>\n<h1>KAMER GEN\u00c7 PARKI<\/h1>\n<h2>A\u00c7ILI\u015eINDA \u00c7ANKAYA&#8217;DA B\u0130Z DE VARDIK<\/h2>\n<p>&nbsp;<\/p>\n<div class=\"text_exposed_show\" style=\"display: inline; font-family: system-ui, -apple-system, system-ui, '.SFNSText-Regular', sans-serif; color: #1d2129; font-size: 14px;\">\n<div dir=\"auto\" style=\"color: #222222; font-size: small; text-align: left;\">Genel Ba\u015fkan\u0131m\u0131z Ahmet Kaya&#8217;n\u0131n \u00c7ankaya Belediyesi Ba\u015fkanl\u0131\u011f\u0131na iletti\u011fi konu\u015fma metni<\/div>\n<p><!--more--><\/p>\n<div dir=\"auto\" style=\"color: #222222; font-size: small; text-align: left;\"><span style=\"text-align: -webkit-center;\">{youtube}7GzQBJSMdlo|1{\/youtube}<\/span><\/div>\n<div dir=\"auto\" style=\"color: #222222; font-size: small; text-align: left;\">&#8220;<em>Sayg\u0131de\u011fer Konuklar;&nbsp;<\/em><\/div>\n<div dir=\"auto\" style=\"color: #222222; font-size: small; text-align: left;\"><em>De\u011ferli Milletvekilleri, Say\u0131n Ba\u015fkan\u0131m, Ba\u015fkan Yard\u0131mc\u0131lar\u0131m, Bas\u0131n\u0131m\u0131z\u0131n de\u011ferli temsilcileri;<\/em><\/div>\n<div dir=\"auto\" style=\"color: #222222; font-size: small; text-align: left;\"><em>&nbsp;<\/em><\/div>\n<div dir=\"auto\" style=\"color: #222222; font-size: small; text-align: left;\"><em>Kamer Gen\u00e7, 1960 Ankara Maliye Okulu mezunumuzdur.<\/em><\/div>\n<div dir=\"auto\" style=\"color: #222222; font-size: small; text-align: left;\"><em>&nbsp;<\/em><\/div>\n<div dir=\"auto\" style=\"color: #222222; font-size: small; text-align: left;\"><em>2001 y\u0131l\u0131nda kapanan kurumlara ba\u011fl\u0131 meslek liselerinden biri olan&nbsp;<strong>Maliye Okulu<\/strong>&nbsp;mezunlar\u0131 olarak bizler, daima, Kamer Gen\u00e7 gibi sorgulayan, \u00fclke sorunlar\u0131na \u00e7\u00f6z\u00fcm arayan bir okulda\u015f\u0131m\u0131z\u0131n olmas\u0131 gururunu ya\u015fad\u0131k.&nbsp;<\/em><\/div>\n<div dir=\"auto\" style=\"color: #222222; font-size: small; text-align: left;\"><em>&nbsp;<\/em><\/div>\n<div dir=\"auto\" style=\"color: #222222; font-size: small; text-align: left;\"><em>Her ge\u00e7en g\u00fcn, \u00fclkemizde yoklu\u011fu su gibi, hava gibi hissedilen&nbsp;<strong>Maliye Okulu<\/strong>nun b\u0131rakt\u0131\u011f\u0131 bo\u015fluk, T\u00fcrkiye Maliyesinde derin yaralar a\u00e7maktad\u0131r. O bunun fark\u0131ndayd\u0131 ve \u201cmaliye bindi\u011fi dal\u0131 kesiyor\u201d diyordu.<\/em><\/div>\n<div dir=\"auto\" style=\"color: #222222; font-size: small; text-align: left;\"><em>&nbsp;<\/em><\/div>\n<div dir=\"auto\" style=\"color: #222222; font-size: small; text-align: left;\"><em>Ve yine her ge\u00e7en g\u00fcn, ya\u015fama vuran ketler nefesimizi &nbsp;kesmektedir.&nbsp; Direngen seslere hayk\u0131r\u0131\u015flara ihtiya\u00e7 duyulmaktad\u0131r.<\/em><\/div>\n<div dir=\"auto\" style=\"color: #222222; font-size: small; text-align: left;\"><em>&nbsp;<\/em><\/div>\n<div dir=\"auto\" style=\"color: #222222; font-size: small; text-align: left;\"><em>Kamer A\u011fabey gibi, Kamer Gen\u00e7 gibi.<\/em><\/div>\n<div dir=\"auto\" style=\"color: #222222; font-size: small; text-align: left;\"><em>&nbsp;<\/em><\/div>\n<div dir=\"auto\" style=\"color: #222222; font-size: small; text-align: left;\"><em>Bizler, Maliye Okulu mezunlar\u0131; ki\u015fili\u011fimizi buldu\u011fumuz 14-17 ya\u015flar\u0131 aras\u0131nda, Ankara\u2019da, \u0130lk Meclis Binas\u0131n\u0131n arkas\u0131ndaki binada yat\u0131l\u0131 okuduk.&nbsp;<\/em><\/div>\n<div dir=\"auto\" style=\"color: #222222; font-size: small; text-align: left;\"><em>Hepimiz k\u0131rsal y\u00f6relerin \u00e7ocuklar\u0131yd\u0131k. Cumhuriyetin nimetlerini ba\u015fkentte \u00e7a\u011fda\u015f e\u011fitim sofras\u0131nda \u00fcle\u015ftik.<\/em><\/div>\n<div dir=\"auto\" style=\"color: #222222; font-size: small; text-align: left;\"><em>Do\u011fubayaz\u0131t, Kara\u015feyh k\u00f6y\u00fcndeymi\u015fiz gib. Evimizdeymi\u015fiz gibi. Nazimiye, Ramazan k\u00f6y\u00fcndeymi\u015fiz gibi&#8230;<\/em><\/div>\n<div dir=\"auto\" style=\"color: #222222; font-size: small; text-align: left;\"><em>&nbsp;<\/em><\/div>\n<div dir=\"auto\" style=\"color: #222222; font-size: small; text-align: left;\"><em>Az sonra, \u00c7ankaya Belediye Ba\u015fkan\u0131m\u0131z Say\u0131n Alper Ta\u015fdelen, sizlerle birlikte okulda\u015f\u0131m\u0131z, hepimizin, Meclisin g\u00fcler y\u00fcz\u00fc olarak bildi\u011fi&nbsp;<strong>Kamer Gen\u00e7<\/strong>\u2019in ad\u0131n\u0131n verildi\u011fi park\u0131n a\u00e7\u0131l\u0131\u015f\u0131n\u0131 yapm\u0131\u015f olacak.<\/em><\/div>\n<div dir=\"auto\" style=\"color: #222222; font-size: small; text-align: left;\"><em>&nbsp;<\/em><\/div>\n<div dir=\"auto\" style=\"color: #222222; font-size: small; text-align: left;\"><em>B\u00f6yle bir g\u00fcnde, bu parkta \u00f6zg\u00fcrl\u00fc\u011f\u00fcn sesini, nefesini&nbsp;<strong>Kamer Gen\u00e7<\/strong>&nbsp;ad\u0131yla \u00c7ankaya&#8217;da hissedecek olmam\u0131z bizi gururland\u0131r\u0131yor.<\/em><\/div>\n<p><img decoding=\"async\" class=\" alignright size-full wp-image-4195\" style=\"float: right;\" src=\"https:\/\/yeni.maliyeokulu.org.tr\/wp-content\/uploads\/2006\/10\/MO-tpDamga-Logo.png\" alt=\"MO-tpDamga-Logo\" width=\"236\" height=\"200\" srcset=\"https:\/\/yeni.maliyeokulu.org.tr\/wp-content\/uploads\/2006\/10\/MO-tpDamga-Logo.png 536w, https:\/\/yeni.maliyeokulu.org.tr\/wp-content\/uploads\/2006\/10\/MO-tpDamga-Logo-300x254.png 300w\" sizes=\"(max-width: 236px) 100vw, 236px\" \/><\/p>\n<div dir=\"auto\" style=\"color: #222222; font-size: small; text-align: left;\"><em>&nbsp;<\/em><\/div>\n<div dir=\"auto\" style=\"color: #222222; font-size: small; text-align: left;\"><em>Kapanm\u0131\u015f bir okulun mezunlar\u0131 olan bizler, &nbsp;mahalleli gibi hep burada olaca\u011f\u0131z.<\/em><em>&nbsp;<\/em><\/div>\n<\/div>\n<p><\/center><\/p>\n<div>\n<div style=\"text-align: -webkit-center;\"><span style=\"color: #1d2129;\"><span style=\"font-size: 14px;\"><em>&nbsp;<\/em><\/span><\/span><\/div>\n<div class=\"text_exposed_show\" style=\"display: inline; font-family: system-ui, -apple-system, system-ui, '.SFNSText-Regular', sans-serif; color: #1d2129; font-size: 14px;\"><em><\/em><\/p>\n<div dir=\"auto\" style=\"color: #222222; font-size: small;\"><em>G\u00fcn ge\u00e7tik\u00e7e t\u00fckenen oksijeni, bu parkta, bu g\u00fcl\u00fcmseyen y\u00fczde fazlas\u0131yla bulaca\u011f\u0131z.<\/em><\/div>\n<div dir=\"auto\" style=\"color: #222222; font-size: small;\"><em>&nbsp;<\/em><\/div>\n<div dir=\"auto\" style=\"color: #222222; font-size: small;\"><em>Te\u015fekk\u00fcrler Say\u0131n Ba\u015fkan, nefes ald\u0131rmaya devam ediyorsunuz.<\/em><\/div>\n<div dir=\"auto\" style=\"color: #222222; font-size: small;\"><em>&nbsp;<\/em><\/div>\n<div dir=\"auto\" style=\"color: #222222; font-size: small;\"><em>Te\u015fekk\u00fcrler Kamer Gen\u00e7, g\u00fclen y\u00fcz\u00fcnle bizleri do\u011fan\u0131n ye\u015filine davet ediyorsun.&#8221;<\/em><\/div>\n<div dir=\"auto\" style=\"color: #222222; font-size: small;\">&nbsp;<\/div>\n<div dir=\"auto\" style=\"color: #222222; font-size: small;\">&nbsp;<\/div>\n<p style=\"margin-top: 6px; margin-bottom: 6px; font-family: inherit;\"><em><strong>Ahmet KAYA<\/strong><\/em><\/p>\n<p style=\"margin-top: 6px; margin-bottom: 6px; font-family: inherit;\"><em><strong>MOMDER Genel Ba\u015fkan\u0131<\/strong><\/em><\/p>\n<\/div>\n<\/div>\n","protected":false},"excerpt":{"rendered":"<p>KAMER GEN\u00c7 PARKI A\u00c7ILI\u015eINDA \u00c7ANKAYA&#8217;DA B\u0130Z DE VARDIK &nbsp; Genel Ba\u015fkan\u0131m\u0131z Ahmet Kaya&#8217;n\u0131n \u00c7ankaya Belediyesi Ba\u015fkanl\u0131\u011f\u0131na iletti\u011fi konu\u015fma metni<\/p>\n","protected":false},"author":1,"featured_media":4195,"comment_status":"open","ping_status":"open","sticky":false,"template":"","format":"standard","meta":{"_eb_attr":"","_gspb_post_css":"","_crdt_document":"","footnotes":""},"categories":[121],"tags":[],"class_list":["post-4899","post","type-post","status-publish","format-standard","has-post-thumbnail","hentry","category-haber-arsivi"],"blocksy_meta":[],"_links":{"self":[{"href":"https:\/\/yeni.maliyeokulu.org.tr\/index.php?rest_route=\/wp\/v2\/posts\/4899","targetHints":{"allow":["GET"]}}],"collection":[{"href":"https:\/\/yeni.maliyeokulu.org.tr\/index.php?rest_route=\/wp\/v2\/posts"}],"about":[{"href":"https:\/\/yeni.maliyeokulu.org.tr\/index.php?rest_route=\/wp\/v2\/types\/post"}],"author":[{"embeddable":true,"href":"https:\/\/yeni.maliyeokulu.org.tr\/index.php?rest_route=\/wp\/v2\/users\/1"}],"replies":[{"embeddable":true,"href":"https:\/\/yeni.maliyeokulu.org.tr\/index.php?rest_route=%2Fwp%2Fv2%2Fcomments&post=4899"}],"version-history":[{"count":1,"href":"https:\/\/yeni.maliyeokulu.org.tr\/index.php?rest_route=\/wp\/v2\/posts\/4899\/revisions"}],"predecessor-version":[{"id":18334,"href":"https:\/\/yeni.maliyeokulu.org.tr\/index.php?rest_route=\/wp\/v2\/posts\/4899\/revisions\/18334"}],"wp:featuredmedia":[{"embeddable":true,"href":"https:\/\/yeni.maliyeokulu.org.tr\/index.php?rest_route=\/wp\/v2\/media\/4195"}],"wp:attachment":[{"href":"https:\/\/yeni.maliyeokulu.org.tr\/index.php?rest_route=%2Fwp%2Fv2%2Fmedia&parent=4899"}],"wp:term":[{"taxonomy":"category","embeddable":true,"href":"https:\/\/yeni.maliyeokulu.org.tr\/index.php?rest_route=%2Fwp%2Fv2%2Fcategories&post=4899"},{"taxonomy":"post_tag","embeddable":true,"href":"https:\/\/yeni.maliyeokulu.org.tr\/index.php?rest_route=%2Fwp%2Fv2%2Ftags&post=4899"}],"curies":[{"name":"wp","href":"https:\/\/api.w.org\/{rel}","templated":true}]}}