{"id":4904,"date":"2018-11-06T03:56:42","date_gmt":"2018-11-06T00:56:42","guid":{"rendered":"https:\/\/yeni.maliyeokulu.org.tr\/ozderedenkalanlar\/"},"modified":"2025-08-02T18:25:36","modified_gmt":"2025-08-02T15:25:36","slug":"ozderedenkalanlar","status":"publish","type":"post","link":"https:\/\/yeni.maliyeokulu.org.tr\/?p=4904","title":{"rendered":"\u00d6zdere Bulu\u015fmas\u0131ndan Kalanlar"},"content":{"rendered":"<div style=\"text-align: left;\">&nbsp;<\/div>\n<div style=\"text-align: center;\">\n<h1 style=\"text-align: center;\">\u00d6ZDERE&#8217;DE BULU\u015eTUK<\/h1>\n<hr \/>\n<\/div>\n<p style=\"margin: 7.5pt 0cm 11.25pt; text-align: justify;\">&nbsp;<span style=\"color: #222222; font-family: system-ui, -apple-system, system-ui, '.SFNSText-Regular', sans-serif; font-size: small;\">{xtypo_rounded2}<\/span><\/p>\n<p style=\"margin: 7.5pt 0cm 11.25pt; text-align: justify;\"><span style=\"color: #646464;\">MOMDER \u0130zmir \u015eubemizin, Genel Merkezimiz ve \u0130stanbul \u015fubemizin deste\u011fi; Antalya, Bursa, Gaziantep ve Mersin Derneklerimizin kat\u0131l\u0131m\u0131 ve MOSK i\u015fbirli\u011fiyle organize etti\u011fi &#8220;<strong><em>Maliye Okulu Mezunlar\u0131 2018 G\u00fcz Bulu\u015fmas\u0131<\/em><\/strong>&#8221; 27-29\/Ekim\/2018 tarihlerinde \u0130zmir-\u00d6zdere&#8217;de ger\u00e7ekle\u015ftirildi.<\/span><\/p>\n<p><!--more--><\/p>\n<p style=\"margin: 7.5pt 0cm 11.25pt;\">&nbsp;<img fetchpriority=\"high\" decoding=\"async\" class=\" size-full wp-image-4900\" style=\"vertical-align: top; display: block; margin-left: auto; margin-right: auto;\" src=\"https:\/\/yeni.maliyeokulu.org.tr\/wp-content\/uploads\/2018\/11\/ozdereden2.jpg\" alt=\"ozdereden2\" width=\"548\" height=\"314\" border=\"0\" srcset=\"https:\/\/yeni.maliyeokulu.org.tr\/wp-content\/uploads\/2018\/11\/ozdereden2.jpg 1349w, https:\/\/yeni.maliyeokulu.org.tr\/wp-content\/uploads\/2018\/11\/ozdereden2-300x172.jpg 300w, https:\/\/yeni.maliyeokulu.org.tr\/wp-content\/uploads\/2018\/11\/ozdereden2-1024x587.jpg 1024w, https:\/\/yeni.maliyeokulu.org.tr\/wp-content\/uploads\/2018\/11\/ozdereden2-768x440.jpg 768w\" sizes=\"(max-width: 548px) 100vw, 548px\" \/><\/p>\n<p style=\"margin: 7.5pt 0cm 11.25pt; text-align: justify;\"><span style=\"color: #646464;\">\u0130zmir \u015eube Ba\u015fkanl\u0131\u011f\u0131 taraf\u0131ndan haz\u0131rlanan program \u00e7er\u00e7evesinde voleybol ma\u00e7lar\u0131, panel ve gala gecesinde mezunlar\u0131m\u0131z bir araya geldi.<\/span><\/p>\n<p style=\"margin: 7.5pt 0cm 11.25pt; text-align: justify;\"><span style=\"color: #646464;\">Bulu\u015fma Program\u0131 kapsam\u0131nda \u201c<strong>Maliye Okulu ve Mezunlar\u0131n\u0131n Devlet Kurumlar\u0131 ile Sivil Toplum \u00d6rg\u00fct\u00fc Yap\u0131lanmas\u0131ndaki Yeri ve \u00d6nemi<\/strong>\u201d Ba\u015fl\u0131kl\u0131 Panel d\u00fczenlendi.<\/span><\/p>\n<p style=\"margin: 7.5pt 0cm 11.25pt; text-align: justify;\"><span style=\"color: #646464;\">Oturum Ba\u015fkanl\u0131\u011f\u0131n\u0131 Maliye Okulu Camias\u0131n\u0131n Onursal Ba\u015fkan\u0131 Av. Mehmet KAYA\u2019n\u0131n yapt\u0131\u011f\u0131 Panele konu\u015fma s\u0131ras\u0131na g\u00f6re&nbsp;<strong>Do\u00e7. Dr. Ufuk GENCEL, Prof. Dr. Bernur A\u00c7IKG\u00d6Z ve Prof. Dr. Ahmet AK<\/strong> panelist olarak kat\u0131ld\u0131. <\/span><\/p>\n<p style=\"margin: 7.5pt 0cm 11.25pt; text-align: justify;\"><span style=\"color: #646464;\">Panel, Oturum Ba\u015fkan\u0131 <strong>Av. Mehmet KAYA<\/strong>\u2019n\u0131n Maliye Okulu ve mezunlar\u0131n\u0131n Devlet ve toplum a\u00e7\u0131s\u0131ndan \u00f6nemi ile birlik ve b\u00fct\u00fcnl\u00fc\u011f\u00fcm\u00fcz\u00fcn korunmas\u0131na y\u00f6nelik duygusal a\u00e7\u0131l\u0131\u015f konu\u015fmas\u0131 ile ba\u015flad\u0131. Onursal Genel Ba\u015fkan\u0131m\u0131z Av. Mehmet KAYA camiam\u0131z\u0131n, Dernek Genel Merkezi ve \u015eubelerimizde oldu\u011fu gibi, <strong><em>tek \u00e7at\u0131 alt\u0131nda<\/em><\/strong> ileti\u015fim ve uyum i\u00e7inde hareket etmeleri gerekti\u011fini, bunun d\u0131\u015f\u0131ndaki olu\u015fumlar\u0131n ve te\u015febb\u00fcslerin Maliye Okulu camias\u0131na zarar verece\u011fini ve dolay\u0131s\u0131yla kabul g\u00f6rmeyece\u011finin bilinmesi gerekti\u011fini \u00f6zellikle vurgulad\u0131.<\/span><\/p>\n<p style=\"margin: 7.5pt 0cm 11.25pt; text-align: justify;\"><span style=\"color: #646464;\">Panelde, Sn. GENCEL\u2019in motivasyon ve ba\u015far\u0131 konulu sunumu mezunlar\u0131m\u0131z\u0131n b\u00fcy\u00fck ilgi ve takdirini kazand\u0131. Sn. A\u00c7IKG\u00d6Z ve Sn. AK taraf\u0131ndan Maliye Okulu Mezunlar\u0131 Derne\u011finin kurulu\u015fundan bu yana ge\u00e7irdi\u011fi a\u015famalarla gelinen noktadaki stat\u00fcs\u00fc ve faaliyetleri ile kurulmas\u0131 g\u00fcndemde olan Maliye Okulu Mezunlar\u0131 Vakf\u0131 \u00e7al\u0131\u015fmalar\u0131 hakk\u0131nda mezunlar\u0131m\u0131za bilgiler aktar\u0131ld\u0131. <em>Maliye Okulu Mezunlar\u0131 Vakf\u0131n\u0131n mutlaka Dernek Genel Merkezi taraf\u0131ndan ve Dernek \u00e7at\u0131s\u0131 alt\u0131nda kurulmas\u0131 gerekti\u011fi<\/em> vurgusu, mezunlar\u0131m\u0131z\u0131n co\u015fkulu alk\u0131\u015flar\u0131yla kar\u015f\u0131land\u0131. <\/span><\/p>\n<p style=\"margin: 7.5pt 0cm 11.25pt; text-align: justify;\"><span style=\"color: #646464;\">Maliye Okulu Mezunlar\u0131 Derneklerinin nitelik a\u00e7\u0131s\u0131ndan \u00e7ok farkl\u0131 bir \u00fcst\u00fcnl\u00fc\u011fe sahip oldu\u011fu, hi\u00e7bir derne\u011fin, \u00fcyeleri aras\u0131ndaki birlik ve b\u00fct\u00fcnl\u00fc\u011f\u00fcn Maliye Okullu olman\u0131n do\u011fall\u0131\u011f\u0131nda olu\u015fan sosyal, k\u00fclt\u00fcrel ve duygusal ba\u011f\u0131 olu\u015fturamayaca\u011f\u0131 vurguland\u0131. <\/span><\/p>\n<p style=\"margin: 7.5pt 0cm 11.25pt; text-align: justify;\"><span style=\"color: #646464;\">Daha sonra, Maliye Okulunun Devlet, toplum ve mezunlar\u0131 a\u00e7\u0131s\u0131ndan \u00f6nemi ile mevcut konumu \u00f6rneklerle anlat\u0131ld\u0131. <span style=\"color: #646464; text-align: justify;\">{xtypo_quote}<\/span><em>Bize bu toplumun ihtiya\u00e7 duydu\u011funun bilincindeyiz, ba\u015fta Maliye Te\u015fkilat\u0131 olmak \u00fczere, Devletin ihtiyac\u0131 olan kurumlar\u0131nda g\u00f6rev \u00fcstlenmeye haz\u0131r\u0131z, ancak bu durumun fark\u0131na var\u0131lmam\u0131\u015f olmas\u0131, bizleri Maliye Okulunun devlet terbiyesi ve topluma hizmet bilinci a\u00e7\u0131s\u0131ndan D\u00fcnya&#8217;n\u0131n merkezi olarak g\u00f6rmeye devam etmesine engel olamayacakt\u0131r.<\/em> <span style=\"color: #646464; text-align: justify;\">{\/xtypo_quote}<\/span>s\u00f6ylemi ile birlik ve b\u00fct\u00fcnl\u00fc\u011f\u00fcm\u00fcz\u00fcn \u00f6nemi ile bir kez daha \u00f6zg\u00fcven vurgusu yap\u0131ld\u0131.<\/span><\/p>\n<p style=\"margin: 7.5pt 0cm 11.25pt; text-align: justify;\"><span style=\"color: #646464;\">Panele kat\u0131lan mezunlar\u0131m\u0131z\u0131n konu\u015fmalara son derece ilgili olmas\u0131, soru cevap k\u0131sm\u0131na kat\u0131l\u0131m\u0131n y\u00fcksek olmas\u0131, mezunlar\u0131m\u0131z\u0131n g\u00fcndeme getirilen konulara heyecanl\u0131 yakla\u015f\u0131mlar\u0131 dikkat \u00e7ekti.<\/span><\/p>\n<p style=\"margin: 7.5pt 0cm 11.25pt; text-align: justify;\"><span style=\"color: #646464;\">Panelin sonunda, Dernek Genel Ba\u015fkan\u0131m\u0131z Sn. Ahmet KAYA taraf\u0131ndan Mezunlar\u0131m\u0131z\u0131n t\u00fcm\u00fcn\u00fc kapsayan bir anda\u00e7 \u00e7al\u0131\u015fmas\u0131na ba\u015fland\u0131\u011f\u0131 bilgisi verildi.<\/span><\/p>\n<p style=\"margin: 7.5pt 0cm 11.25pt; text-align: justify;\"><span style=\"color: #646464;\">Son olarak, Cumartesi ak\u015fam\u0131 d\u00fczenlenen gala yeme\u011fi muhte\u015fem bir Cumhuriyet Gecesine d\u00f6n\u00fc\u015ft\u00fc. Gecede solistleri mezunlar\u0131m\u0131zdan olu\u015fan <strong>Topuklu Kad\u0131nlar Korosu<\/strong>nun sundu\u011fu \u015fark\u0131lar mezunlar\u0131m\u0131za son derece keyifli anlar ya\u015fatt\u0131. Ba<\/span><\/p>\n<p style=\"text-align: center;\"><img decoding=\"async\" class=\" size-full wp-image-4891\" style=\"text-align: justify;\" src=\"https:\/\/yeni.maliyeokulu.org.tr\/wp-content\/uploads\/2018\/10\/mo_duzdamga.svg\" alt=\"cancel\" width=\"72\" height=\"72\" border=\"0\" \/><\/p>\n<p style=\"text-align: left;\"><em><strong>Te\u015fekk\u00fcr<\/strong>: \u00d6zdere Bulu\u015fmas\u0131n\u0131 sitemiz i\u00e7in \u00f6zetleyerek haber haline getiren mezunlar\u0131m\u0131z&nbsp;<strong style=\"color: #646464; text-align: justify;\">Prof. Dr. Bernur A\u00c7IKG\u00d6Z ve Prof. Dr. Ahmet AK&#8217;<\/strong>a te\u015fekk\u00fcr ederiz.<\/em><\/p>\n<p style=\"text-align: left;\"><span style=\"color: #222222; font-family: system-ui, -apple-system, system-ui, '.SFNSText-Regular', sans-serif; font-size: small;\">{\/xtypo_rounded2}<\/span>&nbsp;<\/p>\n<h3 style=\"text-align: left;\"><a id=\"akaya\" name=\"akaya\"><\/a>&nbsp;&nbsp;&nbsp;&nbsp;&nbsp;&nbsp;&nbsp;&nbsp;&nbsp;&nbsp;&nbsp;&nbsp;&nbsp;&nbsp;&nbsp;&nbsp;&nbsp;&nbsp;&nbsp;&nbsp;&nbsp;&nbsp;&nbsp;&nbsp;&nbsp;&nbsp;&nbsp;&nbsp;&nbsp;&nbsp;&nbsp;&nbsp;&nbsp;&nbsp;Genel Ba\u015fkan\u0131m\u0131z\u0131n \u00d6zdere Bulu\u015fmas\u0131 \u0130\u00e7in Sosyal Medyada Payla\u015ft\u0131\u011f\u0131 Yaz\u0131<\/h3>\n<p style=\"text-align: left;\"><span style=\"color: #222222; font-family: system-ui, -apple-system, system-ui, '.SFNSText-Regular', sans-serif; font-size: small;\">{xtypo_rounded2}<\/span><\/p>\n<p style=\"color: #646464; text-align: left;\">MOMDER Genel Ba\u015fkan\u0131 Say\u0131n Ahmet Kaya&#8217;n\u0131n Okulumuzun&nbsp;<a href=\"https:\/\/www.facebook.com\/groups\/maliyeokulu\/permalink\/1892366200840284\/\" target=\"_blank\" rel=\"noopener\">sosyal medya sayfas\u0131<\/a>nda payla\u015ft\u0131\u011f\u0131 de\u011ferlendirmesini a\u015fa\u011f\u0131da payla\u015f\u0131yoruz.<\/p>\n<p style=\"color: #646464; text-align: left;\">Maliye Okulu logosunun alt\u0131nda yerle\u015ftirilmi\u015f bir \u00e7a\u011fr\u0131. \u201cS\u0131radan olma farkl\u0131 ol!\u201dAlt\u0131nda kaval dinleyen bir s\u00fcr\u00fc, s\u00fcr\u00fc i\u00e7inde farkl\u0131 bir s\u00fcr\u00fc \u00fcyesi olan resim en altta ise t\u00fcm Akademik \u00fcnvanlar\u0131 olmaks\u0131z\u0131n \u201cUfuk Gencel\u201d imzas\u0131 salona girdi\u011fimizde bizi kar\u015f\u0131layan bu a\u00e7\u0131l\u0131\u015f slayt\u0131 o salondan motive olarak \u00e7\u0131kaca\u011f\u0131m\u0131z\u0131n habercisiydi.Sabah voleybol turnuvas\u0131nda ter d\u00f6ken kat\u0131l\u0131mc\u0131lardan \u00e7ok az\u0131 d\u0131\u015far\u0131da g\u00fcne\u015f kum ve denizin cazibesine kap\u0131lm\u0131\u015flard\u0131. Salon hemen hemen doluydu.\u201cHerkes farkl\u0131 yollarla \u00f6\u011frenir, \u00e7\u00fcnk\u00fc her beyin farkl\u0131d\u0131r\u201d bu herkes\u00e7e bilinen bilgi olabilir. Ya da Beyinde sa\u011f taraf\u0131n duygusal sol taraf\u0131n da mant\u0131ksal \u00e7\u00f6z\u00fcmlemeler \u00fcretti\u011fini de bilebilirsiniz.<\/p>\n<p style=\"color: #646464; text-align: left;\">Ama, salondakilerin \u00e7o\u011funun bu iki taraf\u0131 da iyi kulland\u0131\u011f\u0131n\u0131 17 sorulu test sonucunda \u00f6\u011frendik. Ya 9-8 duygusal yan\u0131m\u0131z a\u011f\u0131r bas\u0131yordu, ya da 9-8 mant\u0131ksal.Ba\u015far\u0131n\u0131n form\u00fcl\u00fc anlat\u0131ld\u0131\u011f\u0131nda ben kendi kafamda uyarlama yapmaya dalm\u0131\u015ft\u0131m :&#8221;Maliye Okulu Mezunlar\u0131 olarak ortak hareket edebiliyoruz. Hedeflerimize ula\u015fmak i\u00e7in yeterli vizyonumuz var. Okulumuzun ad\u0131n\u0131 ya\u015fatma misyonunu y\u00fcklenmi\u015fiz. Stratejimizi de derneklerimizin koordinasyonu \u00fczerinden g\u00f6t\u00fcr\u00fcyoruz. Yani tutulan yolumuz belli. Taktik geli\u015ftirme, harekete ba\u015flama, aksiyon alma a\u015famalar\u0131nda, i\u015fte tam da bu a\u015famalarda kar\u015f\u0131m\u0131za \u00e7\u0131kan enerjimizi b\u00f6len ki\u015fisel liderlik \u00e7abalar\u0131n\u0131 g\u00f6rmezden gelerek spor kul\u00fcb\u00fcm\u00fcz dahil sekiz derne\u011fimizin el ele vermesiyle yol al\u0131yoruz.&#8221; Alk\u0131\u015flarla o ana d\u00f6nd\u00fcm.&nbsp;Ailesinde, kendisi d\u0131\u015f\u0131nda 4 Maliye Okulu mezunu olan Ufuk Gencel&#8217;in co\u015fkulu anlat\u0131m\u0131na t\u00fcm kat\u0131l\u0131mc\u0131lar co\u015fkulu alk\u0131\u015flar\u0131yla cevap verdiler. Ge\u00e7ti\u011fimiz ayda kaybetti\u011fimiz 63 mezunumuz Mehmet Aslan ve \u201981 Mezunumuz H\u00fcseyin Tan\u0131r resimlerinin oldu\u011fu slaytla da t\u00fcm vefat etmi\u015f mezunlar\u0131m\u0131z\u0131, okulumuza emek verenleri sayg\u0131yla rahmetle and\u0131k.<\/p>\n<p style=\"color: #646464; text-align: left;\">Cumhuriyet Balosu havas\u0131nda ge\u00e7en gecemizin y\u0131ld\u0131z\u0131, Topuklu Kad\u0131nlar Koromuz ile \u0130zmir bir ad\u0131m \u00f6ndeydi. Atat\u00fcrk hep sahnedeydi.\u0130kinci oturumda Onursal Ba\u015fkan\u0131m\u0131z Av&nbsp;Mehmet Kaya&nbsp;moderat\u00f6rl\u00fc\u011f\u00fcnde \u00d6rg\u00fctlenmemizi Prof Dr&nbsp;Ahmet AK, Prof Dr&nbsp;Bernur A\u00e7\u0131kg\u00f6z, Do\u00e7. Dr&nbsp;Ufuk Gencel&nbsp;masaya yat\u0131rd\u0131lar.&nbsp;<\/p>\n<p><img decoding=\"async\" class=\" alignright size-full wp-image-4195\" style=\"margin: 5px; float: right;\" src=\"https:\/\/yeni.maliyeokulu.org.tr\/wp-content\/uploads\/2006\/10\/MO-tpDamga-Logo.png\" alt=\"MO-tpDamga-Logo\" width=\"156\" height=\"132\" srcset=\"https:\/\/yeni.maliyeokulu.org.tr\/wp-content\/uploads\/2006\/10\/MO-tpDamga-Logo.png 536w, https:\/\/yeni.maliyeokulu.org.tr\/wp-content\/uploads\/2006\/10\/MO-tpDamga-Logo-300x254.png 300w\" sizes=\"(max-width: 156px) 100vw, 156px\" \/><\/p>\n<p style=\"color: #646464; text-align: left;\">Y\u00f6netim Kurulumuzun \u00fczerinde \u00e7al\u0131\u015ft\u0131\u011f\u0131, Okulumuzu da anlatan mezunlar\u0131m\u0131z i\u00e7in &#8220;Anda\u00e7&#8221; bast\u0131r\u0131lmas\u0131; \u00f6n\u00fcm\u00fczdeki g\u00fcnlerde derneklerimizin y\u00f6netim kurullar\u0131yla bir araya gelerek Bilim Kurulu olu\u015fturulmas\u0131 ve yap\u0131lacak yay\u0131n ve e\u011fitim organizasyonunu yine derneklerimiz \u00f6nc\u00fcl\u00fc\u011f\u00fcnde kurulacak en geni\u015f kat\u0131l\u0131ml\u0131 Vak\u0131f b\u00fcnyesinde y\u00fcr\u00fct\u00fclmesi konular\u0131nda karar al\u0131nmas\u0131n\u0131 g\u00fcndemimize ta\u015f\u0131m\u0131\u015f olduk.\u00d6l\u00fcm\u00fcn\u00fcn 80. y\u0131l\u0131nda sayg\u0131yla, minnetle, rahmetle an\u0131yorum.<\/p>\n<p style=\"color: #646464; text-align: left;\"><strong>Ahmet KAYA<br \/><\/strong><strong>MOMDER Genel Ba\u015fkan\u0131<\/strong><\/p>\n<p style=\"color: #646464; text-align: left;\"><strong><span style=\"color: #646464;\">{\/xtypo_rounded2}<\/span><\/strong><\/p>\n<table style=\"margin-left: auto; margin-right: auto;\" border=\"0\">\n<tbody>\n<tr align=\"center\" valign=\"middle\">\n<td rowspan=\"2\">\n<p><img loading=\"lazy\" decoding=\"async\" class=\" size-full wp-image-4901\" src=\"https:\/\/yeni.maliyeokulu.org.tr\/wp-content\/uploads\/2018\/11\/atamiz.jpg\" alt=\"atamiz\" width=\"350\" height=\"513\" srcset=\"https:\/\/yeni.maliyeokulu.org.tr\/wp-content\/uploads\/2018\/11\/atamiz.jpg 655w, https:\/\/yeni.maliyeokulu.org.tr\/wp-content\/uploads\/2018\/11\/atamiz-205x300.jpg 205w\" sizes=\"(max-width: 350px) 100vw, 350px\" \/><\/p>\n<\/td>\n<td>\n<p><img loading=\"lazy\" decoding=\"async\" class=\" size-full wp-image-4902\" src=\"https:\/\/yeni.maliyeokulu.org.tr\/wp-content\/uploads\/2018\/11\/masa.jpg\" alt=\"masa\" width=\"440\" height=\"330\" srcset=\"https:\/\/yeni.maliyeokulu.org.tr\/wp-content\/uploads\/2018\/11\/masa.jpg 960w, https:\/\/yeni.maliyeokulu.org.tr\/wp-content\/uploads\/2018\/11\/masa-300x225.jpg 300w, https:\/\/yeni.maliyeokulu.org.tr\/wp-content\/uploads\/2018\/11\/masa-768x576.jpg 768w\" sizes=\"(max-width: 440px) 100vw, 440px\" \/><\/p>\n<\/td>\n<\/tr>\n<tr>\n<td>\n<p><img loading=\"lazy\" decoding=\"async\" class=\" size-full wp-image-4903\" src=\"https:\/\/yeni.maliyeokulu.org.tr\/wp-content\/uploads\/2018\/11\/farkliol.jpg\" alt=\"farkliol\" width=\"440\" height=\"330\" \/><\/p>\n<\/td>\n<\/tr>\n<\/tbody>\n<\/table>\n<p style=\"text-align: left;\">\n<p style=\"text-align: left;\"><img loading=\"lazy\" decoding=\"async\" class=\" size-full wp-image-4891\" style=\"display: block; margin-left: auto; margin-right: auto;\" src=\"https:\/\/yeni.maliyeokulu.org.tr\/wp-content\/uploads\/2018\/10\/mo_duzdamga.svg\" alt=\"cancel\" width=\"70\" height=\"70\" border=\"0\" \/><\/p>\n","protected":false},"excerpt":{"rendered":"<p>&nbsp; \u00d6ZDERE&#8217;DE BULU\u015eTUK &nbsp;{xtypo_rounded2} MOMDER \u0130zmir \u015eubemizin, Genel Merkezimiz ve \u0130stanbul \u015fubemizin deste\u011fi; Antalya, Bursa, Gaziantep ve Mersin Derneklerimizin kat\u0131l\u0131m\u0131 ve MOSK i\u015fbirli\u011fiyle organize etti\u011fi &#8220;Maliye Okulu Mezunlar\u0131 2018 G\u00fcz Bulu\u015fmas\u0131&#8221; 27-29\/Ekim\/2018 tarihlerinde \u0130zmir-\u00d6zdere&#8217;de ger\u00e7ekle\u015ftirildi.<\/p>\n","protected":false},"author":1,"featured_media":4900,"comment_status":"open","ping_status":"open","sticky":false,"template":"","format":"standard","meta":{"_eb_attr":"","_gspb_post_css":"","_crdt_document":"","footnotes":""},"categories":[121],"tags":[],"class_list":["post-4904","post","type-post","status-publish","format-standard","has-post-thumbnail","hentry","category-haber-arsivi"],"blocksy_meta":[],"_links":{"self":[{"href":"https:\/\/yeni.maliyeokulu.org.tr\/index.php?rest_route=\/wp\/v2\/posts\/4904","targetHints":{"allow":["GET"]}}],"collection":[{"href":"https:\/\/yeni.maliyeokulu.org.tr\/index.php?rest_route=\/wp\/v2\/posts"}],"about":[{"href":"https:\/\/yeni.maliyeokulu.org.tr\/index.php?rest_route=\/wp\/v2\/types\/post"}],"author":[{"embeddable":true,"href":"https:\/\/yeni.maliyeokulu.org.tr\/index.php?rest_route=\/wp\/v2\/users\/1"}],"replies":[{"embeddable":true,"href":"https:\/\/yeni.maliyeokulu.org.tr\/index.php?rest_route=%2Fwp%2Fv2%2Fcomments&post=4904"}],"version-history":[{"count":1,"href":"https:\/\/yeni.maliyeokulu.org.tr\/index.php?rest_route=\/wp\/v2\/posts\/4904\/revisions"}],"predecessor-version":[{"id":18333,"href":"https:\/\/yeni.maliyeokulu.org.tr\/index.php?rest_route=\/wp\/v2\/posts\/4904\/revisions\/18333"}],"wp:featuredmedia":[{"embeddable":true,"href":"https:\/\/yeni.maliyeokulu.org.tr\/index.php?rest_route=\/wp\/v2\/media\/4900"}],"wp:attachment":[{"href":"https:\/\/yeni.maliyeokulu.org.tr\/index.php?rest_route=%2Fwp%2Fv2%2Fmedia&parent=4904"}],"wp:term":[{"taxonomy":"category","embeddable":true,"href":"https:\/\/yeni.maliyeokulu.org.tr\/index.php?rest_route=%2Fwp%2Fv2%2Fcategories&post=4904"},{"taxonomy":"post_tag","embeddable":true,"href":"https:\/\/yeni.maliyeokulu.org.tr\/index.php?rest_route=%2Fwp%2Fv2%2Ftags&post=4904"}],"curies":[{"name":"wp","href":"https:\/\/api.w.org\/{rel}","templated":true}]}}