{"id":4911,"date":"2018-11-16T00:35:43","date_gmt":"2018-11-15T21:35:43","guid":{"rendered":"https:\/\/yeni.maliyeokulu.org.tr\/cikolata-muzesinde-kahvalti\/"},"modified":"2025-08-02T18:25:36","modified_gmt":"2025-08-02T15:25:36","slug":"cikolata-muzesinde-kahvalti","status":"publish","type":"post","link":"https:\/\/yeni.maliyeokulu.org.tr\/?p=4911","title":{"rendered":"\u00c7ikolata M\u00fczesinde Kahvalt\u0131"},"content":{"rendered":"<p><center><\/p>\n<h2>Etkinli\u011fimiz 2019 Bahar\u0131na Ertelenmi\u015ftir.<\/h2>\n<p><\/center><center><\/center><center><\/p>\n<h1>\u0130STANBUL \u00c7\u0130KOLATA M\u00dcZES\u0130NDE KAHVALTI ve GEZ\u0130<\/h1>\n<h4 style=\"text-align: -webkit-center;\">Etkinli\u011fimize Kalan Zaman<span style=\"color: #646464;\">:<\/span><\/h4>\n<p><center>{loadposition content8}<\/center><\/p>\n<p style=\"text-align: left;\"><span style=\"font-size: 12pt;\">Maliye Okulu Mezunlar\u0131 Derne\u011fi \u0130stanbul \u015eubesi, hava muhalefeti nedeniyle 2019 bahar mevsimine ertelenmi\u015ftir.<\/span><\/p>\n<p><!--more--><\/p>\n<p style=\"text-align: left;\"><span style=\"font-size: 12pt;\">Bu kez Pelit \u00c7ikolata M\u00fczesinde kahvalt\u0131 ve m\u00fczeyi ziyaret ediyoruz.&nbsp;<strong>18 Kas\u0131m 2018<\/strong>&nbsp;tarihine denk gelen<strong>&nbsp;Pazar<\/strong>&nbsp;g\u00fcn\u00fc saat 10.00\u2019da kahvalt\u0131 ile ba\u015flayacak bulu\u015fmay\u0131 Pelit\u2019in Me\u015fhur \u00c7ikolata M\u00fczesi ziyareti ile ta\u00e7land\u0131raca\u011f\u0131z.<\/span><\/p>\n<p style=\"text-align: left;\"><span style=\"font-size: 12pt;\">T\u00fcm mezunlar\u0131m\u0131z\u0131&nbsp;bekliyoruz.<\/span><\/p>\n<p style=\"text-align: left;\"><span style=\"font-size: 12pt;\">MOMDER \u0130stanbul \u015eubesi<br \/>Y\u00f6netim Kurulu Ba\u015fkan\u0131<br \/>Dr. Yusuf AK\u00c7A<\/span><\/p>\n<p style=\"text-align: left;\">&nbsp;<\/p>\n<p><span style=\"font-size: 12pt;\"><img fetchpriority=\"high\" decoding=\"async\" class=\" size-full wp-image-4910\" style=\"margin: 5px auto; display: block; border: 3px solid #8b8484;\" src=\"https:\/\/yeni.maliyeokulu.org.tr\/wp-content\/uploads\/2018\/11\/cikolatamuzesi.jpg\" alt=\"cikolatamuzesi\" width=\"496\" height=\"383\" srcset=\"https:\/\/yeni.maliyeokulu.org.tr\/wp-content\/uploads\/2018\/11\/cikolatamuzesi.jpg 1451w, https:\/\/yeni.maliyeokulu.org.tr\/wp-content\/uploads\/2018\/11\/cikolatamuzesi-300x231.jpg 300w, https:\/\/yeni.maliyeokulu.org.tr\/wp-content\/uploads\/2018\/11\/cikolatamuzesi-1024x790.jpg 1024w, https:\/\/yeni.maliyeokulu.org.tr\/wp-content\/uploads\/2018\/11\/cikolatamuzesi-768x592.jpg 768w\" sizes=\"(max-width: 496px) 100vw, 496px\" \/><\/span><\/p>\n<p style=\"text-align: left;\"><span style=\"font-size: 12pt;\"><strong style=\"font-size: 11px;\">&nbsp;<\/strong><\/span><\/p>\n<p style=\"text-align: left;\"><span style=\"font-size: 12pt;\"><strong style=\"font-size: 11px;\">{tab=Ayr\u0131nt\u0131lar}<br \/>\u00dccretler,&nbsp;<br \/>\u00d6deme ve&nbsp;<br \/>Rezervasyon ayr\u0131nt\u0131lar\u0131 i\u00e7in&nbsp;<br \/>l\u00fctfen ilgili sekmelere t\u0131klay\u0131n\u0131z.<\/strong><\/span><\/p>\n<p style=\"text-align: left;\"><span style=\"font-size: 12pt;\"><strong style=\"font-size: 11px;\">{tab=\u00dccret}<\/strong><br style=\"font-size: 11px;\" \/><\/span><strong>\u00dccret<\/strong>&nbsp;Ki\u015fi ba\u015f\u0131 120 \u20ba<br \/>0-9 ya\u015f \u00e7ocuklar \u00fccretsizdir.<br \/><strong>\u00d6deme<\/strong>: Feriha DERYA<br \/>IBAN TR02 0006 4000 001 0180 5428 72<\/p>\n<p style=\"text-align: left;\"><span style=\"font-size: 12pt;\"><strong style=\"font-size: 11px;\">{tab=Rezervasyon}<\/strong><\/span><\/p>\n<p><strong>Rezervasyon<br \/><\/strong>Deniz TOROS 0216 574 45 55&nbsp;<br \/><strong>E-Posta<\/strong>: <a href=\"mailto:deniztoros@itimatymm.com\">deniztoros@itimatymm.com<\/a><\/p>\n<p style=\"text-align: left;\"><span style=\"font-size: 12pt;\"><strong style=\"font-size: 11px;\">{\/tabs}<\/strong><\/span><\/p>\n<h2 style=\"text-align: -webkit-center;\">{xtypo_rounded3}MOMDER \u0130stanbul \u015eubesi Etkinli\u011fine A\u00e7\u0131k Davetiye{\/xtypo_rounded3}<\/h2>\n<p><img decoding=\"async\" class=\" size-full wp-image-4891\" style=\"text-align: justify;\" src=\"https:\/\/yeni.maliyeokulu.org.tr\/wp-content\/uploads\/2018\/10\/mo_duzdamga.svg\" alt=\"cancel\" width=\"96\" height=\"96\" border=\"0\" \/><\/p>\n<p><\/center><\/p>\n","protected":false},"excerpt":{"rendered":"<p>Etkinli\u011fimiz 2019 Bahar\u0131na Ertelenmi\u015ftir. \u0130STANBUL \u00c7\u0130KOLATA M\u00dcZES\u0130NDE KAHVALTI ve GEZ\u0130 Etkinli\u011fimize Kalan Zaman: {loadposition content8} Maliye Okulu Mezunlar\u0131 Derne\u011fi \u0130stanbul \u015eubesi, hava muhalefeti nedeniyle 2019 bahar mevsimine ertelenmi\u015ftir.<\/p>\n","protected":false},"author":1,"featured_media":4910,"comment_status":"open","ping_status":"open","sticky":false,"template":"","format":"standard","meta":{"_eb_attr":"","_gspb_post_css":"","_crdt_document":"","footnotes":""},"categories":[121],"tags":[],"class_list":["post-4911","post","type-post","status-publish","format-standard","has-post-thumbnail","hentry","category-haber-arsivi"],"blocksy_meta":[],"_links":{"self":[{"href":"https:\/\/yeni.maliyeokulu.org.tr\/index.php?rest_route=\/wp\/v2\/posts\/4911","targetHints":{"allow":["GET"]}}],"collection":[{"href":"https:\/\/yeni.maliyeokulu.org.tr\/index.php?rest_route=\/wp\/v2\/posts"}],"about":[{"href":"https:\/\/yeni.maliyeokulu.org.tr\/index.php?rest_route=\/wp\/v2\/types\/post"}],"author":[{"embeddable":true,"href":"https:\/\/yeni.maliyeokulu.org.tr\/index.php?rest_route=\/wp\/v2\/users\/1"}],"replies":[{"embeddable":true,"href":"https:\/\/yeni.maliyeokulu.org.tr\/index.php?rest_route=%2Fwp%2Fv2%2Fcomments&post=4911"}],"version-history":[{"count":1,"href":"https:\/\/yeni.maliyeokulu.org.tr\/index.php?rest_route=\/wp\/v2\/posts\/4911\/revisions"}],"predecessor-version":[{"id":18330,"href":"https:\/\/yeni.maliyeokulu.org.tr\/index.php?rest_route=\/wp\/v2\/posts\/4911\/revisions\/18330"}],"wp:featuredmedia":[{"embeddable":true,"href":"https:\/\/yeni.maliyeokulu.org.tr\/index.php?rest_route=\/wp\/v2\/media\/4910"}],"wp:attachment":[{"href":"https:\/\/yeni.maliyeokulu.org.tr\/index.php?rest_route=%2Fwp%2Fv2%2Fmedia&parent=4911"}],"wp:term":[{"taxonomy":"category","embeddable":true,"href":"https:\/\/yeni.maliyeokulu.org.tr\/index.php?rest_route=%2Fwp%2Fv2%2Fcategories&post=4911"},{"taxonomy":"post_tag","embeddable":true,"href":"https:\/\/yeni.maliyeokulu.org.tr\/index.php?rest_route=%2Fwp%2Fv2%2Ftags&post=4911"}],"curies":[{"name":"wp","href":"https:\/\/api.w.org\/{rel}","templated":true}]}}