{"id":4915,"date":"2018-11-16T19:17:12","date_gmt":"2018-11-16T16:17:12","guid":{"rendered":"https:\/\/yeni.maliyeokulu.org.tr\/baharozdemir\/"},"modified":"2026-04-06T00:42:31","modified_gmt":"2026-04-05T21:42:31","slug":"baharozdemir","status":"publish","type":"post","link":"https:\/\/yeni.maliyeokulu.org.tr\/?p=4915","title":{"rendered":"Bahar \u00d6zdemir T\u00dcYAP Kitap Fuar\u0131nda"},"content":{"rendered":"\t\t<div data-elementor-type=\"wp-post\" data-elementor-id=\"4915\" class=\"elementor elementor-4915\" data-elementor-settings=\"{&quot;element_pack_global_tooltip_width&quot;:{&quot;unit&quot;:&quot;px&quot;,&quot;size&quot;:&quot;&quot;,&quot;sizes&quot;:[]},&quot;element_pack_global_tooltip_width_tablet&quot;:{&quot;unit&quot;:&quot;px&quot;,&quot;size&quot;:&quot;&quot;,&quot;sizes&quot;:[]},&quot;element_pack_global_tooltip_width_mobile&quot;:{&quot;unit&quot;:&quot;px&quot;,&quot;size&quot;:&quot;&quot;,&quot;sizes&quot;:[]},&quot;element_pack_global_tooltip_padding&quot;:{&quot;unit&quot;:&quot;px&quot;,&quot;top&quot;:&quot;&quot;,&quot;right&quot;:&quot;&quot;,&quot;bottom&quot;:&quot;&quot;,&quot;left&quot;:&quot;&quot;,&quot;isLinked&quot;:true},&quot;element_pack_global_tooltip_padding_tablet&quot;:{&quot;unit&quot;:&quot;px&quot;,&quot;top&quot;:&quot;&quot;,&quot;right&quot;:&quot;&quot;,&quot;bottom&quot;:&quot;&quot;,&quot;left&quot;:&quot;&quot;,&quot;isLinked&quot;:true},&quot;element_pack_global_tooltip_padding_mobile&quot;:{&quot;unit&quot;:&quot;px&quot;,&quot;top&quot;:&quot;&quot;,&quot;right&quot;:&quot;&quot;,&quot;bottom&quot;:&quot;&quot;,&quot;left&quot;:&quot;&quot;,&quot;isLinked&quot;:true},&quot;element_pack_global_tooltip_border_radius&quot;:{&quot;unit&quot;:&quot;px&quot;,&quot;top&quot;:&quot;&quot;,&quot;right&quot;:&quot;&quot;,&quot;bottom&quot;:&quot;&quot;,&quot;left&quot;:&quot;&quot;,&quot;isLinked&quot;:true},&quot;element_pack_global_tooltip_border_radius_tablet&quot;:{&quot;unit&quot;:&quot;px&quot;,&quot;top&quot;:&quot;&quot;,&quot;right&quot;:&quot;&quot;,&quot;bottom&quot;:&quot;&quot;,&quot;left&quot;:&quot;&quot;,&quot;isLinked&quot;:true},&quot;element_pack_global_tooltip_border_radius_mobile&quot;:{&quot;unit&quot;:&quot;px&quot;,&quot;top&quot;:&quot;&quot;,&quot;right&quot;:&quot;&quot;,&quot;bottom&quot;:&quot;&quot;,&quot;left&quot;:&quot;&quot;,&quot;isLinked&quot;:true}}\" data-elementor-post-type=\"post\">\n\t\t\t\t<div data-particle_enable=\"false\" data-particle-mobile-disabled=\"false\" class=\"elementor-element elementor-element-39c96603 animated-slow e-flex e-con-boxed e-con e-parent\" data-id=\"39c96603\" data-element_type=\"container\" data-settings=\"{&quot;background_background&quot;:&quot;gradient&quot;,&quot;animation&quot;:&quot;none&quot;}\">\n\t\t\t\t\t<div class=\"e-con-inner\">\n\t\t<div data-particle_enable=\"false\" data-particle-mobile-disabled=\"false\" class=\"elementor-element elementor-element-51f32a55 e-con-full e-flex elementor-invisible e-con e-child\" data-id=\"51f32a55\" data-element_type=\"container\" data-settings=\"{&quot;animation&quot;:&quot;fadeInLeft&quot;,&quot;animation_delay&quot;:500}\">\n\t\t\t\t<div class=\"elementor-element elementor-element-12b1e30f elementor-widget elementor-widget-heading\" data-id=\"12b1e30f\" data-element_type=\"widget\" data-widget_type=\"heading.default\">\n\t\t\t\t<div class=\"elementor-widget-container\">\n\t\t\t\t\t<h1 class=\"elementor-heading-title elementor-size-default\">Bahar \u00d6zdemir T\u00dcYAP Kitap Fuar\u0131nda<\/h1>\t\t\t\t<\/div>\n\t\t\t\t<\/div>\n\t\t\t\t<\/div>\n\t\t<div data-particle_enable=\"false\" data-particle-mobile-disabled=\"false\" class=\"elementor-element elementor-element-6b18acb0 e-con-full e-flex elementor-invisible e-con e-child\" data-id=\"6b18acb0\" data-element_type=\"container\" data-settings=\"{&quot;animation&quot;:&quot;zoomIn&quot;,&quot;animation_delay&quot;:1000}\">\n\t\t\t\t<div class=\"elementor-element elementor-element-5645cc8a elementor-widget elementor-widget-image\" data-id=\"5645cc8a\" data-element_type=\"widget\" data-widget_type=\"image.default\">\n\t\t\t\t<div class=\"elementor-widget-container\">\n\t\t\t\t\t\t\t\t\t\t\t\t\t\t\t<img fetchpriority=\"high\" decoding=\"async\" width=\"494\" height=\"701\" src=\"https:\/\/yeni.maliyeokulu.org.tr\/wp-content\/uploads\/2018\/11\/bahar2.jpg\" class=\"attachment-large size-large wp-image-4914\" alt=\"bahar2\" srcset=\"https:\/\/yeni.maliyeokulu.org.tr\/wp-content\/uploads\/2018\/11\/bahar2.jpg 494w, https:\/\/yeni.maliyeokulu.org.tr\/wp-content\/uploads\/2018\/11\/bahar2-211x300.jpg 211w\" sizes=\"(max-width: 494px) 100vw, 494px\" \/>\t\t\t\t\t\t\t\t\t\t\t\t\t\t\t<\/div>\n\t\t\t\t<\/div>\n\t\t\t\t<\/div>\n\t\t\t\t\t<\/div>\n\t\t\t\t<\/div>\n\t\t<div data-particle_enable=\"false\" data-particle-mobile-disabled=\"false\" class=\"elementor-element elementor-element-7b93b70d e-flex e-con-boxed e-con e-parent\" data-id=\"7b93b70d\" data-element_type=\"container\">\n\t\t\t\t\t<div class=\"e-con-inner\">\n\t\t\t\t<div class=\"elementor-element elementor-element-542eac70 elementor-widget__width-initial elementor-widget elementor-widget-text-editor\" data-id=\"542eac70\" data-element_type=\"widget\" data-widget_type=\"text-editor.default\">\n\t\t\t\t<div class=\"elementor-widget-container\">\n\t\t\t\t\t\t\t\t\t<div id=\"id_5beeed4f0541f8433744911\" class=\"text_exposed_root text_exposed\" style=\"display: inline; font-family: inherit;\"><p><\/p><center><\/center><p><\/p>\n<p style=\"text-align: justify;\">Bu y\u0131l 10-18 Kas\u0131m tarihleri aras\u0131nda Beyl\u00fckd\u00fcz\u00fc&#8217;nde 37. kez kitapseverler ile bulu\u015fan Uluslararas\u0131 \u0130stanbul Kitap Fuar\u0131n\u0131n Maliye Okulu mezunlar\u0131 i\u00e7in anlam\u0131 ve \u00f6nemi daha fazla; \u00e7\u00fcnk\u00fc \u0130zmir mezunumuz&nbsp;<strong>Bahar \u00d6zdemir<\/strong>&nbsp;fuar\u0131n konuk yazarlar\u0131ndan biri. Kendine ayr\u0131lan standda duygu ve anlam y\u00fckl\u00fc \u015fiirlerini seven okuyucular\u0131 ve mezunlar\u0131m\u0131z ile bulu\u015facak.&nbsp;<\/p>\n<p><\/p><\/div><\/div><\/div><\/div><\/div><\/div> <a href=\"https:\/\/yeni.maliyeokulu.org.tr\/?p=4915#more-4915\" class=\"more-link elementor-more-link\"><span aria-label=\"Continue reading Bahar \u00d6zdemir T\u00dcYAP Kitap Fuar\u0131nda\">(more&hellip;)<\/span><\/a>","protected":false},"excerpt":{"rendered":"<p>Bu y\u0131l 10-18 Kas\u0131m tarihleri aras\u0131nda Beyl\u00fckd\u00fcz\u00fc&#8217;nde 37. kez kitapseverler ile bulu\u015fan Uluslararas\u0131 \u0130stanbul Kitap Fuar\u0131n\u0131n Maliye Okulu mezunlar\u0131 i\u00e7in anlam\u0131 ve \u00f6nemi daha fazla; \u00e7\u00fcnk\u00fc \u0130zmir mezunumuz&nbsp;Bahar \u00d6zdemir&nbsp;fuar\u0131n konuk yazarlar\u0131ndan biri. Kendine ayr\u0131lan standda duygu ve anlam y\u00fckl\u00fc \u015fiirlerini seven okuyucular\u0131 ve mezunlar\u0131m\u0131z ile bulu\u015facak.&nbsp;<\/p>\n","protected":false},"author":1,"featured_media":4914,"comment_status":"open","ping_status":"open","sticky":false,"template":"","format":"standard","meta":{"_eb_attr":"","_gspb_post_css":"","_crdt_document":"","footnotes":""},"categories":[4,121],"tags":[],"class_list":["post-4915","post","type-post","status-publish","format-standard","has-post-thumbnail","hentry","category-haber","category-haber-arsivi"],"blocksy_meta":[],"_links":{"self":[{"href":"https:\/\/yeni.maliyeokulu.org.tr\/index.php?rest_route=\/wp\/v2\/posts\/4915","targetHints":{"allow":["GET"]}}],"collection":[{"href":"https:\/\/yeni.maliyeokulu.org.tr\/index.php?rest_route=\/wp\/v2\/posts"}],"about":[{"href":"https:\/\/yeni.maliyeokulu.org.tr\/index.php?rest_route=\/wp\/v2\/types\/post"}],"author":[{"embeddable":true,"href":"https:\/\/yeni.maliyeokulu.org.tr\/index.php?rest_route=\/wp\/v2\/users\/1"}],"replies":[{"embeddable":true,"href":"https:\/\/yeni.maliyeokulu.org.tr\/index.php?rest_route=%2Fwp%2Fv2%2Fcomments&post=4915"}],"version-history":[{"count":7,"href":"https:\/\/yeni.maliyeokulu.org.tr\/index.php?rest_route=\/wp\/v2\/posts\/4915\/revisions"}],"predecessor-version":[{"id":21727,"href":"https:\/\/yeni.maliyeokulu.org.tr\/index.php?rest_route=\/wp\/v2\/posts\/4915\/revisions\/21727"}],"wp:featuredmedia":[{"embeddable":true,"href":"https:\/\/yeni.maliyeokulu.org.tr\/index.php?rest_route=\/wp\/v2\/media\/4914"}],"wp:attachment":[{"href":"https:\/\/yeni.maliyeokulu.org.tr\/index.php?rest_route=%2Fwp%2Fv2%2Fmedia&parent=4915"}],"wp:term":[{"taxonomy":"category","embeddable":true,"href":"https:\/\/yeni.maliyeokulu.org.tr\/index.php?rest_route=%2Fwp%2Fv2%2Fcategories&post=4915"},{"taxonomy":"post_tag","embeddable":true,"href":"https:\/\/yeni.maliyeokulu.org.tr\/index.php?rest_route=%2Fwp%2Fv2%2Ftags&post=4915"}],"curies":[{"name":"wp","href":"https:\/\/api.w.org\/{rel}","templated":true}]}}