{"id":4917,"date":"2018-11-18T01:02:25","date_gmt":"2018-11-17T22:02:25","guid":{"rendered":"https:\/\/yeni.maliyeokulu.org.tr\/selda-salman-acar-karma-sergide\/"},"modified":"2026-01-25T04:57:35","modified_gmt":"2026-01-25T01:57:35","slug":"selda-salman-acar-karma-sergide","status":"publish","type":"post","link":"https:\/\/yeni.maliyeokulu.org.tr\/?p=4917","title":{"rendered":"Selda Salman Acar La Vision Art Galery&#8217;de"},"content":{"rendered":"<blockquote><p>{xtypo_quote}<\/p>\n<h5>Sanat \u00f6yle g\u00fczel bir platform ki, bir anda en derin d\u00fc\u015f\u00fcncelerinizi, duygular\u0131n\u0131z\u0131, yorumlar\u0131n\u0131z\u0131 hi\u00e7 tan\u0131mad\u0131\u011f\u0131n\u0131z insanlarla payla\u015f\u0131yorsunuz. Yine hi\u00e7 tan\u0131mad\u0131\u011f\u0131n\u0131z insanlar\u0131n yapt\u0131klar\u0131na bak\u0131yor, okuyor, bir k\u0131v\u0131lc\u0131m yakal\u0131yor ve o g\u00fcne daha farkl\u0131 bak\u0131yorsunuz. Bu payla\u015f\u0131m hayat\u0131 anlaml\u0131 k\u0131l\u0131yor.<\/h5>\n<h4 style=\"text-align: right;\">Selda Salman Acar<\/h4>\n<p>{\/xtypo_quote}<\/p><\/blockquote>\n<p><img decoding=\"async\" class=\" alignleft size-full wp-image-4916\" style=\"margin: 10px; float: left;\" src=\"https:\/\/yeni.maliyeokulu.org.tr\/wp-content\/uploads\/2018\/11\/selda_afis2.jpg\" alt=\"selda afis2\" width=\"135\" height=\"191\" srcset=\"https:\/\/yeni.maliyeokulu.org.tr\/wp-content\/uploads\/2018\/11\/selda_afis2.jpg 388w, https:\/\/yeni.maliyeokulu.org.tr\/wp-content\/uploads\/2018\/11\/selda_afis2-212x300.jpg 212w\" sizes=\"(max-width: 135px) 100vw, 135px\" \/>Uluslararas\u0131 Plastik Sanatlar Derne\u011fi \u00fcyesi ve Uluslararas\u0131 Foto\u011fraf Sanat\u0131 Federasyonu sanat\u00e7\u0131s\u0131 olan mezunumuz Selda Salman Acar, foto\u011fraflar\u0131n\u0131 La Visione Sanat Art Galery&#8217;de \u201cA L\u0131ttle Story&#8221; (K\u00fc\u00e7\u00fck Bir \u00d6yk\u00fc) temas\u0131yla a\u00e7\u0131lan karma sergide izleyicilerin be\u011fenisine sundu.<\/p>\n<p><!--more--><\/p>\n<p>T\u00fcrkiye\u2019nin hemen her b\u00f6lgesinden sanata g\u00f6n\u00fcl vermi\u015f 34 sanat\u00e7\u0131n\u0131n kendine \u00f6zg\u00fc tekni\u011fiyle sarmalanm\u0131\u015f onca eme\u011fin ve tutkunun akt\u0131\u011f\u0131 s\u00fcrprizlerle dolu \u00f6zg\u00fcr eserleri g\u00f6r\u00fclmeye de\u011fer. (\u00d6nce Vatan Gazetesi)<\/p>\n<p>\u0130stanbul&#8217;daki sanatsever mezunlar\u0131m\u0131z\u0131n da kat\u0131l\u0131m\u0131yla 8 Kas\u0131m 2018 Per\u015fembe g\u00fcn\u00fc a\u00e7\u0131l\u0131\u015f\u0131 ger\u00e7ekle\u015fen sergi 22 Kas\u0131m 2018 tarihine kadar izlenebilir.<\/p>\n<p>Do\u011fan\u0131n, insan\u0131n b\u00fcy\u00fcs\u00fcnden yola \u00e7\u0131karak elde etti\u011fi g\u00f6r\u00fcnt\u00fcleri, kendi d\u00fc\u015fler d\u00fcnyas\u0131nda yeniden yorumlayan Selda Salman Acar&#8217;\u0131n, e\u015fi (mezunumuz) Erdo\u011fan Acar ile birlikte yaz\u0131p y\u00f6nettikleri <em>Ate\u015fe U\u00e7an Kelebekler<\/em> filmi Dhaka Uluslararas\u0131 Film Festivali&#8217;nin Kad\u0131n Y\u00f6netmenler b\u00f6l\u00fcm\u00fcnde yar\u0131\u015fma filmi olarak se\u00e7ilmi\u015f, Antalya Alt\u0131n Portakal F\u0130lm Festivali&#8217;nin \u00f6zel g\u00f6sterim b\u00f6l\u00fcm\u00fcnde yer alm\u0131\u015ft\u0131.<\/p>\n<p>\u00dclkemiz k\u00fclt\u00fcr ve sanat\u0131na roman, \u015fiir; resim, karikat\u00fcr; tiyatro ve m\u00fczik alanlar\u0131nda eserler veren mezunlar\u0131m\u0131za sinema ve foto\u011fraf sanat\u0131na y\u00f6n veren bir mezunumuz daha kat\u0131ld\u0131. Selda Salman Acar&#8217;\u0131 kutluyoruz.<\/p>\n","protected":false},"excerpt":{"rendered":"<p>{xtypo_quote} Sanat \u00f6yle g\u00fczel bir platform ki, bir anda en derin d\u00fc\u015f\u00fcncelerinizi, duygular\u0131n\u0131z\u0131, yorumlar\u0131n\u0131z\u0131 hi\u00e7 tan\u0131mad\u0131\u011f\u0131n\u0131z insanlarla payla\u015f\u0131yorsunuz. Yine hi\u00e7 tan\u0131mad\u0131\u011f\u0131n\u0131z insanlar\u0131n yapt\u0131klar\u0131na bak\u0131yor, okuyor, bir k\u0131v\u0131lc\u0131m yakal\u0131yor ve o g\u00fcne daha farkl\u0131 bak\u0131yorsunuz. Bu payla\u015f\u0131m hayat\u0131 anlaml\u0131 k\u0131l\u0131yor. Selda Salman Acar {\/xtypo_quote} Uluslararas\u0131 Plastik Sanatlar Derne\u011fi \u00fcyesi ve Uluslararas\u0131 Foto\u011fraf Sanat\u0131 Federasyonu sanat\u00e7\u0131s\u0131 olan [&hellip;]<\/p>\n","protected":false},"author":1,"featured_media":4916,"comment_status":"open","ping_status":"open","sticky":false,"template":"","format":"standard","meta":{"_eb_attr":"","_gspb_post_css":"","_crdt_document":"","footnotes":""},"categories":[4,121],"tags":[],"class_list":["post-4917","post","type-post","status-publish","format-standard","has-post-thumbnail","hentry","category-haber","category-haber-arsivi"],"blocksy_meta":[],"_links":{"self":[{"href":"https:\/\/yeni.maliyeokulu.org.tr\/index.php?rest_route=\/wp\/v2\/posts\/4917","targetHints":{"allow":["GET"]}}],"collection":[{"href":"https:\/\/yeni.maliyeokulu.org.tr\/index.php?rest_route=\/wp\/v2\/posts"}],"about":[{"href":"https:\/\/yeni.maliyeokulu.org.tr\/index.php?rest_route=\/wp\/v2\/types\/post"}],"author":[{"embeddable":true,"href":"https:\/\/yeni.maliyeokulu.org.tr\/index.php?rest_route=\/wp\/v2\/users\/1"}],"replies":[{"embeddable":true,"href":"https:\/\/yeni.maliyeokulu.org.tr\/index.php?rest_route=%2Fwp%2Fv2%2Fcomments&post=4917"}],"version-history":[{"count":2,"href":"https:\/\/yeni.maliyeokulu.org.tr\/index.php?rest_route=\/wp\/v2\/posts\/4917\/revisions"}],"predecessor-version":[{"id":21036,"href":"https:\/\/yeni.maliyeokulu.org.tr\/index.php?rest_route=\/wp\/v2\/posts\/4917\/revisions\/21036"}],"wp:featuredmedia":[{"embeddable":true,"href":"https:\/\/yeni.maliyeokulu.org.tr\/index.php?rest_route=\/wp\/v2\/media\/4916"}],"wp:attachment":[{"href":"https:\/\/yeni.maliyeokulu.org.tr\/index.php?rest_route=%2Fwp%2Fv2%2Fmedia&parent=4917"}],"wp:term":[{"taxonomy":"category","embeddable":true,"href":"https:\/\/yeni.maliyeokulu.org.tr\/index.php?rest_route=%2Fwp%2Fv2%2Fcategories&post=4917"},{"taxonomy":"post_tag","embeddable":true,"href":"https:\/\/yeni.maliyeokulu.org.tr\/index.php?rest_route=%2Fwp%2Fv2%2Ftags&post=4917"}],"curies":[{"name":"wp","href":"https:\/\/api.w.org\/{rel}","templated":true}]}}