{"id":4928,"date":"2018-11-23T21:41:09","date_gmt":"2018-11-23T18:41:09","guid":{"rendered":"https:\/\/yeni.maliyeokulu.org.tr\/ogretmenlergunu2018\/"},"modified":"2025-08-02T18:25:36","modified_gmt":"2025-08-02T15:25:36","slug":"ogretmenlergunu2018","status":"publish","type":"post","link":"https:\/\/yeni.maliyeokulu.org.tr\/?p=4928","title":{"rendered":"\u00d6\u011fretmenler G\u00fcn\u00fc"},"content":{"rendered":"<p style=\"text-align: center;\"><img fetchpriority=\"high\" decoding=\"async\" class=\" size-full wp-image-4927\" style=\"display: block; margin-left: auto; margin-right: auto;\" src=\"https:\/\/yeni.maliyeokulu.org.tr\/wp-content\/uploads\/2018\/11\/ogr_gunul.jpg\" alt=\"ogr gunul\" width=\"550\" height=\"226\" srcset=\"https:\/\/yeni.maliyeokulu.org.tr\/wp-content\/uploads\/2018\/11\/ogr_gunul.jpg 1550w, https:\/\/yeni.maliyeokulu.org.tr\/wp-content\/uploads\/2018\/11\/ogr_gunul-300x123.jpg 300w, https:\/\/yeni.maliyeokulu.org.tr\/wp-content\/uploads\/2018\/11\/ogr_gunul-1024x421.jpg 1024w, https:\/\/yeni.maliyeokulu.org.tr\/wp-content\/uploads\/2018\/11\/ogr_gunul-768x316.jpg 768w, https:\/\/yeni.maliyeokulu.org.tr\/wp-content\/uploads\/2018\/11\/ogr_gunul-1536x631.jpg 1536w\" sizes=\"(max-width: 550px) 100vw, 550px\" \/><\/p>\n<p style=\"text-align: center;\"><em>Bizimle hayat\u0131 payla\u015fan; bize hayat\u0131 \u00f6\u011freten, birey olma \u00e7abas\u0131nda yol g\u00f6steren t\u00fcm \u00f6\u011fretmenlerimizin \u00d6\u011fretmenler G\u00fcn\u00fc kutlu olsun.<\/em><\/p>\n<p><strong>Maliye Okulu Mezunlar\u0131 Derne\u011fi<img decoding=\"async\" class=\" alignright size-full wp-image-4195\" style=\"float: right;\" src=\"https:\/\/yeni.maliyeokulu.org.tr\/wp-content\/uploads\/2006\/10\/MO-tpDamga-Logo.png\" alt=\"MO tpDamga Logo\" width=\"152\" height=\"129\" srcset=\"https:\/\/yeni.maliyeokulu.org.tr\/wp-content\/uploads\/2006\/10\/MO-tpDamga-Logo.png 536w, https:\/\/yeni.maliyeokulu.org.tr\/wp-content\/uploads\/2006\/10\/MO-tpDamga-Logo-300x254.png 300w\" sizes=\"(max-width: 152px) 100vw, 152px\" \/><\/strong><br \/><strong>Y\u00f6netim Kurulu a.<\/strong><\/p>\n<p><strong>Ahmet KAYA<\/strong><br \/><strong>Genel Ba\u015fkan<\/strong><\/p>\n","protected":false},"excerpt":{"rendered":"<p>Bizimle hayat\u0131 payla\u015fan; bize hayat\u0131 \u00f6\u011freten, birey olma \u00e7abas\u0131nda yol g\u00f6steren t\u00fcm \u00f6\u011fretmenlerimizin \u00d6\u011fretmenler G\u00fcn\u00fc kutlu olsun. Maliye Okulu Mezunlar\u0131 Derne\u011fiY\u00f6netim Kurulu a. Ahmet KAYAGenel Ba\u015fkan<\/p>\n","protected":false},"author":1,"featured_media":4927,"comment_status":"open","ping_status":"open","sticky":false,"template":"","format":"standard","meta":{"_eb_attr":"","_gspb_post_css":"","_crdt_document":"","footnotes":""},"categories":[121],"tags":[],"class_list":["post-4928","post","type-post","status-publish","format-standard","has-post-thumbnail","hentry","category-haber-arsivi"],"blocksy_meta":[],"_links":{"self":[{"href":"https:\/\/yeni.maliyeokulu.org.tr\/index.php?rest_route=\/wp\/v2\/posts\/4928","targetHints":{"allow":["GET"]}}],"collection":[{"href":"https:\/\/yeni.maliyeokulu.org.tr\/index.php?rest_route=\/wp\/v2\/posts"}],"about":[{"href":"https:\/\/yeni.maliyeokulu.org.tr\/index.php?rest_route=\/wp\/v2\/types\/post"}],"author":[{"embeddable":true,"href":"https:\/\/yeni.maliyeokulu.org.tr\/index.php?rest_route=\/wp\/v2\/users\/1"}],"replies":[{"embeddable":true,"href":"https:\/\/yeni.maliyeokulu.org.tr\/index.php?rest_route=%2Fwp%2Fv2%2Fcomments&post=4928"}],"version-history":[{"count":1,"href":"https:\/\/yeni.maliyeokulu.org.tr\/index.php?rest_route=\/wp\/v2\/posts\/4928\/revisions"}],"predecessor-version":[{"id":18328,"href":"https:\/\/yeni.maliyeokulu.org.tr\/index.php?rest_route=\/wp\/v2\/posts\/4928\/revisions\/18328"}],"wp:featuredmedia":[{"embeddable":true,"href":"https:\/\/yeni.maliyeokulu.org.tr\/index.php?rest_route=\/wp\/v2\/media\/4927"}],"wp:attachment":[{"href":"https:\/\/yeni.maliyeokulu.org.tr\/index.php?rest_route=%2Fwp%2Fv2%2Fmedia&parent=4928"}],"wp:term":[{"taxonomy":"category","embeddable":true,"href":"https:\/\/yeni.maliyeokulu.org.tr\/index.php?rest_route=%2Fwp%2Fv2%2Fcategories&post=4928"},{"taxonomy":"post_tag","embeddable":true,"href":"https:\/\/yeni.maliyeokulu.org.tr\/index.php?rest_route=%2Fwp%2Fv2%2Ftags&post=4928"}],"curies":[{"name":"wp","href":"https:\/\/api.w.org\/{rel}","templated":true}]}}