{"id":4930,"date":"2018-12-08T02:45:21","date_gmt":"2018-12-07T23:45:21","guid":{"rendered":"https:\/\/yeni.maliyeokulu.org.tr\/yl-sonu-toplants\/"},"modified":"2026-03-17T13:48:40","modified_gmt":"2026-03-17T10:48:40","slug":"yl-sonu-toplants","status":"publish","type":"post","link":"https:\/\/yeni.maliyeokulu.org.tr\/?p=4930","title":{"rendered":"Y\u0131l Sonu Toplant\u0131s\u0131"},"content":{"rendered":"\t\t<div data-elementor-type=\"wp-post\" data-elementor-id=\"4930\" class=\"elementor elementor-4930\" data-elementor-settings=\"{&quot;element_pack_global_tooltip_width&quot;:{&quot;unit&quot;:&quot;px&quot;,&quot;size&quot;:&quot;&quot;,&quot;sizes&quot;:[]},&quot;element_pack_global_tooltip_width_tablet&quot;:{&quot;unit&quot;:&quot;px&quot;,&quot;size&quot;:&quot;&quot;,&quot;sizes&quot;:[]},&quot;element_pack_global_tooltip_width_mobile&quot;:{&quot;unit&quot;:&quot;px&quot;,&quot;size&quot;:&quot;&quot;,&quot;sizes&quot;:[]},&quot;element_pack_global_tooltip_padding&quot;:{&quot;unit&quot;:&quot;px&quot;,&quot;top&quot;:&quot;&quot;,&quot;right&quot;:&quot;&quot;,&quot;bottom&quot;:&quot;&quot;,&quot;left&quot;:&quot;&quot;,&quot;isLinked&quot;:true},&quot;element_pack_global_tooltip_padding_tablet&quot;:{&quot;unit&quot;:&quot;px&quot;,&quot;top&quot;:&quot;&quot;,&quot;right&quot;:&quot;&quot;,&quot;bottom&quot;:&quot;&quot;,&quot;left&quot;:&quot;&quot;,&quot;isLinked&quot;:true},&quot;element_pack_global_tooltip_padding_mobile&quot;:{&quot;unit&quot;:&quot;px&quot;,&quot;top&quot;:&quot;&quot;,&quot;right&quot;:&quot;&quot;,&quot;bottom&quot;:&quot;&quot;,&quot;left&quot;:&quot;&quot;,&quot;isLinked&quot;:true},&quot;element_pack_global_tooltip_border_radius&quot;:{&quot;unit&quot;:&quot;px&quot;,&quot;top&quot;:&quot;&quot;,&quot;right&quot;:&quot;&quot;,&quot;bottom&quot;:&quot;&quot;,&quot;left&quot;:&quot;&quot;,&quot;isLinked&quot;:true},&quot;element_pack_global_tooltip_border_radius_tablet&quot;:{&quot;unit&quot;:&quot;px&quot;,&quot;top&quot;:&quot;&quot;,&quot;right&quot;:&quot;&quot;,&quot;bottom&quot;:&quot;&quot;,&quot;left&quot;:&quot;&quot;,&quot;isLinked&quot;:true},&quot;element_pack_global_tooltip_border_radius_mobile&quot;:{&quot;unit&quot;:&quot;px&quot;,&quot;top&quot;:&quot;&quot;,&quot;right&quot;:&quot;&quot;,&quot;bottom&quot;:&quot;&quot;,&quot;left&quot;:&quot;&quot;,&quot;isLinked&quot;:true}}\" data-elementor-post-type=\"post\">\n\t\t\t\t<div data-particle_enable=\"false\" data-particle-mobile-disabled=\"false\" class=\"elementor-element elementor-element-33c46199 animated-slow e-flex e-con-boxed e-con e-parent\" data-id=\"33c46199\" data-element_type=\"container\" data-settings=\"{&quot;background_background&quot;:&quot;gradient&quot;,&quot;animation&quot;:&quot;none&quot;}\">\n\t\t\t\t\t<div class=\"e-con-inner\">\n\t\t<div data-particle_enable=\"false\" data-particle-mobile-disabled=\"false\" class=\"elementor-element elementor-element-7f762d25 e-con-full e-flex elementor-invisible e-con e-child\" data-id=\"7f762d25\" data-element_type=\"container\" data-settings=\"{&quot;animation&quot;:&quot;fadeInLeft&quot;,&quot;animation_delay&quot;:500}\">\n\t\t\t\t<div class=\"elementor-element elementor-element-4007e744 elementor-widget elementor-widget-heading\" data-id=\"4007e744\" data-element_type=\"widget\" data-widget_type=\"heading.default\">\n\t\t\t\t<div class=\"elementor-widget-container\">\n\t\t\t\t\t<h1 class=\"elementor-heading-title elementor-size-default\">Y\u0131l Sonu Toplant\u0131s\u0131<\/h1>\t\t\t\t<\/div>\n\t\t\t\t<\/div>\n\t\t\t\t<\/div>\n\t\t<div data-particle_enable=\"false\" data-particle-mobile-disabled=\"false\" class=\"elementor-element elementor-element-89b0130 e-con-full e-flex elementor-invisible e-con e-child\" data-id=\"89b0130\" data-element_type=\"container\" data-settings=\"{&quot;animation&quot;:&quot;zoomIn&quot;,&quot;animation_delay&quot;:1000}\">\n\t\t\t\t<div class=\"elementor-element elementor-element-287ca726 elementor-widget__width-initial elementor-widget elementor-widget-image\" data-id=\"287ca726\" data-element_type=\"widget\" data-widget_type=\"image.default\">\n\t\t\t\t<div class=\"elementor-widget-container\">\n\t\t\t\t\t\t\t\t\t\t\t\t\t\t\t<img fetchpriority=\"high\" decoding=\"async\" width=\"536\" height=\"454\" src=\"https:\/\/yeni.maliyeokulu.org.tr\/wp-content\/uploads\/2006\/10\/MO-tpDamga-Logo.png\" class=\"attachment-large size-large wp-image-4195\" alt=\"MO tpDamga Logo\" srcset=\"https:\/\/yeni.maliyeokulu.org.tr\/wp-content\/uploads\/2006\/10\/MO-tpDamga-Logo.png 536w, https:\/\/yeni.maliyeokulu.org.tr\/wp-content\/uploads\/2006\/10\/MO-tpDamga-Logo-300x254.png 300w\" sizes=\"(max-width: 536px) 100vw, 536px\" \/>\t\t\t\t\t\t\t\t\t\t\t\t\t\t\t<\/div>\n\t\t\t\t<\/div>\n\t\t\t\t<\/div>\n\t\t\t\t\t<\/div>\n\t\t\t\t<\/div>\n\t\t<div data-particle_enable=\"false\" data-particle-mobile-disabled=\"false\" class=\"elementor-element elementor-element-236ae1fa e-flex e-con-boxed e-con e-parent\" data-id=\"236ae1fa\" data-element_type=\"container\">\n\t\t\t\t\t<div class=\"e-con-inner\">\n\t\t\t\t<div class=\"elementor-element elementor-element-7dcb1584 elementor-widget__width-initial elementor-widget elementor-widget-text-editor\" data-id=\"7dcb1584\" data-element_type=\"widget\" data-widget_type=\"text-editor.default\">\n\t\t\t\t<div class=\"elementor-widget-container\">\n\t\t\t\t\t\t\t\t\t<p>Sevgili Mezunlar\u0131m\u0131z,<\/p>\n<p>2018 y\u0131l\u0131n\u0131n son ay\u0131na girmi\u015f bulunmaktay\u0131z.&nbsp;Bu y\u0131l, mezunlar\u0131m\u0131z ile Okulumuzun ad\u0131n\u0131 ya\u015fatacak, birlik ve dayan\u0131\u015fmam\u0131z\u0131 y\u00fckseltecek bir \u00e7ok etkinlikte bir araya geldik.<\/p>\n<p style=\"text-align: center;\"><img decoding=\"async\" class=\"alignnone wp-image-4937\" src=\"https:\/\/yeni.maliyeokulu.org.tr\/wp-content\/uploads\/2019\/01\/Ekran_Resmi_2019-01-07_10.54.32.png\" alt=\"Ekran Resmi 2019 01 07 10.54.32\" width=\"448\" height=\"618\" srcset=\"https:\/\/yeni.maliyeokulu.org.tr\/wp-content\/uploads\/2019\/01\/Ekran_Resmi_2019-01-07_10.54.32.png 348w, https:\/\/yeni.maliyeokulu.org.tr\/wp-content\/uploads\/2019\/01\/Ekran_Resmi_2019-01-07_10.54.32-218x300.png 218w\" sizes=\"(max-width: 448px) 100vw, 448px\" \/><\/p>\n<p>\u2022 T\u00fcm derneklerimiz ile koordineli y\u00fcr\u00fctt\u00fc\u011f\u00fcm\u00fcz 2018 y\u0131l\u0131 etkinliklerinin;<br>\u2022 g\u00f6rsel sunumlarla de\u011ferlendirilmesi ,<br>\u2022 tart\u0131\u015f\u0131lagelen yap\u0131lanmalar ile ilgili kararlar\u0131n al\u0131nmas\u0131,<br>\u2022 Gaziantep MOMDER Ba\u015fkan\u0131 Hasan \u015eahin&#8217;in Okulumuzu tan\u0131tan bir kitab\u0131n \u00e7\u0131kar\u0131lmas\u0131 \u00f6nerisi,<br>\u2022 Genel Merkezimizin \u201cAnda\u00e7\u201d haz\u0131rl\u0131klar\u0131n\u0131n bilim insanlar\u0131m\u0131z refakatinde y\u00fcr\u00fct\u00fclmesi i\u00e7in gerekli Bilim \/Dan\u0131\u015fma Kurullar\u0131n\u0131n olu\u015fturulmas\u0131,<br>g\u00fcndemiyle,&nbsp;<\/p>\n<p>\u015eimdilerde ASB\u00dc Yabanc\u0131 Diller Y\u00fcksek Okulunun e\u011fitim ve \u00f6\u011frenimi i\u00e7in tahsis edilen Ankara Maliye Okulu binam\u0131zda, y\u00f6netim kurullar\u0131m\u0131z, bilim insanlar\u0131m\u0131z ve Ankara&#8217;dan ve ta\u015fradan gelen mezunlar\u0131m\u0131z ile bir araya geliyoruz.<\/p>\n<p>15-16 Aral\u0131k 2018 g\u00fcnlerinde yap\u0131lacak toplant\u0131m\u0131za Derneklerimizin ve Spor Kul\u00fcb\u00fcm\u00fcz\u00fcn mezunlar\u0131m\u0131zdan yetki alm\u0131\u015f y\u00f6netim ve denetim kurulu \u00fcyeleri, akademisyenlerimiz ile birlikte al\u0131nacak kararlar i\u00e7in \u00f6nerisi olan t\u00fcm mezunlar\u0131m\u0131z davetlidir.&nbsp;<\/p>\n<p>Salon, toplant\u0131 d\u00fczene\u011finde 60 ki\u015filik oldu\u011fundan, di\u011fer kat\u0131l\u0131mc\u0131 mezunlar\u0131m\u0131z\u0131n e\u015f zamanl\u0131 sinevizyon internet payla\u015f\u0131m\u0131 ile izleyebilmesi ve g\u00f6r\u00fc\u015f bildirmesini m\u00fcmk\u00fcn k\u0131lmak, ayr\u0131ca fiziki kat\u0131l\u0131m\u0131 sa\u011flamak i\u00e7in 1949 y\u0131l\u0131na kadar Maliye Okulu olarak hizmet veren Ulus\u2019taki Atat\u00fcrk K\u0131z Meslek Lisesi Konferans Salonunun Pazar g\u00fcn\u00fc kullan\u0131lmas\u0131 d\u00fc\u015f\u00fcn\u00fclmekte, bu hususta Okul Y\u00f6netimiyle g\u00f6r\u00fc\u015fmeler s\u00fcrd\u00fcr\u00fclmektedir.<\/p>\n<p>\u00d6te yandan, 15 Aral\u0131k 2018 ak\u015fam\u0131 Ankara d\u0131\u015f\u0131ndan gelen konuklar\u0131m\u0131z ile birlikte Devlet Tiyatrolar\u0131n\u0131n sahneledi\u011fi g\u00fczel bir oyunu Ziraat Sahnesinde seyretmek i\u00e7in toplu bilet rezervasyonu yap\u0131lm\u0131\u015ft\u0131r.<\/p>\n<p>Genel Merkez Y\u00f6netim Kurulu \u00dcyesi ve Maliye Okulu resmi web sitesinin admini Mesut Kullar\u2019\u0131n haz\u0131rlad\u0131\u011f\u0131 davetiye kapa\u011f\u0131nda yer verilen ve \u00fc\u00e7 Okulumuzu simgeleyen \u00e7\u0131nar a\u011fac\u0131, mezunlar\u0131m\u0131z\u0131n, kendileri var olduk\u00e7a ya\u015fataca\u011f\u0131 kutsall\u0131ktad\u0131r. Bunun bilincindeyiz.<\/p>\n<p>Sayg\u0131 ve sevgilerimizle,<\/p>\n<p><img decoding=\"async\" class=\" alignright size-full wp-image-4195\" style=\"margin: 5px; float: right;\" src=\"https:\/\/yeni.maliyeokulu.org.tr\/wp-content\/uploads\/2006\/10\/MO-tpDamga-Logo.png\" alt=\"MO tpDamga Logo\" width=\"131\" height=\"111\" srcset=\"https:\/\/yeni.maliyeokulu.org.tr\/wp-content\/uploads\/2006\/10\/MO-tpDamga-Logo.png 536w, https:\/\/yeni.maliyeokulu.org.tr\/wp-content\/uploads\/2006\/10\/MO-tpDamga-Logo-300x254.png 300w\" sizes=\"(max-width: 131px) 100vw, 131px\" \/><\/p>\n<p>Maliye Okulu Mezunlar\u0131 Derne\u011fi Genel Merkezi<\/p>\n<p>Y\u00f6netim Kurulu ad\u0131na,<\/p>\n<p>Ahmet Kaya<\/p>\n<p>Genel Ba\u015fkan<\/p>\t\t\t\t\t\t\t\t<\/div>\n\t\t\t\t<\/div>\n\t\t\t\t\t<\/div>\n\t\t\t\t<\/div>\n\t\t\t\t<\/div>\n\t\t","protected":false},"excerpt":{"rendered":"<p>Sevgili Mezunlar\u0131m\u0131z, 2018 y\u0131l\u0131n\u0131n son ay\u0131na girmi\u015f bulunmaktay\u0131z.&nbsp;Bu y\u0131l, mezunlar\u0131m\u0131z ile Okulumuzun ad\u0131n\u0131 ya\u015fatacak, birlik ve dayan\u0131\u015fmam\u0131z\u0131 y\u00fckseltecek bir \u00e7ok etkinlikte bir araya geldik. \u2022 T\u00fcm derneklerimiz ile koordineli y\u00fcr\u00fctt\u00fc\u011f\u00fcm\u00fcz 2018 y\u0131l\u0131 etkinliklerinin;\u2022 g\u00f6rsel sunumlarla de\u011ferlendirilmesi ,\u2022 tart\u0131\u015f\u0131lagelen yap\u0131lanmalar ile ilgili kararlar\u0131n al\u0131nmas\u0131,\u2022 Gaziantep MOMDER Ba\u015fkan\u0131 Hasan \u015eahin&#8217;in Okulumuzu tan\u0131tan bir kitab\u0131n \u00e7\u0131kar\u0131lmas\u0131 \u00f6nerisi,\u2022 Genel [&hellip;]<\/p>\n","protected":false},"author":1,"featured_media":4195,"comment_status":"open","ping_status":"open","sticky":false,"template":"","format":"standard","meta":{"_eb_attr":"","_gspb_post_css":"","_crdt_document":"","footnotes":""},"categories":[121],"tags":[],"class_list":["post-4930","post","type-post","status-publish","format-standard","has-post-thumbnail","hentry","category-haber-arsivi"],"blocksy_meta":[],"_links":{"self":[{"href":"https:\/\/yeni.maliyeokulu.org.tr\/index.php?rest_route=\/wp\/v2\/posts\/4930","targetHints":{"allow":["GET"]}}],"collection":[{"href":"https:\/\/yeni.maliyeokulu.org.tr\/index.php?rest_route=\/wp\/v2\/posts"}],"about":[{"href":"https:\/\/yeni.maliyeokulu.org.tr\/index.php?rest_route=\/wp\/v2\/types\/post"}],"author":[{"embeddable":true,"href":"https:\/\/yeni.maliyeokulu.org.tr\/index.php?rest_route=\/wp\/v2\/users\/1"}],"replies":[{"embeddable":true,"href":"https:\/\/yeni.maliyeokulu.org.tr\/index.php?rest_route=%2Fwp%2Fv2%2Fcomments&post=4930"}],"version-history":[{"count":4,"href":"https:\/\/yeni.maliyeokulu.org.tr\/index.php?rest_route=\/wp\/v2\/posts\/4930\/revisions"}],"predecessor-version":[{"id":21568,"href":"https:\/\/yeni.maliyeokulu.org.tr\/index.php?rest_route=\/wp\/v2\/posts\/4930\/revisions\/21568"}],"wp:featuredmedia":[{"embeddable":true,"href":"https:\/\/yeni.maliyeokulu.org.tr\/index.php?rest_route=\/wp\/v2\/media\/4195"}],"wp:attachment":[{"href":"https:\/\/yeni.maliyeokulu.org.tr\/index.php?rest_route=%2Fwp%2Fv2%2Fmedia&parent=4930"}],"wp:term":[{"taxonomy":"category","embeddable":true,"href":"https:\/\/yeni.maliyeokulu.org.tr\/index.php?rest_route=%2Fwp%2Fv2%2Fcategories&post=4930"},{"taxonomy":"post_tag","embeddable":true,"href":"https:\/\/yeni.maliyeokulu.org.tr\/index.php?rest_route=%2Fwp%2Fv2%2Ftags&post=4930"}],"curies":[{"name":"wp","href":"https:\/\/api.w.org\/{rel}","templated":true}]}}