{"id":4932,"date":"2018-12-08T02:48:41","date_gmt":"2018-12-07T23:48:41","guid":{"rendered":"https:\/\/yeni.maliyeokulu.org.tr\/bulten-daveti\/"},"modified":"2025-08-02T18:25:36","modified_gmt":"2025-08-02T15:25:36","slug":"bulten-daveti","status":"publish","type":"post","link":"https:\/\/yeni.maliyeokulu.org.tr\/?p=4932","title":{"rendered":"B\u00fclten Daveti"},"content":{"rendered":"<p style=\"text-align: center;\">\n<p><center><\/center><\/p>\n<p>MOMDER Genel Merkezi olarak g\u00f6reve geldi\u011fimiz g\u00fcnden bu yana, t\u00fcm mezunlar\u0131m\u0131za her platformda ula\u015fmay\u0131, Maliye Okulu ruhunu hep birlikte ya\u015famay\u0131, ayr\u0131ca her ortamda Okulumuzun de\u011ferini, \u00dclkemiz i\u00e7in&nbsp;\u00f6nemini ve gereklili\u011fini vurgulamay\u0131&nbsp;hedefledik.<\/p>\n<p><!--more--><\/p>\n<p><span style=\"font-size: 11pt; font-family: sans-serif;\"><span style=\"font-size: 14.6667px;\">{xtypo_rounded2}&nbsp;<\/span><\/span><\/p>\n<p style=\"text-align: center;\"><span style=\"font-size: 11pt; font-family: sans-serif;\">{loadposition bulten}&nbsp;<em>B\u00fcltenlerin i\u00e7eri\u011fini tam ekran boyutunda g\u00f6rmek i\u00e7in yukar\u0131daki alan\u0131n sa\u011f alt\u0131ndaki<\/em>&nbsp;<img decoding=\"async\" class=\" size-full wp-image-4931\" src=\"https:\/\/yeni.maliyeokulu.org.tr\/wp-content\/uploads\/2018\/12\/Ekran_Resmi_2018-12-07_02.10.58.png\" alt=\"Ekran Resmi 2018 12 07 02.10.58\" width=\"31\" height=\"28\" \/>&nbsp;<em>simgesine t\u0131klay\u0131n\u0131z<\/em><\/span><\/p>\n<p><span style=\"font-size: 11pt; font-family: sans-serif;\">Bundan b\u00f6yle, teknolojinin sa\u011flad\u0131\u011f\u0131 f\u0131rsat ve kolayl\u0131klardan da yararlanarak size ayl\u0131k b\u00fcltenlerimizle eri\u015fmek, yurdun d\u00f6rt bir yan\u0131na da\u011f\u0131lan mezunlar\u0131m\u0131z hakk\u0131nda haberler vermek, etkinliklerimizi zaman\u0131nda duyurarak kat\u0131l\u0131m\u0131n\u0131z\u0131 en \u00fcst d\u00fczeyde sa\u011flamak istiyoruz. Bu ama\u00e7la, Derne\u011fimiz kay\u0131tlar\u0131nda e-posta adresi olan mezunlar\u0131m\u0131za ayl\u0131k b\u00fcltenlerimizi g\u00f6ndermeye ba\u015flad\u0131k. Ancak baz\u0131 mezunlar\u0131m\u0131z\u0131n e-posta adreslerinin aktif olmad\u0131\u011f\u0131 nedeniyle ilgili sunucular taraf\u0131ndan kabul edilmedi\u011fini \u00fcz\u00fclerek belirtmek isteriz. Umar\u0131z s\u00f6zkonusu eksik bilgiler en k\u0131sa zamanda Derne\u011fimize -a\u015fa\u011f\u0131daki <a href=\"#form\">formdan<\/a>&#8211; ula\u015ft\u0131r\u0131l\u0131r.<\/p>\n<p>B\u00fcltenimiz size ula\u015fmad\u0131ysa ve ayda bir kez edinmek isterseniz l\u00fctfen a\u015fa\u011f\u0131daki <a href=\"#form\">formu<\/a> doldurup Derne\u011fimize iletiniz.<br \/><\/span><br \/><span style=\"font-size: 11pt; font-family: sans-serif;\">Bu ileti\u015fimimizin, Oral LEVENDER (1958) a\u011fabeyimizin de s\u00f6yledi\u011fi gibi, &#8220;<strong><em>iki ki\u015fi kalana kadar<\/em><\/strong>&#8221; ve katk\u0131lar\u0131n\u0131zla s\u00fcrmesini dileriz.<\/span><\/p>\n<p><span style=\"font-size: 11pt; font-family: sans-serif;\">Hep birlikte, daha iyiye ula\u015fmak i\u00e7in, l\u00fctfen \u00f6neri ve ele\u015ftirilerinizi, ayr\u0131ca mezunlar\u0131m\u0131z ile <span style=\"text-decoration: underline;\">payla\u015fmak istedi\u011finiz an\u0131, \u015fiir, \u00f6yk\u00fc ve makalelerinizi&nbsp;<\/span> sab\u0131rs\u0131zl\u0131kla&nbsp;<a href=\"mailto:admin@maliyeokulu.org.tr?subject=Mezunumuzdan%20Haber%20Var\" target=\"_blank\" rel=\"noopener\">bekliyoruz<\/a>.<\/span><\/p>\n<p><span style=\"font-size: 11pt; font-family: sans-serif;\">Yar\u0131n\u0131n\u0131z bug\u00fcn\u00fcn\u00fczden iyi olsun.<span style=\"font-size: 11pt;\"><img decoding=\"async\" class=\" alignright size-full wp-image-4195\" style=\"margin: 5px; float: right;\" src=\"https:\/\/yeni.maliyeokulu.org.tr\/wp-content\/uploads\/2006\/10\/MO-tpDamga-Logo.png\" alt=\"MO tpDamga Logo\" width=\"131\" height=\"111\" srcset=\"https:\/\/yeni.maliyeokulu.org.tr\/wp-content\/uploads\/2006\/10\/MO-tpDamga-Logo.png 536w, https:\/\/yeni.maliyeokulu.org.tr\/wp-content\/uploads\/2006\/10\/MO-tpDamga-Logo-300x254.png 300w\" sizes=\"(max-width: 131px) 100vw, 131px\" \/><\/span><\/span><\/p>\n<p><span style=\"font-size: 11pt; font-family: sans-serif;\">Maliye Okulu Mezunlar\u0131 Derne\u011fi<\/span><br \/><span style=\"font-size: 11pt; font-family: sans-serif;\">Y\u00f6netim Kurulu a.<\/span><\/p>\n<p><span style=\"font-family: sans-serif;\"><strong>Ahmet KAYA<\/strong><\/span><br \/><strong><span style=\"font-family: sans-serif;\">Genel&nbsp;Ba\u015fkan<span style=\"font-size: 11pt; font-family: sans-serif;\">{\/xtypo_rounded2}<\/span><\/span><\/strong><\/p>\n<hr \/>\n<p><strong><span style=\"font-family: sans-serif;\">{xtypo_rounded2}&nbsp;<\/span><br \/><\/strong><\/p>\n<p style=\"text-align: center;\"><a id=\"form\">.<\/a>{mosforme 12}.<br \/><strong>{\/xtypo_rounded2}<\/strong><\/p>\n<p><img decoding=\"async\" class=\" size-full wp-image-4388\" style=\"display: block; margin-left: auto; margin-right: auto;\" src=\"https:\/\/yeni.maliyeokulu.org.tr\/wp-content\/uploads\/2009\/09\/mo_damga.png\" alt=\"mo damga\" width=\"86\" height=\"73\" srcset=\"https:\/\/yeni.maliyeokulu.org.tr\/wp-content\/uploads\/2009\/09\/mo_damga.png 880w, https:\/\/yeni.maliyeokulu.org.tr\/wp-content\/uploads\/2009\/09\/mo_damga-300x254.png 300w, https:\/\/yeni.maliyeokulu.org.tr\/wp-content\/uploads\/2009\/09\/mo_damga-768x649.png 768w\" sizes=\"(max-width: 86px) 100vw, 86px\" \/><\/p>\n","protected":false},"excerpt":{"rendered":"<p>MOMDER Genel Merkezi olarak g\u00f6reve geldi\u011fimiz g\u00fcnden bu yana, t\u00fcm mezunlar\u0131m\u0131za her platformda ula\u015fmay\u0131, Maliye Okulu ruhunu hep birlikte ya\u015famay\u0131, ayr\u0131ca her ortamda Okulumuzun de\u011ferini, \u00dclkemiz i\u00e7in&nbsp;\u00f6nemini ve gereklili\u011fini vurgulamay\u0131&nbsp;hedefledik.<\/p>\n","protected":false},"author":1,"featured_media":4931,"comment_status":"open","ping_status":"open","sticky":false,"template":"","format":"standard","meta":{"_eb_attr":"","_gspb_post_css":"","_crdt_document":"","footnotes":""},"categories":[121],"tags":[],"class_list":["post-4932","post","type-post","status-publish","format-standard","has-post-thumbnail","hentry","category-haber-arsivi"],"blocksy_meta":[],"_links":{"self":[{"href":"https:\/\/yeni.maliyeokulu.org.tr\/index.php?rest_route=\/wp\/v2\/posts\/4932","targetHints":{"allow":["GET"]}}],"collection":[{"href":"https:\/\/yeni.maliyeokulu.org.tr\/index.php?rest_route=\/wp\/v2\/posts"}],"about":[{"href":"https:\/\/yeni.maliyeokulu.org.tr\/index.php?rest_route=\/wp\/v2\/types\/post"}],"author":[{"embeddable":true,"href":"https:\/\/yeni.maliyeokulu.org.tr\/index.php?rest_route=\/wp\/v2\/users\/1"}],"replies":[{"embeddable":true,"href":"https:\/\/yeni.maliyeokulu.org.tr\/index.php?rest_route=%2Fwp%2Fv2%2Fcomments&post=4932"}],"version-history":[{"count":1,"href":"https:\/\/yeni.maliyeokulu.org.tr\/index.php?rest_route=\/wp\/v2\/posts\/4932\/revisions"}],"predecessor-version":[{"id":18326,"href":"https:\/\/yeni.maliyeokulu.org.tr\/index.php?rest_route=\/wp\/v2\/posts\/4932\/revisions\/18326"}],"wp:featuredmedia":[{"embeddable":true,"href":"https:\/\/yeni.maliyeokulu.org.tr\/index.php?rest_route=\/wp\/v2\/media\/4931"}],"wp:attachment":[{"href":"https:\/\/yeni.maliyeokulu.org.tr\/index.php?rest_route=%2Fwp%2Fv2%2Fmedia&parent=4932"}],"wp:term":[{"taxonomy":"category","embeddable":true,"href":"https:\/\/yeni.maliyeokulu.org.tr\/index.php?rest_route=%2Fwp%2Fv2%2Fcategories&post=4932"},{"taxonomy":"post_tag","embeddable":true,"href":"https:\/\/yeni.maliyeokulu.org.tr\/index.php?rest_route=%2Fwp%2Fv2%2Ftags&post=4932"}],"curies":[{"name":"wp","href":"https:\/\/api.w.org\/{rel}","templated":true}]}}