{"id":4934,"date":"2019-01-01T03:10:35","date_gmt":"2019-01-01T00:10:35","guid":{"rendered":"https:\/\/yeni.maliyeokulu.org.tr\/2019-kutlamas\/"},"modified":"2025-08-02T18:25:36","modified_gmt":"2025-08-02T15:25:36","slug":"2019-kutlamas","status":"publish","type":"post","link":"https:\/\/yeni.maliyeokulu.org.tr\/?p=4934","title":{"rendered":"2019 Kutlamas\u0131"},"content":{"rendered":"<h1>Yeni Y\u0131l\u0131n\u0131z Kutlu Olsun<\/h1>\n<p style=\"text-align: center;\">{youtube}Ae6NIq-cx7k{\/youtube}<\/p>\n<p><span style=\"font-family: impact, chicago; font-size: 12pt;\">2018 y\u0131l\u0131n\u0131, Kuzey Yar\u0131mk\u00fcreye yak\u0131\u015f\u0131r \u015fekilde, \u00fclkemizdeki kar ya\u011f\u0131\u015flar\u0131yla u\u011furluyoruz.<br \/><\/span><span style=\"font-family: impact, chicago; font-size: 12pt;\">K\u0131\u015f mevsiminin; bahara, topra\u011f\u0131n uyan\u0131\u015f\u0131na ta\u015f\u0131d\u0131\u011f\u0131 can suyudur kar.&nbsp;<\/p>\n<p><span style=\"font-family: impact, chicago; font-size: 12pt;\">Yeni y\u0131la, mezunlar\u0131m\u0131z ad\u0131na, camiam\u0131z ad\u0131na, can suyu ta\u015f\u0131yacak birlikteli\u011fin yaratt\u0131\u011f\u0131 bir sinerji ile girdi\u011fimizi g\u00f6rmek bizi umutland\u0131r\u0131yor; <br \/>yapaca\u011f\u0131m\u0131z etkinliklerde, hayata ge<span class=\"text_exposed_show\">\u00e7irece\u011fimiz projelerde \u00e7al\u0131\u015fmalar\u0131m\u0131za \u015fevk kat\u0131yor.&nbsp;<\/p>\n<p>Maliye Okulu ad\u0131yla yeniden a\u00e7\u0131l\u0131\u015f\u0131m\u0131z\u0131n da doksan be\u015finci y\u0131l\u0131 olacak ikibin ondokuz.<\/p>\n<p>Ve maalesef&#8230;<br \/>Ocak\u201918- Aral\u0131k\u201918 aras\u0131 18 mezunumuzu topra\u011fa vermi\u015fiz:<\/span><\/span><\/span><\/p>\n<p><span style=\"font-family: impact, chicago; font-size: 12pt;\"><span style=\"font-family: impact, chicago; font-size: 12pt;\"><span class=\"text_exposed_show\">\u201948 li Turhan Erdo\u011fan; \u201958li \u015eerif Ercan ve Zeki Bal; \u201959 lu Kemal Sar\u0131; <\/span><\/span><\/span><\/p>\n<p><!--more--><\/p>\n<p><span style=\"font-family: impact, chicago; font-size: 12pt;\"><span style=\"font-family: impact, chicago; font-size: 12pt;\"><span class=\"text_exposed_show\"><br \/>\u201860l\u0131 Enver \u00d6zkul; \u201862li \u00dcnal Eker; \u201863l\u00fc Mehmet Aslan; \u201864l\u00fc H\u00fcseyin Muslu; \u201865li Hasan G\u00f6kg\u00f6z ve Selahattin Erta\u015f; \u201868li Mevl\u00fct \u015eakar ve Erol \u00c7olpan; <br \/>\u201870li Ahmet Acart\u00fcrk; \u201872li \u0130hsan \u015eenol Altan; \u201875li Musa \u00c7elikdemir;<br \/><\/span><\/span><\/span><span style=\"font-family: impact, chicago; font-size: 12pt;\"><span style=\"font-family: impact, chicago; font-size: 12pt;\"><span class=\"text_exposed_show\">\u201881li Naci Aydo\u011fmu\u015f ve H\u00fcseyin Tan\u0131r; \u201882li H\u00fclya \u00d6zen\u00e7 Ko\u00e7ak&nbsp;<\/span><\/span><\/span><\/p>\n<p><span style=\"font-family: impact, chicago; font-size: 12pt;\"><span style=\"font-family: impact, chicago; font-size: 12pt;\"><span class=\"text_exposed_show\">i\u00e7inde bulundu\u011fumuz y\u0131lda aram\u0131zdan ayr\u0131ld\u0131lar.<br \/>Bu vesileyle bir kez daha, m\u00fcteveffa mezunlar\u0131m\u0131za Allahtan rahmet, ailelerine, camiam\u0131za sab\u0131rlar ve ba\u015fsa\u011fl\u0131\u011f\u0131 diliyoruz.<\/p>\n<p>Maliye Okulu Mezunlar\u0131 Derne\u011fi Genel Merkezi Y\u00f6netim Kurulu ad\u0131na, <br \/>t\u00fcm mezunlar\u0131m\u0131za, e\u015f ve \u00e7ocuklar\u0131na, sevdiklerine sa\u011fl\u0131kl\u0131 mutlu; <br \/>t\u00fcm insanl\u0131k i\u00e7in bar\u0131\u015f ve huzur dolu bir 2019 y\u0131l\u0131 diliyoruz.<\/span>. <br \/><\/span><br \/><span style=\"font-family: impact, chicago; font-size: 12pt;\">Maliye Okulu Mezunlar\u0131 Derne\u011fi Genel Merkezi Y\u00f6netim Kurulu ad\u0131na, <\/span><br \/><span style=\"font-family: impact, chicago; font-size: 12pt;\">t\u00fcm mezunlar\u0131m\u0131za, e\u015flerine \u00e7ocuklar\u0131na, sevdiklerine sa\u011fl\u0131kl\u0131, mutlu; <br \/>t\u00fcm insanl\u0131k i\u00e7in bar\u0131\u015f ve huzur dolu yeni bir y\u0131l diliyoruz.<\/span><\/span><\/p>\n<p><span style=\"font-size: 11pt;\"><img decoding=\"async\" class=\" alignright size-full wp-image-4195\" style=\"margin: 5px; float: right;\" src=\"https:\/\/yeni.maliyeokulu.org.tr\/wp-content\/uploads\/2006\/10\/MO-tpDamga-Logo.png\" alt=\"MO tpDamga Logo\" width=\"131\" height=\"111\" srcset=\"https:\/\/yeni.maliyeokulu.org.tr\/wp-content\/uploads\/2006\/10\/MO-tpDamga-Logo.png 536w, https:\/\/yeni.maliyeokulu.org.tr\/wp-content\/uploads\/2006\/10\/MO-tpDamga-Logo-300x254.png 300w\" sizes=\"(max-width: 131px) 100vw, 131px\" \/><span style=\"font-family: impact, chicago; font-size: 12pt;\">Ahmet Kaya&nbsp;<br \/><\/span><\/span><span style=\"font-family: impact, chicago; font-size: 12pt;\">Maliye Okulu Mezunlar\u0131 Derne\u011fi Genel Ba\u015fkan\u0131<\/span><\/p>\n<p><img fetchpriority=\"high\" decoding=\"async\" class=\" size-full wp-image-4933\" style=\"display: block; margin: 5px auto;\" src=\"https:\/\/yeni.maliyeokulu.org.tr\/wp-content\/uploads\/2019\/01\/2019-MOMDER_2-scaled.jpg\" alt=\"2019 MOMDER 2\" width=\"613\" height=\"860\" srcset=\"https:\/\/yeni.maliyeokulu.org.tr\/wp-content\/uploads\/2019\/01\/2019-MOMDER_2-scaled.jpg 1825w, https:\/\/yeni.maliyeokulu.org.tr\/wp-content\/uploads\/2019\/01\/2019-MOMDER_2-214x300.jpg 214w, https:\/\/yeni.maliyeokulu.org.tr\/wp-content\/uploads\/2019\/01\/2019-MOMDER_2-730x1024.jpg 730w, https:\/\/yeni.maliyeokulu.org.tr\/wp-content\/uploads\/2019\/01\/2019-MOMDER_2-768x1078.jpg 768w, https:\/\/yeni.maliyeokulu.org.tr\/wp-content\/uploads\/2019\/01\/2019-MOMDER_2-1095x1536.jpg 1095w, https:\/\/yeni.maliyeokulu.org.tr\/wp-content\/uploads\/2019\/01\/2019-MOMDER_2-1460x2048.jpg 1460w\" sizes=\"(max-width: 613px) 100vw, 613px\" \/><\/p>\n","protected":false},"excerpt":{"rendered":"<p>Yeni Y\u0131l\u0131n\u0131z Kutlu Olsun {youtube}Ae6NIq-cx7k{\/youtube} 2018 y\u0131l\u0131n\u0131, Kuzey Yar\u0131mk\u00fcreye yak\u0131\u015f\u0131r \u015fekilde, \u00fclkemizdeki kar ya\u011f\u0131\u015flar\u0131yla u\u011furluyoruz.K\u0131\u015f mevsiminin; bahara, topra\u011f\u0131n uyan\u0131\u015f\u0131na ta\u015f\u0131d\u0131\u011f\u0131 can suyudur kar.&nbsp; Yeni y\u0131la, mezunlar\u0131m\u0131z ad\u0131na, camiam\u0131z ad\u0131na, can suyu ta\u015f\u0131yacak birlikteli\u011fin yaratt\u0131\u011f\u0131 bir sinerji ile girdi\u011fimizi g\u00f6rmek bizi umutland\u0131r\u0131yor; yapaca\u011f\u0131m\u0131z etkinliklerde, hayata ge\u00e7irece\u011fimiz projelerde \u00e7al\u0131\u015fmalar\u0131m\u0131za \u015fevk kat\u0131yor.&nbsp; Maliye Okulu ad\u0131yla yeniden a\u00e7\u0131l\u0131\u015f\u0131m\u0131z\u0131n da [&hellip;]<\/p>\n","protected":false},"author":1,"featured_media":4195,"comment_status":"open","ping_status":"open","sticky":false,"template":"","format":"standard","meta":{"_eb_attr":"","_gspb_post_css":"","_crdt_document":"","footnotes":""},"categories":[121],"tags":[],"class_list":["post-4934","post","type-post","status-publish","format-standard","has-post-thumbnail","hentry","category-haber-arsivi"],"blocksy_meta":[],"_links":{"self":[{"href":"https:\/\/yeni.maliyeokulu.org.tr\/index.php?rest_route=\/wp\/v2\/posts\/4934","targetHints":{"allow":["GET"]}}],"collection":[{"href":"https:\/\/yeni.maliyeokulu.org.tr\/index.php?rest_route=\/wp\/v2\/posts"}],"about":[{"href":"https:\/\/yeni.maliyeokulu.org.tr\/index.php?rest_route=\/wp\/v2\/types\/post"}],"author":[{"embeddable":true,"href":"https:\/\/yeni.maliyeokulu.org.tr\/index.php?rest_route=\/wp\/v2\/users\/1"}],"replies":[{"embeddable":true,"href":"https:\/\/yeni.maliyeokulu.org.tr\/index.php?rest_route=%2Fwp%2Fv2%2Fcomments&post=4934"}],"version-history":[{"count":1,"href":"https:\/\/yeni.maliyeokulu.org.tr\/index.php?rest_route=\/wp\/v2\/posts\/4934\/revisions"}],"predecessor-version":[{"id":18325,"href":"https:\/\/yeni.maliyeokulu.org.tr\/index.php?rest_route=\/wp\/v2\/posts\/4934\/revisions\/18325"}],"wp:featuredmedia":[{"embeddable":true,"href":"https:\/\/yeni.maliyeokulu.org.tr\/index.php?rest_route=\/wp\/v2\/media\/4195"}],"wp:attachment":[{"href":"https:\/\/yeni.maliyeokulu.org.tr\/index.php?rest_route=%2Fwp%2Fv2%2Fmedia&parent=4934"}],"wp:term":[{"taxonomy":"category","embeddable":true,"href":"https:\/\/yeni.maliyeokulu.org.tr\/index.php?rest_route=%2Fwp%2Fv2%2Fcategories&post=4934"},{"taxonomy":"post_tag","embeddable":true,"href":"https:\/\/yeni.maliyeokulu.org.tr\/index.php?rest_route=%2Fwp%2Fv2%2Ftags&post=4934"}],"curies":[{"name":"wp","href":"https:\/\/api.w.org\/{rel}","templated":true}]}}